{"id":572595,"date":"2026-07-06T18:34:15","date_gmt":"2026-07-06T18:34:15","guid":{"rendered":"https:\/\/www.europesays.com\/it\/572595\/"},"modified":"2026-07-06T18:34:15","modified_gmt":"2026-07-06T18:34:15","slug":"sinner-quando-gioca-contro-struff-a-wimbledon-il-programma-di-martedi-7","status":"publish","type":"post","link":"https:\/\/www.europesays.com\/it\/572595\/","title":{"rendered":"Sinner, quando gioca contro Struff a Wimbledon: il programma di marted\u00ec 7"},"content":{"rendered":"<p>                                Il numero 1 del mondo torna in campo domani per i quarti dello Slam londinese<\/p>\n<p>\n                                                                    Pellegrino Dell&#8217;Anno\n                            <\/p>\n<p>                    6 luglio &#8211; 15:30  &#8211; MILANO<\/p>\n<p class=\"paragraph\" spellcheck=\"true\">Per la seconda volta in questo Wimbledon, e tra l&#8217;altro come ai quarti dello scorso anno contro Shelton, Jannik Sinner giocher\u00e0 sul Campo 1 e non sul Centre Court. L&#8217;azzurro, per il quinto anno di fila tra gli ultimi otto dei Championships, affronter\u00e0 Jan-Lennard Struff come primo match di giornata. I due scenderanno in campo alle 14 italiane, con il tedesco che per la prima volta in carriera giocher\u00e0 i quarti di finale in uno Slam. Ci sono tre precedenti, tutti vinti da Sinner, l&#8217;ultimo dei quali sull&#8217;erba. Era il 2024, all&#8217;Atp 500 di Halle (torneo poi vinto dal n.1 al mondo), con Struff che gioc\u00f2 una grandissima partita, perdendo solo al tie-break decisivo. <a href=\"https:\/\/www.gazzetta.it\/Tennis\/atp\/slam\/wimbledon\/05-07-2026\/sinner-mochizuki-live-wimbledon-in-campo-anche-djokovic-e-osaka.shtml?intcmp=hyperlink-articolo-gazit\" rel=\"nofollow noopener\" target=\"_blank\">Sinner<\/a> punta la terza semifinale in carriera qui, seconda stagionale in uno Slam. Ai quarti di finale in un Major ha perso cinque volte su quattordici disputate, ma sempre contro top 5. Struff arriva da n.74 Atp. La partita, come tutto il torneo, sar\u00e0 visibile su Sky Sport e in streaming su Now Tv.\u00a0<\/p>\n<p>    avversario\u2014 \u00a0<\/p>\n<p class=\"paragraph is-inline\" spellcheck=\"true\">Il vincitore di Sinner-Struff affronter\u00e0, in semifinale, uno tra Felix Auger-Aliassime e Novak Djokovic. Il n.3 e il n.7 del seeding, come previsto dal tabellone, si sfideranno ai quarti di finale. Il teatro sar\u00e0 il Centre Court dei Championships, come secondo match dalle 14.30, dunque intorno alle 16.30. Per il canadese si tratta del secondo quarto di finale in carriera a Wimbledon, dopo quello del 2021 perso contro Berrettini. Per Nole il quindicesimo, con l&#8217;unica sconfitta in una partita completata risalente al 2009, contro Tommy Haas. I precedenti sono 1-1, per quanto l&#8217;unica vittoria di Auger-Aliassime sia arrivata in Laver Cup, nel 2022. In ogni caso sia lui che Djokovic sono indietro negli scontri diretti con Sinner. Jannik \u00e8 avanti 5-2 sul canadese, 6-5 sul serbo.\u00a0<\/p>\n<p><a class=\"is-partner-link\" href=\"https:\/\/www.nowtv.it\/sport\/tennis\/wimbledon?dcmp=SPORT_SOCIAL_AW_PROS_Wimbledon_CairoRCS_Gazzetta_CTA&amp;ead-publisher=N1792338.340088CAIRORCSMEDIAS.P.&amp;ead-name=N1792338.340088CAIRORCSMEDIAS.P.-35025367&amp;ead-location=450176911&amp;ead-creative=249314339&amp;ead-creativetype=1x1&amp;dya=4b3d5\" rel=\"nofollow noopener\" target=\"_blank\">Guarda live tutte le partite di Wimbledon dal 29 giugno in esclusiva streaming su NOW! Attiva il Pass Sport da 19,99\u20ac al mese<\/a><\/p>\n<p>    programma\u2014 \u00a0<\/p>\n<p class=\"paragraph is-inline\" spellcheck=\"true\">Completano la giornata di singolare i due quarti femminili della parte alta. Ad aprire, alle 14.30, il Centre Court, sar\u00e0 il derby americano tra Jessica Pegula e Coco Gauff. La quarta e la settima testa di serie arrivano con percorsi diversi: Jess con il vento in poppa, e la concreta possibilit\u00e0 di sognare davvero uno Slam. Gauff, invece, senza aver sempre convinto \u00e8 comunque ai quarti, per la prima volta a Wimbledon. Consapevole anche lei dell&#8217;occasione ghiotta. Come lo sono Karolina Muchova e Naomi Osaka, che giocheranno sul Campo 1 dopo Sinner-Struff, alle 16.30 circa. La giapponese viene dalla vittoria sulla n.1 al mondo Sabalenka, la ceca sta bene fisicamente e sta interpretando un tennis elegante e bello da vedere. Chi uscir\u00e0 da questi due match si sfider\u00e0 in semifinale gioved\u00ec. Per tutte e quattro sarebbe la prima volta al penultimo atto di Wimbledon.<\/p>\n<p class=\"is-copyright\">\u00a9 RIPRODUZIONE RISERVATA<\/p>\n","protected":false},"excerpt":{"rendered":"Il numero 1 del mondo torna in campo domani per i quarti dello Slam londinese Pellegrino Dell&#8217;Anno 6&hellip;\n","protected":false},"author":3,"featured_media":572596,"comment_status":"","ping_status":"","sticky":false,"template":"","format":"standard","meta":{"footnotes":"","_share_on_mastodon":"0"},"categories":[1457],"tags":[7918,3432,7919,37521,37522,921,20221,1902,4753,25540,294856,13623,26568,1690,1426,41084,2250,1537,90,89,1894,1290,4426,13051,1924,366,315539,3423,245,244,134416,1273,1274],"class_list":["post-572595","post","type-post","status-publish","format-standard","has-post-thumbnail","category-tennis","tag-affrontera","tag-aliassime","tag-atp","tag-auger","tag-auger-aliassime","tag-campo","tag-canadese","tag-carriera","tag-centre","tag-centre-court","tag-championships","tag-court","tag-djokovic","tag-domani","tag-finale","tag-gauff","tag-giochera","tag-it","tag-italia","tag-italy","tag-match","tag-partita","tag-quarti","tag-quarti-finale","tag-semifinale","tag-sinner","tag-sinner-struff","tag-slam","tag-sport","tag-sports","tag-struff","tag-tennis","tag-wimbledon"],"share_on_mastodon":{"url":"https:\/\/pubeurope.com\/@it\/116874475340657636","error":""},"_links":{"self":[{"href":"https:\/\/www.europesays.com\/it\/wp-json\/wp\/v2\/posts\/572595","targetHints":{"allow":["GET"]}}],"collection":[{"href":"https:\/\/www.europesays.com\/it\/wp-json\/wp\/v2\/posts"}],"about":[{"href":"https:\/\/www.europesays.com\/it\/wp-json\/wp\/v2\/types\/post"}],"author":[{"embeddable":true,"href":"https:\/\/www.europesays.com\/it\/wp-json\/wp\/v2\/users\/3"}],"replies":[{"embeddable":true,"href":"https:\/\/www.europesays.com\/it\/wp-json\/wp\/v2\/comments?post=572595"}],"version-history":[{"count":0,"href":"https:\/\/www.europesays.com\/it\/wp-json\/wp\/v2\/posts\/572595\/revisions"}],"wp:featuredmedia":[{"embeddable":true,"href":"https:\/\/www.europesays.com\/it\/wp-json\/wp\/v2\/media\/572596"}],"wp:attachment":[{"href":"https:\/\/www.europesays.com\/it\/wp-json\/wp\/v2\/media?parent=572595"}],"wp:term":[{"taxonomy":"category","embeddable":true,"href":"https:\/\/www.europesays.com\/it\/wp-json\/wp\/v2\/categories?post=572595"},{"taxonomy":"post_tag","embeddable":true,"href":"https:\/\/www.europesays.com\/it\/wp-json\/wp\/v2\/tags?post=572595"}],"curies":[{"name":"wp","href":"https:\/\/api.w.org\/{rel}","templated":true}]}}