{"id":572810,"date":"2026-07-06T21:29:42","date_gmt":"2026-07-06T21:29:42","guid":{"rendered":"https:\/\/www.europesays.com\/it\/572810\/"},"modified":"2026-07-06T21:29:42","modified_gmt":"2026-07-06T21:29:42","slug":"i-film-da-vedere-a-luglio-2026","status":"publish","type":"post","link":"https:\/\/www.europesays.com\/it\/572810\/","title":{"rendered":"I film da vedere a luglio 2026"},"content":{"rendered":"<li>\n<p>Enola Holmes 3<br \/>\nPhilip Barantini<br \/>\nsu Netflix dal 1\u00b0 luglio<\/p>\n<p>Avrete riconosciuto un po\u2019 di nomi: il primo naturalmente \u00e8 quello della sorella minore non ufficiale di Sherlock Holmes, Enola Holmes, di nuovo interpretata da Millie Bobby Brown nel terzo capitolo della saga. Il secondo \u00e8 quello di Philip Barantini, regista della serie Adolescence. Il terzo, anche se nascosto, \u00e8 quello di Henry Cavill nei panni di Sherlock. Tutti insieme per l\u2019avventura che si preannuncia essere \u201cla pi\u00f9 pericolosa\u201d di quelle finora affrontate da Enola. Tutto comincia a Malta, dove la giovane detective si sposa con Lord Tewkesbury (Louis Partridge). Ma la pace matrimoniale \u00e8 interrotta dal rapimento del fratello. Star\u00e0 proprio a lei salvarlo, tra mille peripezie.<\/p>\n<\/li>\n<li>\n<p>Minions &amp; Monsters<br \/>\nPierre Coffin<br \/>\nal cinema dal 1\u00b0 luglio<\/p>\n<p>L\u2019ultima volta che avevamo incontrato i Minions era il 2024, nel quarto capitolo di Cattivissimo me. Ora li ritroviamo al cinema in una nuova, assurdamente vera avventura, che ci vuole raccontare la storia di come i buffi ometti gialli in salopette siano diventati\u2026 attori di Hollywood. E di come abbiano intercettato tutta una serie di bizzarri amici. O meglio, credevano che fossero amici. Invece si trattava di mostruose creature pronte a distruggere la Terra. Cos\u00ec, ancora una volta, ai Minions toccher\u00e0 rimboccarsi le maniche.<\/p>\n<\/li>\n<li>\n<p>Shiver \u2013 Il giorno degli squali<br \/>\nTommy Wirkola<br \/>\nal cinema dal 1\u00b0 luglio<\/p>\n<p>Una citt\u00e0 della costa statunitense, un uragano catastrofico: questa \u00e8 la situazione di partenza, per nulla confortevole, di un film che promette soltanto di alzare il livello di rischio e cardiopalma. L\u2019ira della natura far\u00e0 infatti innalzare il livello del mare, provocando un\u2019inondazione che porter\u00e0 con s\u00e9 un\u2019inaudita invasione di squali. Agli abitanti del posto toccher\u00e0 fare squadra, unendosi per mettersi in salvo dalla minaccia. Superando la tempesta e sfuggendo agli affamati predatori.<\/p>\n<\/li>\n<li>\n<p>Love Letters<br \/>\nAlice Douard<br \/>\nal cinema dal 2 luglio<\/p>\n<p>Tre donne, una famiglia, e il racconto di una maternit\u00e0 che sfida ogni convenzione e struttura. Secondo \u201clungo\u201d per la francese Alice Douard dopo il plauso dei C\u00e9sar per il cortometraggio L\u2019attente nel 2024. La storia \u00e8 quella dell\u2019amore tra due donne, C\u00e9line e Nadia (Emma Rumpf e la sempre incantevole Monia Chokri), e del loro percorso accidentato verso la genitorialit\u00e0. Una \u00e8 incinta della figlia che hanno desiderato insieme; l\u2019altra \u00e8 invischiata nei processi di adozione della nascitura. Per raggiungere l\u2019obiettivo, C\u00e9line dovr\u00e0 documentare il suo impegno verso la famiglia che sta costruendo con Nadia, raccogliendo le testimonianze di amici e parenti. Un film che non solo racconta di sentimenti, ma che riesce a criticare in modo puntuale e mai sguaiato un sistema che tratta gli individui come quote e stereotipi.<\/p>\n<\/li>\n<li>\n<p>La casa \u2013 Il rogo del male<br \/>\nS\u00e9bastien Vanicek<br \/>\nal cinema dall\u20198 luglio<\/p>\n<p>Nessun periodo migliore dell\u2019estate per l\u2019uscita del nuovo capitolo dell\u2019universo narrativo della Casa (in inglese, Evil Dead). Questa volta, \u00e8 ancora l\u2019ambiente della famiglia a essere messo a alla berlina, in una storia del terrore (e dell\u2019orrore) che mette in metafora il dolore della perdita e le difficolt\u00e0 nel proseguire la vita dopo la scomparsa delle persone che amiamo. Una donna cerca rifugio presso la casa dei suoceri dopo la morte del marito; questi per\u00f2 si trasformeranno progressivamente in demoni infernali, pronti a ricordarle che i voti espressi in vita sono indissolubili anche nell\u2019aldil\u00e0.<\/p>\n<\/li>\n<li>\n<p>L\u2019hangar rosso<br \/>\nJuan Pablo Stellato<br \/>\nal cinema dal 9 luglio<\/p>\n<p>Cile, 11 settembre 1973, colpo di Stato militare. Il capitano Jorge Silva, ex capo dell\u2019intelligence dell\u2019Aeronautica, riceve l\u2019ordine di trasformare l\u2019accademia in cui sta addestrando i cadetti in un centro di detenzione e tortura. Questo \u00e8 \u201cl\u2019hangar rosso\u201d da cui prende titolo il film di Juan Pablo Stellato, girato tra Cile, Argentina e Italia. Il racconto non \u00e8 solo quello delle efferatezze di quel momento storico, ma anche del dissidio interiore che Silva si trova a dover navigare, scisso tra l\u2019obbedienza al regime e il desiderio di opporsi e unirsi alla resistenza. Un racconto basato su fatti realmente accaduti.<\/p>\n<\/li>\n<li>\n<p>Odissea<br \/>\nChristopher Nolan<br \/>\nal cinema dal 16 luglio<\/p>\n<p>L\u2019attesissima trasposizione cronologica dell\u2019Odissea omerica firmata da Christopher Nolan, con un cast stellare in cui compaiono Matt Damon, Anne Hathaway, Tom Holland, Zendaya, Robert Pattinson, Charlize Theron, Lupita Nyong\u2019o, Jon Bernthal e tanti altri. Caduta Troia, lo scaltro Odisseo, interpretato da Damon, solca i mari per tornare alla natia Itaca. Incontrer\u00e0 le pericolose sirene, la maga Circe e i suoi appetiti, il ciclope Polifemo e infine i Proci, gli usurpatori del suo trono nell\u2019isola greca, che da anni tempestano la moglie Penelope (Anne Hathaway) affinch\u00e9 scelga tra di loro un nuovo consorte. Si preannuncia un grande spettacolo.<\/p>\n<\/li>\n<li>\n<p>Deep Water \u2013 Incubo dagli abissi<br \/>\nRenny Harlin<br \/>\nal cinema dal 23 luglio<\/p>\n<p>Dopo la Brat Summer, \u00e8 tempo di Shark Summer. Eh s\u00ec, perch\u00e9 il tema di quest\u2019anno, al cinema, sembra proprio essere il grande predatore degli abissi. E con Deep Water \u2013 Incubo dagli abissi il terrore raddoppia. La trama si mette in moto a partire da un disastro aereo, quando un volo di linea precipita nel Pacifico durante la tratta Los Angeles-Shanghai. I passeggeri sopravvivono, ma sono incastrati tra i resti dell\u2019aereo e attaccati dagli squali. Per salvarsi, dovranno imparare in fretta a giocare in squadra anche con perfetti sconosciuti\u2026 oppure, soccombere.<\/p>\n<\/li>\n<li>\n<p>Terapia di famiglia<br \/>\nArnaud Lemort<br \/>\nal cinema dal 23 luglio<\/p>\n<p>Che cosa fareste se foste uno psicologo e, durante una tranquilla vacanza di famiglia, scopriste che il nuovo ragazzo di vostra figlia \u00e8 un vostro paziente? E se, inoltre, sapeste che il ragazzo in questione ha un sacco di problemi, dall\u2019ipocondria alle tendenze suicide? Il regista Arnaud Lemort se lo chiede in questa commedia con protagonista il molto amato in Francia (ma non solo) Christian Clavier, noto soprattutto per la serie Non sposate le mie figlie!, innescando le classiche dinamiche da pi\u00e8ce degli equivoci. Nulla a che vedere con il Robert De Niro di Ti presento i miei, ma, come si dice, qualche volta e soprattutto in estate \u00e8 bello staccare la testa, e aspettarsi solamente di portarsi a casa qualche ottima risata.<\/p>\n<\/li>\n<li>\n<p>72 ore<br \/>\nTim Story<br \/>\nsu Netflix dal 24 luglio<\/p>\n<p>Kevin Hart \u00e8 il protagonista di questa commedia che parte dal presupposto che, forse, gli opposti davvero si attraggono, almeno quando si tratta di una vacanza folle per un addio al celibato. Il suo personaggio \u00e8 infatti un professionista quarantenne nel mezzo di una crisi di carriera. A un certo punto viene aggiunto per errore a una chat di gruppo con alcuni sconosciuti ventenni, e capisce che stanno organizzando l\u2019addio al celibato di un membro del loro gruppo. \u201cL\u2019intruso\u201d decider\u00e0 di seguire il flusso. E di provare a ribaltare la sua vita in tre giorni di follia. Nel cast anche uno dei beniamini del Saturday Night Live, Marcello Hern\u00e1ndez.<\/p>\n<\/li>\n<li>\n<p>Spider-Man: Brand New Day<br \/>\nDestin Daniel Cretton<br \/>\nal cinema dal 29 luglio<\/p>\n<p>Ambientato quattro anni dopo l\u2019ultimo capitolo dell\u2019iterazione della storia di Peter Parker con Tom Holland come protagonista,\u00a0Spider-Man: Brand New Day parte proprio dalla conclusione del film precedente, immergendoci in un mondo in cui nessuno si ricorda pi\u00f9 dell\u2019esistenza di Parker. Ora solo Spidey \u00e8 la realt\u00e0, isolato dalla sua vecchia vita per proteggere le persone che ama. Ma la comparsa di un nuovo misterioso supercattivo, capace di controllare le menti, metter\u00e0 il nostro amichevole eroe di quartiere alle strette, obbligandolo a tornare in pista. E a confrontarsi con schegge di passato. Nel cast anche Jon Bernthal nel ruolo di The Punisher, Zendaya come MJ e Sadie Sink.<\/p>\n<\/li>\n","protected":false},"excerpt":{"rendered":"Enola Holmes 3 Philip Barantini su Netflix dal 1\u00b0 luglio Avrete riconosciuto un po\u2019 di nomi: il primo&hellip;\n","protected":false},"author":3,"featured_media":572811,"comment_status":"","ping_status":"","sticky":false,"template":"","format":"standard","meta":{"footnotes":"","_share_on_mastodon":"0"},"categories":[1442],"tags":[315683,315684,230282,203,454,204,1537,90,89,315685,315686,313542,307247,1521,3166,16097,315687,27868,315688],"class_list":["post-572810","post","type-post","status-publish","format-standard","has-post-thumbnail","category-film","tag-72-ore","tag-deep-water-incubo-dagli-abissi","tag-enola-holmes","tag-entertainment","tag-film","tag-intrattenimento","tag-it","tag-italia","tag-italy","tag-lhangar-rosso","tag-la-casa-il-rogo-del-male","tag-love-letters","tag-minions-monsters","tag-movies","tag-netflix","tag-odissea","tag-shiver-il-giorno-degli-squali","tag-spider-man-brand-new-day","tag-terapia-di-famiglia"],"share_on_mastodon":{"url":"https:\/\/pubeurope.com\/@it\/116875163512258061","error":""},"_links":{"self":[{"href":"https:\/\/www.europesays.com\/it\/wp-json\/wp\/v2\/posts\/572810","targetHints":{"allow":["GET"]}}],"collection":[{"href":"https:\/\/www.europesays.com\/it\/wp-json\/wp\/v2\/posts"}],"about":[{"href":"https:\/\/www.europesays.com\/it\/wp-json\/wp\/v2\/types\/post"}],"author":[{"embeddable":true,"href":"https:\/\/www.europesays.com\/it\/wp-json\/wp\/v2\/users\/3"}],"replies":[{"embeddable":true,"href":"https:\/\/www.europesays.com\/it\/wp-json\/wp\/v2\/comments?post=572810"}],"version-history":[{"count":0,"href":"https:\/\/www.europesays.com\/it\/wp-json\/wp\/v2\/posts\/572810\/revisions"}],"wp:featuredmedia":[{"embeddable":true,"href":"https:\/\/www.europesays.com\/it\/wp-json\/wp\/v2\/media\/572811"}],"wp:attachment":[{"href":"https:\/\/www.europesays.com\/it\/wp-json\/wp\/v2\/media?parent=572810"}],"wp:term":[{"taxonomy":"category","embeddable":true,"href":"https:\/\/www.europesays.com\/it\/wp-json\/wp\/v2\/categories?post=572810"},{"taxonomy":"post_tag","embeddable":true,"href":"https:\/\/www.europesays.com\/it\/wp-json\/wp\/v2\/tags?post=572810"}],"curies":[{"name":"wp","href":"https:\/\/api.w.org\/{rel}","templated":true}]}}