{"id":57301,"date":"2025-08-20T01:52:16","date_gmt":"2025-08-20T01:52:16","guid":{"rendered":"https:\/\/www.europesays.com\/it\/57301\/"},"modified":"2025-08-20T01:52:16","modified_gmt":"2025-08-20T01:52:16","slug":"obiettivo-entrare-tra-i-migliori-team-del-mondo","status":"publish","type":"post","link":"https:\/\/www.europesays.com\/it\/57301\/","title":{"rendered":"OBIETTIVO, ENTRARE TRA I MIGLIORI TEAM DEL MONDO"},"content":{"rendered":"<p>            <a class=\"category\" href=\"https:\/\/www.tuttobiciweb.it\/articles\/category\/DONNE\" itemprop=\"about\" rel=\"nofollow noopener\" target=\"_blank\">DONNE<\/a> | 19\/08\/2025 | 08:21<br \/>\n            <a class=\"author\" href=\"https:\/\/www.tuttobiciweb.it\/articles\/author\/Benjamin%20Le%20Goff\" rel=\"nofollow noopener\" target=\"_blank\">di Benjamin Le Goff<\/a><\/p>\n<p><strong>Magnus B\u00e4ckstedt<\/strong> sar\u00e0 il nuovo direttore sportivo del<strong> team Human Powered Health<\/strong>: un passo importante per la formazione statunitense che ha appena firmato un contratto triennale con lo sponsor e punta a diventare uno dei top team del mondo. \u00abQuesto \u00e8 un progetto in crescita, ed \u00e8 questo che mi entusiasma &#8211; spiega B\u00e4ckstedt -. \u00c8 il momento perfetto per aiutare la squadra a raggiungere i suoi obiettivi\u00bb.\n            <\/p>\n<p>\u00abSiamo orgogliosi di dare il benvenuto a Magnus &#8211; ha dichiarato Ro De Jonckere, Direttore Generale del team -. Porta con s\u00e9 una grande esperienza, sia come corridore che nella gestione di squadre femminili di alto livello. Con il rinnovato supporto di Human Powered Health, stiamo procedendo verso il nostro obiettivo di essere tra le migliori squadre al mondo entro il 2028. L&#8217;esperienza e la passione di Magnus saranno elementi chiave in questo percorso\u00bb.\n            <\/p>\n<p><a href=\"https:\/\/www.tuttobiciweb.it\/article\/2025\/08\/19\/1755552735\/cycling-human-powered-health-magnus-bA\ufffdckstedt-professional-team?lang=en\" rel=\"nofollow noopener\" target=\"_blank\"><img decoding=\"async\" src=\"https:\/\/www.europesays.com\/it\/wp-content\/uploads\/2025\/07\/enver.png\"\/><\/a><\/p>\n<p>Copyright &amp;copy TBW<\/p>\n","protected":false},"excerpt":{"rendered":"DONNE | 19\/08\/2025 | 08:21 di Benjamin Le Goff Magnus B\u00e4ckstedt sar\u00e0 il nuovo direttore sportivo del team&hellip;\n","protected":false},"author":3,"featured_media":57302,"comment_status":"","ping_status":"","sticky":false,"template":"","format":"standard","meta":{"footnotes":"","_share_on_mastodon":"0"},"categories":[1456],"tags":[1824,1825,33692,1537,90,89,46475,245,244,46476],"class_list":["post-57301","post","type-post","status-publish","format-standard","has-post-thumbnail","category-ciclismo","tag-ciclismo","tag-cycling","tag-human-powered-health","tag-it","tag-italia","tag-italy","tag-magnus-backstedt","tag-sport","tag-sports","tag-team-professionistico"],"share_on_mastodon":{"url":"","error":""},"_links":{"self":[{"href":"https:\/\/www.europesays.com\/it\/wp-json\/wp\/v2\/posts\/57301","targetHints":{"allow":["GET"]}}],"collection":[{"href":"https:\/\/www.europesays.com\/it\/wp-json\/wp\/v2\/posts"}],"about":[{"href":"https:\/\/www.europesays.com\/it\/wp-json\/wp\/v2\/types\/post"}],"author":[{"embeddable":true,"href":"https:\/\/www.europesays.com\/it\/wp-json\/wp\/v2\/users\/3"}],"replies":[{"embeddable":true,"href":"https:\/\/www.europesays.com\/it\/wp-json\/wp\/v2\/comments?post=57301"}],"version-history":[{"count":0,"href":"https:\/\/www.europesays.com\/it\/wp-json\/wp\/v2\/posts\/57301\/revisions"}],"wp:featuredmedia":[{"embeddable":true,"href":"https:\/\/www.europesays.com\/it\/wp-json\/wp\/v2\/media\/57302"}],"wp:attachment":[{"href":"https:\/\/www.europesays.com\/it\/wp-json\/wp\/v2\/media?parent=57301"}],"wp:term":[{"taxonomy":"category","embeddable":true,"href":"https:\/\/www.europesays.com\/it\/wp-json\/wp\/v2\/categories?post=57301"},{"taxonomy":"post_tag","embeddable":true,"href":"https:\/\/www.europesays.com\/it\/wp-json\/wp\/v2\/tags?post=57301"}],"curies":[{"name":"wp","href":"https:\/\/api.w.org\/{rel}","templated":true}]}}