{"id":573021,"date":"2026-07-07T01:00:16","date_gmt":"2026-07-07T01:00:16","guid":{"rendered":"https:\/\/www.europesays.com\/it\/573021\/"},"modified":"2026-07-07T01:00:16","modified_gmt":"2026-07-07T01:00:16","slug":"jones-inter-non-e-finita-linglese-del-liverpool-primo-obiettivo-a-centrocampo","status":"publish","type":"post","link":"https:\/\/www.europesays.com\/it\/573021\/","title":{"rendered":"Jones-Inter, non \u00e8 finita: l&#8217;inglese del Liverpool primo obiettivo a centrocampo"},"content":{"rendered":"<p>                                Il tecnico apprezza moltissimo l&#8217;inglese per una serie di caratteristiche tecniche che oggi mancano nel centrocampo nerazzurro. Una volta trovato l&#8217;accordo con il SG per l&#8217;esterno i dirigenti interisti torneranno a lavorare per convincere gli inglesi<\/p>\n<p class=\"paragraph\" spellcheck=\"true\">Un mesetto e mezzo fa, Curtis Jones aveva salutato Liverpool scrivendo un riassunto. Non letteralmente, come spesso capita quando le strade di un calciatore e di un club si separano, ma metaforicamente s\u00ec. Perch\u00e9 in quella che l&#8217;inglese aveva immaginato come la sua ultima partita ad Anfield Road dopo una vita in Red, Jones aveva sintetizzato tutte le caratteristiche tecnico-tattiche che hanno fatto innamorare l&#8217;Inter di lui: contro il Brentford nell&#8217;ultima giornata di campionato era stato schierato inizialmente terzino, si \u00e8 spesso alzato verso la zona del centrocampo e ha trovato pure il gol del momentaneo 1-0 con un inserimento da attaccante. Avrebbe dovuto essere la sfilata finale di diversi mostri sacri del Liverpool come Salah, Robertson o Konat\u00e9 &#8211; loro davvero all&#8217;ultima presenza ad Anfield perch\u00e9 tutti in scadenza di contratto -, ma per un attimo la scena se l&#8217;\u00e8 presa tutta Curtis Jones. Che non ha esultato dopo il gol e ha preferito lasciare la scena agli altri, consapevole per\u00f2 che quella avrebbe davvero potuto essere la sua ultima rete a casa. Perch\u00e9 l&#8217;Inter aveva inserito il suo nome nella lista dei preferiti gi\u00e0 all&#8217;epoca e nonostante la pista si sia un po&#8217; raffreddata nelle ultime settimane resiste sempre l\u00ec, davanti a tutti per il centrocampo del futuro, grazie ad una serie di caratteristiche precise che lo rendono il favorito in assoluto.\u00a0<\/p>\n<p><a class=\"is-partner-link\" href=\"https:\/\/aipredictor.gazzetta.it\/?intcmp=calciomercato\" rel=\"nofollow noopener\" target=\"_blank\">Promo Mondiale 1\u20ac al mese per 3 mesi &#8211; Scopri chi vince con Gazzetta AI Predictor!<\/a><\/p>\n<p>        primo della lista\u2014 \u00a0<\/p>\n<p class=\"paragraph\" spellcheck=\"true\">L&#8217;Inter non ha mai mollato la presa su Jones. Sa bene che un po&#8217; di attendismo potrebbe essere la strategia migliore da seguire, considerando la ferma volont\u00e0 del centrocampista di trasferirsi a Milano e il contratto in scadenza ormai tra meno di un anno, il 30 giugno del 2027. La dirigenza nerazzurra ha soltanto messo in pausa il film di una trattativa che era partita gi\u00e0 nel gennaio scorso, si \u00e8 interrotta nuovamente un paio di settimane fa circa ma \u00e8 comunque destinata a ripartire. Perch\u00e9 Jones ha esattamente le caratteristiche che ad oggi latitano tra i centrocampisti gi\u00e0 presenti in rosa (certamente non inferiori, ma diversi) ed \u00e8 ci\u00f2 che ha convinto pure Cristian Chivu che l&#8217;aggiunta perfetta da fare al reparto nevralgico nerazzurro corrisponda precisamente al profilo dell&#8217;inglese. Oggi l&#8217;attenzione di Marotta ed Ausilio \u00e8 concentrata pi\u00f9 sull&#8217;urgenza di sistemare la fascia destra e concludere la trattativa con l&#8217;Union Saint-Gilloise per l&#8217;israeliano Khalaili, ma subito dopo torner\u00e0 a spostarsi su Jones. Un centrocampista moderno, capace di adattarsi ad ogni situazione e ad ogni ruolo con la massima applicazione e un&#8217;ottima resa in qualsiasi zona, che si tratti della corsia bassa, alta, del centro o della trequarti. Un profilo tecnico ma capace di reggere contro avversari pi\u00f9 strutturati anche sul piano fisico, abile negli strappi e negli inserimenti. Ecco perch\u00e9 l&#8217;Inter lo considera il &#8220;top target&#8221; da regalare a Cristian Chivu, che ha espresso una netta preferenza per l&#8217;inglese rispetto ad altre candidature nel mezzo.\u00a0<\/p>\n<p class=\"is-copyright\">\u00a9 RIPRODUZIONE RISERVATA<\/p>\n","protected":false},"excerpt":{"rendered":"Il tecnico apprezza moltissimo l&#8217;inglese per una serie di caratteristiche tecniche che oggi mancano nel centrocampo nerazzurro. Una&hellip;\n","protected":false},"author":3,"featured_media":573022,"comment_status":"","ping_status":"","sticky":false,"template":"","format":"standard","meta":{"footnotes":"","_share_on_mastodon":"0"},"categories":[1452],"tags":[42822,721,8624,23885,3153,7204,2839,6693,16840,16841,10638,194828,1278,2391,1740,1976,1570,350,1537,90,89,4798,192610,113,3978,8392,1290,2717,1438,2986,1821,1739,245,244,3375,2199],"class_list":["post-573021","post","type-post","status-publish","format-standard","has-post-thumbnail","category-calcio","tag-anfield","tag-calcio","tag-capace","tag-caratteristiche","tag-centrocampista","tag-centrocampo","tag-chivu","tag-contratto","tag-cristian","tag-cristian-chivu","tag-curtis","tag-curtis-jones","tag-davvero","tag-diversi","tag-football","tag-gol","tag-inglese","tag-inter","tag-it","tag-italia","tag-italy","tag-jones","tag-khalaili","tag-lista","tag-liverpool","tag-nerazzurro","tag-partita","tag-profilo","tag-scadenza","tag-scena","tag-serie","tag-soccer","tag-sport","tag-sports","tag-tecnico","tag-ultima"],"share_on_mastodon":{"url":"https:\/\/pubeurope.com\/@it\/116875993491207395","error":""},"_links":{"self":[{"href":"https:\/\/www.europesays.com\/it\/wp-json\/wp\/v2\/posts\/573021","targetHints":{"allow":["GET"]}}],"collection":[{"href":"https:\/\/www.europesays.com\/it\/wp-json\/wp\/v2\/posts"}],"about":[{"href":"https:\/\/www.europesays.com\/it\/wp-json\/wp\/v2\/types\/post"}],"author":[{"embeddable":true,"href":"https:\/\/www.europesays.com\/it\/wp-json\/wp\/v2\/users\/3"}],"replies":[{"embeddable":true,"href":"https:\/\/www.europesays.com\/it\/wp-json\/wp\/v2\/comments?post=573021"}],"version-history":[{"count":0,"href":"https:\/\/www.europesays.com\/it\/wp-json\/wp\/v2\/posts\/573021\/revisions"}],"wp:featuredmedia":[{"embeddable":true,"href":"https:\/\/www.europesays.com\/it\/wp-json\/wp\/v2\/media\/573022"}],"wp:attachment":[{"href":"https:\/\/www.europesays.com\/it\/wp-json\/wp\/v2\/media?parent=573021"}],"wp:term":[{"taxonomy":"category","embeddable":true,"href":"https:\/\/www.europesays.com\/it\/wp-json\/wp\/v2\/categories?post=573021"},{"taxonomy":"post_tag","embeddable":true,"href":"https:\/\/www.europesays.com\/it\/wp-json\/wp\/v2\/tags?post=573021"}],"curies":[{"name":"wp","href":"https:\/\/api.w.org\/{rel}","templated":true}]}}