{"id":573036,"date":"2026-07-07T01:12:22","date_gmt":"2026-07-07T01:12:22","guid":{"rendered":"https:\/\/www.europesays.com\/it\/573036\/"},"modified":"2026-07-07T01:12:22","modified_gmt":"2026-07-07T01:12:22","slug":"amoris-laetitia-pubblicato-il-documento-di-preparazione-dellincontro-di-ottobre-2026","status":"publish","type":"post","link":"https:\/\/www.europesays.com\/it\/573036\/","title":{"rendered":"Amoris laetitia, pubblicato il documento di preparazione dell&#8217;Incontro di ottobre 2026"},"content":{"rendered":"<p>Il Dicastero per i Laici, la Famiglia e la Vita e la Segreteria Generale del Sinodo pubblicano il Percorso tematico, strumento di preparazione e animazione dell&#8217;Incontro che Leone XIV ha convocato in Vaticano dal 7 al 14 ottobre con i capi delle Chiese Orientali Cattoliche e i presidenti delle Conferenze Episcopali in occasione dei dieci anni della esortazione apostolica di Papa Francesco<\/p>\n<p><b>Vatican News<\/b><\/p>\n<p>\u00c8 stato inviato ai capi delle Chiese Cattoliche Orientali sui iuris e ai presidenti delle Conferenze Episcopali, ed \u00e8 reso pubblico oggi, il Percorso tematico, il documento che prepara e accompagna i lavori dell&#8217;Incontro che Papa Leone XIV terr\u00e0 con loro in Vaticano dal 7 al 14 ottobre 2026. L&#8217;Incontro era stato annunciato dal Papa con il Messaggio del 19 marzo 2026, in occasione del decimo anniversario di\u00a0<a href=\"https:\/\/www.vatican.va\/content\/francesco\/it\/apost_exhortations\/documents\/papa-francesco_esortazione-ap_20160319_amoris-laetitia.html\" target=\"_blank\" rel=\"external nofollow noopener\"><b>Amoris laetitia, l&#8217;esortazione apostolica post-sinodale<\/b><\/a> pubblicata il 19 marzo 2016 da Francesco, frutto di un cammino di discernimento sinodale durato tre anni e con al centro la III Assemblea Generale Straordinaria del Sinodo dei Vescovi (2014) e la XIV Assemblea Generale Ordinaria del Sinodo dei Vescovi (2015).<\/p>\n<p>Ascolto reciproco e discerniento sinodale <\/p>\n<p>Prendendo atto dei cambiamenti che continuano a influenzare le famiglie, Papa Leone ha espresso l&#8217;intento di &#8220;procedere, nell&#8217;ascolto reciproco, a un discernimento sinodale sui passi da compiere per annunciare il Vangelo alle famiglie oggi, alla luce di Amoris laetitia e tenendo conto di quanto si sta realizzando nelle Chiese locali&#8221;. A conclusione del recente Concistoro straordinario, lo scorso 27 giugno, Papa Leone XIV \u00e8 tornato sul tema della famiglia: &#8220;L\u00e0 dove essa \u00e8 sostenuta e accompagnata, cresce una scuola di relazioni, di solidariet\u00e0 e di speranza; l\u00e0 dove \u00e8 ferita o isolata, tutta la societ\u00e0 ne porta le conseguenze&#8221;. Nella stessa occasione ha annunciato che all&#8217;Incontro parteciperanno anche alcune famiglie, chiamate a condividere la propria esperienza: \u00abLa loro presenza \u00e8 essenziale, per\u00f2 spero che tutti coloro che verranno si preparino ascoltando da vicino e portando l&#8217;esperienza delle famiglie delle loro Chiese&#8221;.<\/p>\n<p>Spazio reale di incontro <\/p>\n<p>A Roma, i vescovi di tutto il mondo saranno invitati a confrontarsi sui temi indicati dal Percorso tematico e ad ascoltarsi l\u2019un l\u2019altro, per poi rilanciare, nelle proprie Chiese locali e insieme alle famiglie, un\u2019azione pastorale condivisa a favore della famiglia, della vita umana e della vocazione al matrimonio. Infatti, i giorni di lavoro intendono configurarsi come uno spazio reale di incontro, di ascolto e di discernimento: accogliendo le esperienze vive delle famiglie, condividendo racconti concreti di vita, riflettendo sulle iniziative di accompagnamento che la comunit\u00e0 ecclesiale sta mettendo in atto e confrontandosi con esperti. In questo senso, le Conferenze Episcopali e le Chiese Cattoliche Orientali sono invitate a riflettere sui nuclei tematici gi\u00e0 nei mesi che precedono l&#8217;incontro, valorizzando l&#8217;ascolto delle famiglie delle Chiese locali.<\/p>\n<p>\u00c8 un percorso, quindi, eminentemente pastorale, che pone al centro le famiglie non soltanto come destinatarie dell&#8217;azione della Chiesa, ma come soggetti della sua missione, attraverso i quali il Vangelo prende forma nelle relazioni quotidiane, nelle scelte, nella fragilit\u00e0 e nella speranza. L\u2019incontro, pur non essendo un\u2019Assemblea del Sinodo dei Vescovi, si svolger\u00e0 in stile sinodale perch\u00e9 &#8211; come Papa Leone XIV ha indicato a chiusura del Concistoro \u2014 condivide lo spirito del percorso di attuazione del Sinodo, fatto di ascolto, preghiera e discernimento.<\/p>\n<p>I temi <\/p>\n<p>Cinque i nuclei tematici proposti alla riflessione dei partecipanti, prima e durante l&#8217;Incontro:<\/p>\n<p>1. Le famiglie oggi: realt\u00e0, bellezza e sfide \u2014 Discernere i segni dei tempi a partire dall&#8217;esperienza delle famiglie e dall&#8217;impegno della Chiesa oggi.<\/p>\n<p>2. I giovani e la scoperta della vocazione matrimoniale \u2014 Ascoltare i giovani e accompagnarli nella scoperta del valore del matrimonio.<\/p>\n<p>3. La vita matrimoniale. I primi anni di matrimonio: un tempo decisivo \u2014 Ascoltare e accompagnare le coppie nei primi anni di vita matrimoniale e in ogni tappa della vita.<\/p>\n<p>4. Nelle difficolt\u00e0 della vita: accompagnare e sostenere \u2014 Camminare con le famiglie in situazioni complesse.<\/p>\n<p>5. Le famiglie cristiane, soggetti della missione della Chiesa \u2014 Accogliere l&#8217;amore coniugale e familiare come impulso alla missione.<\/p>\n<p>Il Percorso tematico \u00e8 disponibile su <a href=\"https:\/\/www.laityfamilylife.va\/content\/dam\/laityfamilylife\/Eventi\/10AmorisLaetitia2026\/IT_IncontroAmorisLaetitia2026_PERCORSOTEMATICO.pdf\" target=\"_blank\" rel=\"external nofollow noopener\">https:\/\/www.laityfamilylife.va\/<\/a> e su <a href=\"https:\/\/www.synod.va\/it\/documenti\/amoris-laetitia-percorso-tematico.html\" target=\"_blank\" rel=\"external nofollow noopener\">https:\/\/www.synod.va<\/a> in diverse lingue.<\/p>\n<p>\u00a0<\/p>\n","protected":false},"excerpt":{"rendered":"Il Dicastero per i Laici, la Famiglia e la Vita e la Segreteria Generale del Sinodo pubblicano il&hellip;\n","protected":false},"author":3,"featured_media":573037,"comment_status":"","ping_status":"","sticky":false,"template":"","format":"standard","meta":{"footnotes":"","_share_on_mastodon":"0"},"categories":[160],"tags":[315787,1059,134028,131579,14,164,165,35197,1909,166,7,15,1356,1358,1327,119327,11,167,12,168,1329,161,162,163],"class_list":["post-573036","post","type-post","status-publish","format-standard","has-post-thumbnail","category-mondo","tag-amoris-laetitia","tag-chiesa-cattolica","tag-chiese-orientali","tag-conferenza-episcopale","tag-cronaca","tag-dal-mondo","tag-dalmondo","tag-dicastero","tag-famiglia","tag-mondo","tag-news","tag-notizie","tag-papa-francesco","tag-papa-leone-xiv","tag-santa-sede","tag-sinodo","tag-ultime-notizie","tag-ultime-notizie-di-mondo","tag-ultimenotizie","tag-ultimenotiziedimondo","tag-vaticano","tag-world","tag-world-news","tag-worldnews"],"share_on_mastodon":{"url":"https:\/\/pubeurope.com\/@it\/116876040433104289","error":""},"_links":{"self":[{"href":"https:\/\/www.europesays.com\/it\/wp-json\/wp\/v2\/posts\/573036","targetHints":{"allow":["GET"]}}],"collection":[{"href":"https:\/\/www.europesays.com\/it\/wp-json\/wp\/v2\/posts"}],"about":[{"href":"https:\/\/www.europesays.com\/it\/wp-json\/wp\/v2\/types\/post"}],"author":[{"embeddable":true,"href":"https:\/\/www.europesays.com\/it\/wp-json\/wp\/v2\/users\/3"}],"replies":[{"embeddable":true,"href":"https:\/\/www.europesays.com\/it\/wp-json\/wp\/v2\/comments?post=573036"}],"version-history":[{"count":0,"href":"https:\/\/www.europesays.com\/it\/wp-json\/wp\/v2\/posts\/573036\/revisions"}],"wp:featuredmedia":[{"embeddable":true,"href":"https:\/\/www.europesays.com\/it\/wp-json\/wp\/v2\/media\/573037"}],"wp:attachment":[{"href":"https:\/\/www.europesays.com\/it\/wp-json\/wp\/v2\/media?parent=573036"}],"wp:term":[{"taxonomy":"category","embeddable":true,"href":"https:\/\/www.europesays.com\/it\/wp-json\/wp\/v2\/categories?post=573036"},{"taxonomy":"post_tag","embeddable":true,"href":"https:\/\/www.europesays.com\/it\/wp-json\/wp\/v2\/tags?post=573036"}],"curies":[{"name":"wp","href":"https:\/\/api.w.org\/{rel}","templated":true}]}}