{"id":573290,"date":"2026-07-07T06:15:22","date_gmt":"2026-07-07T06:15:22","guid":{"rendered":"https:\/\/www.europesays.com\/it\/573290\/"},"modified":"2026-07-07T06:15:22","modified_gmt":"2026-07-07T06:15:22","slug":"multe-e-tasse-cartelle-fiscali-e-pignoramenti-fermi-ad-agosto-ma-con-alcune-eccezioni","status":"publish","type":"post","link":"https:\/\/www.europesays.com\/it\/573290\/","title":{"rendered":"Multe e tasse, cartelle fiscali e pignoramenti fermi ad agosto ma con alcune eccezioni"},"content":{"rendered":"<p>\u00c8 estate anche per il <strong>Fisco<\/strong>. Ma, soprattutto, l\u2019<strong>Agenzia delle Entrate-Riscossione<\/strong> ha deciso di permettere ai cittadini di godersi tranquillamente le ferie estive senza dover pensare al <strong>pagamento<\/strong> di <strong>multe<\/strong> o <strong>tasse<\/strong>.<\/p>\n<p>L\u2019Agenzia ha infatti annunciato la <strong>sospensione delle notifiche<\/strong> di minore entit\u00e0 in gran parte del mese di <strong>agosto<\/strong> con l\u2019obiettivo di evitare disagi ai contribuenti e ai professionisti che li assistono.\n<\/p>\n<p>Stop notifiche di multe e tasse in estate<\/p>\n<p>L\u2019iniziativa riguarda la normale attivit\u00e0 di riscossione mentre restano invece <strong>esclusi<\/strong> dalla sospensione gli <strong>atti<\/strong> che <strong>non possono essere rinviati<\/strong> per ragioni di legge, come quelli interessati da termini di prescrizione imminenti o da procedimenti con rilievo penale.<\/p>\n<p>L\u2019Agenzia delle Entrate-Riscossione deve ancora ufficializzare il calendario definitivo della sospensione.\u00a0L\u2019ipotesi attualmente presa in considerazione prevede uno stop delle notifiche nelle due settimane centrali di agosto, indicativamente dall\u20198 al 22 agosto, ma la conferma delle date dovrebbe arrivare nei prossimi giorni.\u00a0Fino ad allora continua la normale attivit\u00e0 amministrativa.<\/p>\n<p>Le eccezioni<\/p>\n<p>La sospensione non riguarder\u00e0 tutti gli atti, come detto: continueranno infatti a essere notificati quelli che, in caso di rinvio, rischierebbero di decadere per effetto della prescrizione oppure quelli collegati a procedimenti con rilevanza penale. In queste situazioni l\u2019Amministrazione potr\u00e0 proseguire regolarmente con le notifiche.<\/p>\n<p>Altre sospensioni estive<\/p>\n<p>Accanto allo stop delle notifiche disposto dall\u2019Agenzia delle Entrate-Riscossione, la normativa fiscale gi\u00e0 prevede alcune sospensioni estive.<\/p>\n<p>Tra il 1\u00b0 e il 20 agosto gli <strong>adempimenti<\/strong> e i <strong>versamenti fiscali in scadenza<\/strong> possono essere effettuati entro il 20 agosto senza sanzioni n\u00e9 interessi nei casi previsti dalla legge.<\/p>\n<p>Sono inoltre previste specifiche sospensioni per l\u2019invio degli <strong>avvisi bonari<\/strong> e, in determinate situazioni disciplinate dalla normativa vigente, per alcuni termini di pagamento e per la trasmissione di documentazione richiesta ai contribuenti. Restano comunque escluse le ipotesi considerate <strong>urgenti<\/strong> dalla legge.<\/p>\n<p>Che succede alla rottamazione quinquies in estate<\/p>\n<p>No, con sommo dispiacere dei debitori la <a href=\"https:\/\/quifinanza.it\/fisco-tasse\/rottamazione-quinquies-proroga-comuni-31-luglio\/1005285\/\" rel=\"nofollow noopener\" target=\"_blank\">rottamazione quinquies<\/a> delle cartelle esattoriali non va in vacanza in estate. Infatti il <strong>31 luglio<\/strong> coincide con il giorno in cui il contribuente pu\u00f2 scegliere se <strong>pagare in un\u2019unica soluzione<\/strong>.<\/p>\n<p>Ma il 31 luglio \u00e8 una data importantissima anche per chi dovesse optare per il pagamento rateale: in quel giorno, infatti, cade il pagamento della prima rata. Questo il calendario completo per i pagamenti dilazionati relativamente alla <strong>prima<\/strong>, seconda e terza <strong>rata<\/strong>: <strong>31 luglio 2026<\/strong>, 30 settembre 2026 e 30 novembre 2026.<\/p>\n<p>Mentre dalla quarta alla cinquantunesima rata, i giorni da segnare in rosso sul calendario sono il 31 gennaio, il 31 marzo, il 31 maggio, il 31 luglio, il 30 settembre e il 30 novembre di ciascun anno a decorrere dal 2027.<\/p>\n<p>E dalla cinquantaduesima alla cinquantaquattresima rata, rispettivamente, il 31 gennaio 2035, il 31 marzo 2035 e il 31 maggio 2035.<\/p>\n<p>Smentita una fake news fiscale<\/p>\n<p>E insieme all\u2019annuncio della sospensione per <a href=\"https:\/\/quifinanza.it\/info-utili\/truffa-sms-false-multe-bologna\/1004458\/\" rel=\"nofollow noopener\" target=\"_blank\">multe<\/a> e tasse, l\u2019Agenzia delle Entrate \u00e8 intervenuta per <strong>smentire<\/strong> una <strong>fake news<\/strong>. Quella, cio\u00e8, circolante nelle ultime settimane che parlava di un presunto aumento delle notifiche di cartelle di pagamento e di atti di pignoramento: secondo quanto precisato, non \u00e8 stato registrato alcun picco di attivit\u00e0. Le notifiche effettuate rientrano nella normale operativit\u00e0 e risultano in linea con quelle dello stesso periodo dell\u2019anno scorso.<\/p>\n","protected":false},"excerpt":{"rendered":"\u00c8 estate anche per il Fisco. Ma, soprattutto, l\u2019Agenzia delle Entrate-Riscossione ha deciso di permettere ai cittadini di&hellip;\n","protected":false},"author":3,"featured_media":573291,"comment_status":"","ping_status":"","sticky":false,"template":"","format":"standard","meta":{"footnotes":"","_share_on_mastodon":"0"},"categories":[6],"tags":[17,14,16,8,1537,90,89,20414,7,15,82,9,83,10,32919,13,11,80,84,12,81,85],"class_list":["post-573290","post","type-post","status-publish","format-standard","has-post-thumbnail","category-ultime-notizie","tag-agenzia-delle-entrate","tag-cronaca","tag-fisco-e-tasse","tag-headlines","tag-it","tag-italia","tag-italy","tag-multe","tag-news","tag-notizie","tag-notizie-di-cronaca","tag-notizie-principali","tag-notiziedicronaca","tag-notizieprincipali","tag-tasse-e-contributi","tag-titoli","tag-ultime-notizie","tag-ultime-notizie-di-cronaca","tag-ultime-notizie-e-news-di-oggi","tag-ultimenotizie","tag-ultimenotiziedicronaca","tag-ultimenotizieenewsdioggi"],"share_on_mastodon":{"url":"https:\/\/pubeurope.com\/@it\/116877231870058593","error":""},"_links":{"self":[{"href":"https:\/\/www.europesays.com\/it\/wp-json\/wp\/v2\/posts\/573290","targetHints":{"allow":["GET"]}}],"collection":[{"href":"https:\/\/www.europesays.com\/it\/wp-json\/wp\/v2\/posts"}],"about":[{"href":"https:\/\/www.europesays.com\/it\/wp-json\/wp\/v2\/types\/post"}],"author":[{"embeddable":true,"href":"https:\/\/www.europesays.com\/it\/wp-json\/wp\/v2\/users\/3"}],"replies":[{"embeddable":true,"href":"https:\/\/www.europesays.com\/it\/wp-json\/wp\/v2\/comments?post=573290"}],"version-history":[{"count":0,"href":"https:\/\/www.europesays.com\/it\/wp-json\/wp\/v2\/posts\/573290\/revisions"}],"wp:featuredmedia":[{"embeddable":true,"href":"https:\/\/www.europesays.com\/it\/wp-json\/wp\/v2\/media\/573291"}],"wp:attachment":[{"href":"https:\/\/www.europesays.com\/it\/wp-json\/wp\/v2\/media?parent=573290"}],"wp:term":[{"taxonomy":"category","embeddable":true,"href":"https:\/\/www.europesays.com\/it\/wp-json\/wp\/v2\/categories?post=573290"},{"taxonomy":"post_tag","embeddable":true,"href":"https:\/\/www.europesays.com\/it\/wp-json\/wp\/v2\/tags?post=573290"}],"curies":[{"name":"wp","href":"https:\/\/api.w.org\/{rel}","templated":true}]}}