{"id":573316,"date":"2026-07-07T06:42:21","date_gmt":"2026-07-07T06:42:21","guid":{"rendered":"https:\/\/www.europesays.com\/it\/573316\/"},"modified":"2026-07-07T06:42:21","modified_gmt":"2026-07-07T06:42:21","slug":"maltempo-in-italia-in-arrivo-previsti-piogge-e-forti-temporali-ecco-quando-e-dove","status":"publish","type":"post","link":"https:\/\/www.europesays.com\/it\/573316\/","title":{"rendered":"Maltempo in Italia, in arrivo previsti piogge e forti temporali: ecco quando e dove"},"content":{"rendered":"<p>Nonostante il caldo, acquazzoni e instabilit\u00e0 interesseranno parte della Penisola, soprattutto tra Centro e Sud. Scatta l&#8217;allerta gialla in cinque regioni per rischio temporali e idrogeologico. Fenomeni previsti anche sulle Alpi orientali. Attesi rovesci anche nei prossimi giorni<\/p>\n<p>Il caldo \u00e8 <a data-intcmp=\"skytg24_foglia articolo_interlink_text\" href=\"https:\/\/tg24.sky.it\/cronaca\/2026\/07\/04\/meteo-ondata-caldo-news-diretta\" target=\"_blank\" rel=\"nofollow noopener\">tornato a farsi sentire su gran parte dell&#8217;Italia<\/a>, con temperature in costante aumento e afa sempre pi\u00f9 diffusa.\u00a0Nel pomeriggio di oggi, luned\u00ec 6 luglio, per\u00f2, il dominio dell&#8217;alta pressione ha lasciato spazio a una fase di instabilit\u00e0 su alcune aree della Penisola, dove si sono verificati rovesci e forti temporali. Per questo la Protezione Civile ha mantenuto un&#8217;allerta meteo gialla in cinque regioni.<\/p>\n<p>\t\t \tAllerta meteo in cinque regioni<\/p>\n<p>Sono cinque le regioni che sono state interessate oggi da allerte meteo gialle per temporali e rischio idrogeologico. La Protezione Civile nazionale ha diramato l&#8217;avviso per Abruzzo, Marche, Molise e Basilicata, mentre la Regione Campania ha emesso una propria allerta valida fino alle 20, su gran parte del territorio regionale. In Abruzzo la criticit\u00e0 riguarda la Marsica e i bacini del Tordino-Vomano, dell&#8217;Alto Sangro, del Pescara e dell&#8217;Aterno. In Molise l&#8217;allerta interessa invece i Frentani, il Sannio, il Matese, l&#8217;Alto Volturno e il Medio Sangro. Per la Campania erano previsti rovesci e temporali improvvisi, anche di forte intensit\u00e0, accompagnati da possibili grandinate, raffiche di vento e intensa attivit\u00e0 elettrica. L&#8217;avviso riguarda tutte le zone della Campania, ad eccezione della Zona 1 (Piana Campana, Napoli, Isole e Area Vesuviana), della Zona 6 (Piana del Sele e Alto Cilento) e della Zona 8 (Basso Cilento). Si segnala inoltre il rischio di allagamenti, innalzamento dei livelli dei corsi d&#8217;acqua, scorrimento dell&#8217;acqua sulle sedi stradali, oltre a possibili frane e caduta di massi nelle aree pi\u00f9 vulnerabili.<\/p>\n<p>\t\t\t<a class=\"c-inline-card j-inline-card c-inline-card--with-image\" href=\"https:\/\/tg24.sky.it\/ambiente\/2026\/07\/06\/super-el-nino-estate-caldo-previsioni\" rel=\"follow nofollow noopener\" data-intcmp=\"skytg24_articolo_approfondimenti_inline\" target=\"_blank\"><\/p>\n<p>\t\t\t         <img decoding=\"async\" crossorigin=\"anonymous\" alt=\"\" src=\"https:\/\/www.europesays.com\/it\/wp-content\/uploads\/2026\/07\/GettyImages-1612698961.jpg\"  loading=\"lazy\"  bad-src=\"https:\/\/www.europesays.com\/it\/wp-content\/uploads\/2026\/07\/GettyImages-1612698961.jpg\"\/><\/p>\n<p>\n\t\t\t         Approfondimento<br \/>\n\t\t\t         El Ni\u00f1o, in aumento la probabilit\u00e0 di fenomeni meteorologici estremi\n\t\t\t      <\/p>\n<p>\t\t\t<\/a><\/p>\n<p>\t\t \tDove sono previsti piogge e temporali oggi<\/p>\n<p>Nelle ultime ore della giornata i fenomeni pi\u00f9 significativi sono attesi soprattutto lungo la dorsale appenninica e sulle aree interne del Centro e del Sud. Al Nord potranno svilupparsi temporali sulle Alpi, in particolare sui settori orientali, con residue precipitazioni possibili sul Triveneto prima di un graduale miglioramento in serata.\u00a0Al Centro l&#8217;instabilit\u00e0 interesser\u00e0 principalmente le zone interne, dove saranno possibili acquazzoni e temporali anche intensi. Dalla serata \u00e8 atteso un generale miglioramento con ampie schiarite.\u00a0Al Sud e sulle Isole sono previsti locali rovesci e temporali sulle aree interne della Penisola, mentre lungo le coste il tempo rester\u00e0 in prevalenza stabile. Anche in questo caso i fenomeni tenderanno ad attenuarsi nelle ore serali.<\/p>\n<p>\t\t\t<a class=\"c-inline-card j-inline-card c-inline-card--with-image\" href=\"https:\/\/tg24.sky.it\/cronaca\/2026\/07\/06\/ondata-caldo-giugno-record\" rel=\"follow nofollow noopener\" data-intcmp=\"skytg24_articolo_approfondimenti_inline\" target=\"_blank\"><\/p>\n<p>\t\t\t         <img decoding=\"async\" crossorigin=\"anonymous\" alt=\"\" src=\"https:\/\/www.europesays.com\/it\/wp-content\/uploads\/2026\/07\/caldo_ansa.JPG\"  loading=\"lazy\"  bad-src=\"https:\/\/www.europesays.com\/it\/wp-content\/uploads\/2026\/07\/caldo_ansa.JPG\"\/><\/p>\n<p>\n\t\t\t         Approfondimento<br \/>\n\t\t\t         Temperature, consumi, allerte: le anomalie di giugno in 5 grafici\n\t\t\t      <\/p>\n<p>\t\t\t<\/a><\/p>\n<p>\t\t \tMarted\u00ec 7 luglio nuovi temporali, ma il caldo non moller\u00e0<\/p>\n<p>Nonostante il predominio dell&#8217;anticiclone e della &#8220;cupola di calore&#8221;, anche marted\u00ec 7 luglio si svilupperanno nubi a evoluzione diurna. Le prime celle temporalesche sono attese intorno a mezzogiorno, mentre la fase pi\u00f9 intensa \u00e8 prevista tra le 14 e le 19. Secondo le ultime previsioni, i fenomeni pi\u00f9 significativi interesseranno la dorsale appenninica dall&#8217;Abruzzo alla Calabria, con una probabilit\u00e0 maggiore tra Molise, Campania e Basilicata. In queste aree potranno verificarsi rovesci isolati, intensa attivit\u00e0 elettrica, locali grandinate e forti raffiche di vento. Si tratter\u00e0 comunque di fenomeni molto irregolari e distribuiti in modo disomogeneo, che non porteranno un sollievo diffuso dal caldo.<\/p>\n<p>\t\t\t<a class=\"c-inline-card j-inline-card c-inline-card--with-image\" href=\"https:\/\/tg24.sky.it\/cronaca\/video\/2026\/07\/05\/caldo-e-siccita-stanno-mettendo-in-crisi-il-lago-trasimeno-1109783\" rel=\"follow nofollow noopener\" data-intcmp=\"skytg24_articolo_approfondimenti_inline\" target=\"_blank\"><\/p>\n<p>\t\t\t         <img decoding=\"async\" crossorigin=\"anonymous\" alt=\"\" src=\"https:\/\/www.europesays.com\/it\/wp-content\/uploads\/2026\/07\/1109783_1783260493834_thumb_494.0000001_1783266864897.jpg\"  loading=\"lazy\"  bad-src=\"https:\/\/www.europesays.com\/it\/wp-content\/uploads\/2026\/07\/1109783_1783260493834_thumb_494.0000001_1783266864897.jpg\"\/><\/p>\n<p>\n\t\t\t         Vedi anche<br \/>\n\t\t\t         Caldo e siccit\u00e0 stanno mettendo in crisi il Lago Trasimeno\n\t\t\t      <\/p>\n<p>\t\t\t<\/a><\/p>\n<p>\t\t \tRovesci previsti anche mercoled\u00ec 8 luglio<\/p>\n<p>Lo scenario dovrebbe ripetersi anche mercoled\u00ec, con nuovi temporali pomeridiani sulle aree interne dopo un&#8217;altra giornata caratterizzata da temperature elevate. L&#8217;alta pressione continuer\u00e0 infatti a dominare gran parte dell&#8217;Italia, mantenendo condizioni di caldo intenso e confinando l&#8217;instabilit\u00e0 soprattutto lungo l&#8217;Appennino e le zone montuose del Centro-Sud.<\/p>\n<p>\t\t\t<a class=\"c-inline-card j-inline-card c-inline-card--with-image\" href=\"https:\/\/tg24.sky.it\/economia\/2026\/07\/04\/piano-caldo-roma\" rel=\"follow nofollow noopener\" data-intcmp=\"skytg24_articolo_approfondimenti_inline\" target=\"_blank\"><\/p>\n<p>\t\t\t         <img decoding=\"async\" crossorigin=\"anonymous\" alt=\"\" src=\"https:\/\/www.europesays.com\/it\/wp-content\/uploads\/2026\/07\/roma_ipa.jpg\"  loading=\"lazy\"  bad-src=\"https:\/\/www.europesays.com\/it\/wp-content\/uploads\/2026\/07\/roma_ipa.jpg\"\/><\/p>\n<p>\n\t\t\t         Approfondimento<br \/>\n\t\t\t         Roma presenta il suo primo Piano Caldo: come funziona e quando parte\n\t\t\t      <\/p>\n<p>\t\t\t<\/a><\/p>\n<p>\t            TAG:<\/p>\n","protected":false},"excerpt":{"rendered":"Nonostante il caldo, acquazzoni e instabilit\u00e0 interesseranno parte della Penisola, soprattutto tra Centro e Sud. Scatta l&#8217;allerta gialla&hellip;\n","protected":false},"author":3,"featured_media":573317,"comment_status":"","ping_status":"","sticky":false,"template":"","format":"standard","meta":{"footnotes":"","_share_on_mastodon":"0"},"categories":[79],"tags":[14,93,94,1537,90,89,437,419,7,15,634,103,11,84,91,12,85,92],"class_list":["post-573316","post","type-post","status-publish","format-standard","has-post-thumbnail","category-italia","tag-cronaca","tag-cronaca-italiana","tag-cronacaitaliana","tag-it","tag-italia","tag-italy","tag-maltempo","tag-meteo","tag-news","tag-notizie","tag-pioggia","tag-temporali","tag-ultime-notizie","tag-ultime-notizie-e-news-di-oggi","tag-ultime-notizie-italia","tag-ultimenotizie","tag-ultimenotizieenewsdioggi","tag-ultimenotizieitalia"],"share_on_mastodon":{"url":"https:\/\/pubeurope.com\/@it\/116877338809472778","error":""},"_links":{"self":[{"href":"https:\/\/www.europesays.com\/it\/wp-json\/wp\/v2\/posts\/573316","targetHints":{"allow":["GET"]}}],"collection":[{"href":"https:\/\/www.europesays.com\/it\/wp-json\/wp\/v2\/posts"}],"about":[{"href":"https:\/\/www.europesays.com\/it\/wp-json\/wp\/v2\/types\/post"}],"author":[{"embeddable":true,"href":"https:\/\/www.europesays.com\/it\/wp-json\/wp\/v2\/users\/3"}],"replies":[{"embeddable":true,"href":"https:\/\/www.europesays.com\/it\/wp-json\/wp\/v2\/comments?post=573316"}],"version-history":[{"count":0,"href":"https:\/\/www.europesays.com\/it\/wp-json\/wp\/v2\/posts\/573316\/revisions"}],"wp:featuredmedia":[{"embeddable":true,"href":"https:\/\/www.europesays.com\/it\/wp-json\/wp\/v2\/media\/573317"}],"wp:attachment":[{"href":"https:\/\/www.europesays.com\/it\/wp-json\/wp\/v2\/media?parent=573316"}],"wp:term":[{"taxonomy":"category","embeddable":true,"href":"https:\/\/www.europesays.com\/it\/wp-json\/wp\/v2\/categories?post=573316"},{"taxonomy":"post_tag","embeddable":true,"href":"https:\/\/www.europesays.com\/it\/wp-json\/wp\/v2\/tags?post=573316"}],"curies":[{"name":"wp","href":"https:\/\/api.w.org\/{rel}","templated":true}]}}