{"id":573346,"date":"2026-07-07T07:10:14","date_gmt":"2026-07-07T07:10:14","guid":{"rendered":"https:\/\/www.europesays.com\/it\/573346\/"},"modified":"2026-07-07T07:10:14","modified_gmt":"2026-07-07T07:10:14","slug":"i-risultati-delle-partite-degli-ottavi-del-6-luglio-dei-mondiali-2026-portogallo-spagna-0-1-usa-belgio-1-4","status":"publish","type":"post","link":"https:\/\/www.europesays.com\/it\/573346\/","title":{"rendered":"I risultati delle partite degli ottavi del 6 luglio dei Mondiali 2026: Portogallo-Spagna 0-1, Usa-Belgio 1-4"},"content":{"rendered":"<p>    di<br \/>\n    Redazione Sport<\/p>\n<p class=\"summary-art is-line-h-12\">Si comincia col duello tra Cr7 e Lamine Yamal per poi proseguire con i padroni di casa contro l&#8217;enigmatica squadra di Garcia<\/p>\n<p class=\"chapter-paragraph\">Oggi si giocano altri due grandi scontri valevoli per gli ottavi di finale ai Mondiali di Canada, Messico e Usa: alle 21 vanno in campo Portogallo e Spagna, mentre alle 2 gli Stati Uniti-affronteranno il Belgio.\u00a0<\/p>\n<p>    Portogallo-Spagna<\/p>\n<p class=\"chapter-paragraph\">Pensi a Portogallo-Spagna (h.21) e subito ti viene in mente la sfida nella sfida: quella<a href=\"https:\/\/www.corriere.it\/sport\/calcio\/mondiali\/26_luglio_06\/ronaldo-yamal-eta-gol-portogallo-spagna-2264e156-a4a3-40a5-86a7-a99e6cbf7xlk.shtml\" title=\"Ronaldo e Yamal, il gol non ha et\u00e0: Portogallo-Spagna \u00e8 una sfida del tempo\" rel=\"nofollow noopener\" target=\"_blank\"> tra il 41enne Cristiano Ronaldo e il quasi 19enne (compir\u00e0 gli anni il 13 luglio) Yamine Lamal<\/a>. Spiega CR7:\u00a0\u00abOggi affrontiamo una squadra molto difficile, ma siamo preparati\u00bb. Sul tema del possibile ultimo Mondiale, il numero 7 ha poi risposto senza alimentare eccessivamente le speculazioni: \u00ab\u00c8 sempre stato cos\u00ec. Non cambier\u00e0. Giocando, o non giocando, avr\u00f2 sempre un ruolo importante in questa nazionale. Finir\u00f2 quando vorr\u00f2 io. L&#8217;ultimo?<br \/>Vedremo. Ma questo non \u00e8 importante: la cosa importante \u00e8 la partita di domani\u00bb. Nessuna risposta dal suo giovane potenziale successore spagnolo nel gotha del calcio mondiale. Ci pensa il c.t. spagnolo De La Fuente che non ha nascosto tutta la propria ammirazione nei confronti del fuoriclasse portoghese: \u00abSono un ammiratore di Cristiano. Ammiro le persone che hanno carattere, ambizione e voglia di migliorarsi. Mi inchino davanti a<br \/>Cristiano. \u00c8 un calciatore che ti obbliga a restare sempre concentrato, in qualsiasi situazione. Bisogna sempre tenerlo d&#8217;occhio. \u00c8 il migliore nelle zone dove si decidono le partite. Preferirei che non giocasse, ma credo che sar\u00e0 in campo\u00bb. Insomma la Spagna, favorita, non sottovaluta il Portogallo. Sar\u00e0 partita vera.\u00a0    &#13;<br \/>\n&#13;<br \/>\n&#13;<br \/>\n&#13;<br \/>\n&#13;<br \/>\n&#13;<br \/>\n&#13;<br \/>\n&#13;<br \/>\n&#13;<br \/>\n&#13;<br \/>\n&#13;<br \/>\n&#13;<br \/>\n&#13;<br \/>\n&#13;<br \/>\n&#13;<br \/>\n&#13;<br \/>\n&#13;<br \/>\n&#13;<br \/>\n&#13;<br \/>\n&#13;<br \/>\n&#13;<br \/>\n&#13;<br \/>\n&#13;<br \/>\n&#13;<br \/>\n&#13;<br \/>\n&#13;<br \/>\n&#13;<br \/>\n&#13;<br \/>\n&#13;<br \/>\n&#13;<br \/>\n&#13;<br \/>\n&#13;<br \/>\n&#13;<br \/>\n&#13;<br \/>\n&#13;<br \/>\n&#13;<br \/>\n&#13;<br \/>\n&#13;<br \/>\n&#13;<br \/>\n&#13;<br \/>\n&#13;<br \/>\n&#13;<br \/>\n&#13;<br \/>\n&#13;<br \/>\n&#13;<br \/>\n&#13;<br \/>\n&#13;<br \/>\n&#13;<br \/>\n&#13;<br \/>\n&#13;<br \/>\n&#13;<br \/>\n&#13;<br \/>\n&#13;\n<\/p>\n<p>    Usa-Belgio<\/p>\n<p class=\"chapter-paragraph\">L&#8217;altro incontro di questa giornata dedicata agli ottavi di finale vedr\u00e0 gli Stati Uniti padroni di casa affrontare il Belgio (h.2 di marted\u00ec). Dopo <a href=\"https:\/\/www.corriere.it\/sport\/calcio\/mondiali\/26_luglio_05\/trump-infantino-balogun-telefonata-fifa-cosa-e-successo-03ebe4c1-4345-4a30-bf0f-f837c5dfbxlk.shtml\" title=\"Caso Balogun, la telefonata di Trump a Infantino: cosa gli ha detto. Il retroscena\" rel=\"nofollow noopener\" target=\"_blank\">le polemiche suscitate dalla\u00a0\u00abgrazia\u00bb a Balogun <\/a>il centravanti americano ci si aspetta una battaglia a tutto campo. Del resto non si \u00e8 parlato d&#8217;altro prima dell&#8217;incontro.\u00a0Il commissario tecnico della nazionale del Belgio, Rudi Garcia, ha ironizzato sulla decisione della Fifa di sospendere il <b>cartellino rosso<\/b> rimediato nella sfida con la Bosnia dall&#8217;attaccante degli Stati Uniti, permettendogli cos\u00ec di giocare la sfida degli ottavi di finale che si giocher\u00e0 domani proprio tra Usa e Belgio. \u00abNon sapevo che il 5 luglio corrispondesse al primo aprile alla Fifa\u00bb, ha detto il c.t. in conferenza stampa. Sullo \u00abstupore\u00bb espresso dalla federazione belga in un comunicato, Garcia ha poi aggiunto: \u00abNon \u00e8 mai successo nella storia della <b>Coppa del Mondo<\/b>. Con la nota la federazione ha difeso gli interessi del calcio, la sua etica e la sua integrit\u00e0\u00bb. \u00abNon ci sarebbe mai dovuto essere un cartellino rosso\u00bb, una sanzione \u00abeccessiva\u00bb per un fallo involontario ha replicato Pochettino, c.t. degli Usa. Ci si aspetta un clima rovente quando le due squadre scenderanno in campo e non solo per il caldo.\u00a0<\/p>\n<p class=\"is-last-update\" datetime=\"2026-07-07T07:34:28+02:00\">6 luglio 2026 ( modifica il 7 luglio 2026 | 07:34)<\/p>\n<p class=\"is-copyright\">\n            \u00a9 RIPRODUZIONE RISERVATA\n        <\/p>\n","protected":false},"excerpt":{"rendered":"di Redazione Sport Si comincia col duello tra Cr7 e Lamine Yamal per poi proseguire con i padroni&hellip;\n","protected":false},"author":3,"featured_media":573347,"comment_status":"","ping_status":"","sticky":false,"template":"","format":"standard","meta":{"footnotes":"","_share_on_mastodon":"0"},"categories":[6],"tags":[7196,291,721,921,2859,71921,6101,14,1690,5260,32956,1426,44470,12560,8,48,399,1537,90,89,426,1353,4422,7,15,82,9,83,10,34979,93348,21143,1290,4283,17294,314841,3461,6059,13,11,80,84,12,81,85,3414,410,315935],"class_list":["post-573346","post","type-post","status-publish","format-standard","has-post-thumbnail","category-ultime-notizie","tag-aspetta","tag-belgio","tag-calcio","tag-campo","tag-cartellino","tag-cartellino-rosso","tag-cristiano","tag-cronaca","tag-domani","tag-federazione","tag-fifa","tag-finale","tag-garcia","tag-giocando","tag-headlines","tag-importante","tag-incontro","tag-it","tag-italia","tag-italy","tag-luglio","tag-mondiale","tag-mondiali","tag-news","tag-notizie","tag-notizie-di-cronaca","tag-notizie-principali","tag-notiziedicronaca","tag-notizieprincipali","tag-ottavi","tag-ottavi-finale","tag-padroni","tag-partita","tag-partite","tag-portogallo","tag-portogallo-spagna","tag-sfida","tag-spagna","tag-titoli","tag-ultime-notizie","tag-ultime-notizie-di-cronaca","tag-ultime-notizie-e-news-di-oggi","tag-ultimenotizie","tag-ultimenotiziedicronaca","tag-ultimenotizieenewsdioggi","tag-uniti","tag-usa","tag-usa-belgio"],"share_on_mastodon":{"url":"","error":"Validation failed: Text character limit of 500 exceeded"},"_links":{"self":[{"href":"https:\/\/www.europesays.com\/it\/wp-json\/wp\/v2\/posts\/573346","targetHints":{"allow":["GET"]}}],"collection":[{"href":"https:\/\/www.europesays.com\/it\/wp-json\/wp\/v2\/posts"}],"about":[{"href":"https:\/\/www.europesays.com\/it\/wp-json\/wp\/v2\/types\/post"}],"author":[{"embeddable":true,"href":"https:\/\/www.europesays.com\/it\/wp-json\/wp\/v2\/users\/3"}],"replies":[{"embeddable":true,"href":"https:\/\/www.europesays.com\/it\/wp-json\/wp\/v2\/comments?post=573346"}],"version-history":[{"count":0,"href":"https:\/\/www.europesays.com\/it\/wp-json\/wp\/v2\/posts\/573346\/revisions"}],"wp:featuredmedia":[{"embeddable":true,"href":"https:\/\/www.europesays.com\/it\/wp-json\/wp\/v2\/media\/573347"}],"wp:attachment":[{"href":"https:\/\/www.europesays.com\/it\/wp-json\/wp\/v2\/media?parent=573346"}],"wp:term":[{"taxonomy":"category","embeddable":true,"href":"https:\/\/www.europesays.com\/it\/wp-json\/wp\/v2\/categories?post=573346"},{"taxonomy":"post_tag","embeddable":true,"href":"https:\/\/www.europesays.com\/it\/wp-json\/wp\/v2\/tags?post=573346"}],"curies":[{"name":"wp","href":"https:\/\/api.w.org\/{rel}","templated":true}]}}