{"id":573354,"date":"2026-07-07T07:19:21","date_gmt":"2026-07-07T07:19:21","guid":{"rendered":"https:\/\/www.europesays.com\/it\/573354\/"},"modified":"2026-07-07T07:19:21","modified_gmt":"2026-07-07T07:19:21","slug":"ciclismo-covili-sul-podio-al-brenta-manfredi-al-sesto-posto","status":"publish","type":"post","link":"https:\/\/www.europesays.com\/it\/573354\/","title":{"rendered":"Ciclismo. Covili sul podio al \u2019Brenta\u2019. Manfredi al sesto posto"},"content":{"rendered":"<p>Il terzo gradino del podio di Luca Covili al Giro del Medio Brenta, il sesto posto dell\u2019allievo Leonardo Manfredi (Team Paletti) e la vittoria dell\u2019ucraino-modenese Oleksander Osachy a Bedonia (Pr) spiccano tra i risultati giallobl\u00f9 della prima domenica di luglio. Nell\u2019unica gara modenese la solierese Alessia Orsi ed Anna Mucciarini (in foto con Raffaele Artioli prima del via) sono terminate in gruppo nel Memorial Riccardo Artioli dopo aver condotto lo sprint alle rispettive compagne di team. Ordine d\u2019arrivo; 1^ Giulia Zambelli (Biesse)-2^ Giulia Costa-Starica (BFT)- 3^ Anna Longo Borghini (idem) 4^ Melania Minichin (Biesse)-5^ Arianna Galante (Magni Bs). Il pavullese Luca Covili che in settimana voler\u00e0 in Cina per disputare una breve corsa a tappe, ha corso la classica interazionale vinta da Davide De Cassan davanti al francese Dario Giuliano cogliendo un buon bronzo a conferma della sua buona condizione. Al campionato italiano allievi che si \u00e8 svolto a Lavis (Bolzano) il portacolori del Team Paletti si \u00e8 aggiudicato la volata del gruppo per la sesta piazza con vittoria del lombardo Jacopo Matteo Gualtieri che ha anticipato i compagni di fuga. A Bedonia(Pr) dove si \u00e8 imposto il modenese d\u2019adozione sul messicano Alvares Gonzales ha concluso al 5\u00b0 posto il carpigiano Denny Cazzar\u00f2. A Sibiu Tour nel primo tappone il 19enne modenese Armin Caselli \u00e8 riuscito a giungere con il gruppo dei velocisti ed \u00e8 28\u00b0 nella classifica giovani. A Reggiolo tra i Giovanissimi l\u2019unico successo giallobl\u00f9 \u00e8 stato colto da Silvia Mangano (Ciclistica Maranello) tra le G2 F. <\/p>\n<p>Elio Giusti<\/p>\n","protected":false},"excerpt":{"rendered":"Il terzo gradino del podio di Luca Covili al Giro del Medio Brenta, il sesto posto dell\u2019allievo Leonardo&hellip;\n","protected":false},"author":3,"featured_media":573355,"comment_status":"","ping_status":"","sticky":false,"template":"","format":"standard","meta":{"footnotes":"","_share_on_mastodon":"0"},"categories":[1456],"tags":[14059,1824,19056,1825,1537,90,89,27417,3351,28910,15533,245,244],"class_list":["post-573354","post","type-post","status-publish","format-standard","has-post-thumbnail","category-ciclismo","tag-brenta","tag-ciclismo","tag-covili","tag-cycling","tag-it","tag-italia","tag-italy","tag-manfredi","tag-podio","tag-posto","tag-sesto","tag-sport","tag-sports"],"share_on_mastodon":{"url":"https:\/\/pubeurope.com\/@it\/116877483254110476","error":""},"_links":{"self":[{"href":"https:\/\/www.europesays.com\/it\/wp-json\/wp\/v2\/posts\/573354","targetHints":{"allow":["GET"]}}],"collection":[{"href":"https:\/\/www.europesays.com\/it\/wp-json\/wp\/v2\/posts"}],"about":[{"href":"https:\/\/www.europesays.com\/it\/wp-json\/wp\/v2\/types\/post"}],"author":[{"embeddable":true,"href":"https:\/\/www.europesays.com\/it\/wp-json\/wp\/v2\/users\/3"}],"replies":[{"embeddable":true,"href":"https:\/\/www.europesays.com\/it\/wp-json\/wp\/v2\/comments?post=573354"}],"version-history":[{"count":0,"href":"https:\/\/www.europesays.com\/it\/wp-json\/wp\/v2\/posts\/573354\/revisions"}],"wp:featuredmedia":[{"embeddable":true,"href":"https:\/\/www.europesays.com\/it\/wp-json\/wp\/v2\/media\/573355"}],"wp:attachment":[{"href":"https:\/\/www.europesays.com\/it\/wp-json\/wp\/v2\/media?parent=573354"}],"wp:term":[{"taxonomy":"category","embeddable":true,"href":"https:\/\/www.europesays.com\/it\/wp-json\/wp\/v2\/categories?post=573354"},{"taxonomy":"post_tag","embeddable":true,"href":"https:\/\/www.europesays.com\/it\/wp-json\/wp\/v2\/tags?post=573354"}],"curies":[{"name":"wp","href":"https:\/\/api.w.org\/{rel}","templated":true}]}}