{"id":573376,"date":"2026-07-07T07:36:13","date_gmt":"2026-07-07T07:36:13","guid":{"rendered":"https:\/\/www.europesays.com\/it\/573376\/"},"modified":"2026-07-07T07:36:13","modified_gmt":"2026-07-07T07:36:13","slug":"calenda-trump-e-folle-come-caligola-si-aspettava-una-cheerleader-la-premier-scelga-leuropa","status":"publish","type":"post","link":"https:\/\/www.europesays.com\/it\/573376\/","title":{"rendered":"Calenda: \u00abTrump \u00e8 folle come Caligola, si aspettava una cheerleader. La premier scelga l\u2019Europa\u00bb"},"content":{"rendered":"<p>    di<br \/>\n    Monica Guerzoni<\/p>\n<p class=\"summary-art is-line-h-12\">Il leader di Azione: dobbiamo capire  che gli Usa non ci sono pi\u00f9<\/p>\n<p class=\"chapter-paragraph\">\u00abTrump \u00e8 un malato mentale, \u00e8 ormai accertato\u00bb.<\/p>\n<p class=\"chapter-paragraph\"><b>Carlo Calenda, lo dice per giustificare<a href=\"https:\/\/www.corriere.it\/esteri\/26_luglio_05\/trump-attacca-meloni-serve-un-ordine-restrittivo-946133ff-0f0f-4bc5-a9ea-4ace650a2xlk.shtml\" title=\"Trump oltre ogni limite contro Meloni: \u00abServe un ordine restrittivo\u00bb\" rel=\"nofollow noopener\" target=\"_blank\"> l\u2019ultimo attacco del tycoon a Giorgia Meloni<\/a>?<\/b><br \/>\u00abNo, lo dico perch\u00e9 <a href=\"https:\/\/www.corriere.it\/salute\/26_luglio_06\/trump-e-meloni-lo-psichiatra-l-umiliazione-e-una-strategia-per-ridefinire-i-rapporti-di-forza-3ee03d1a-4a69-4a11-868f-5e0c3e9b5xlk.shtml\" title=\"Trump e Meloni, lo psichiatra: \u00abQuesto post mette in ridicolo il presidente Usa. Il silenzio di Meloni \u00e8 una forma di superiorit\u00e0\u00bb\" rel=\"nofollow noopener\" target=\"_blank\">parliamo di una persona malata<\/a>. Non ha misura, giudica gli altri sulla base dell\u2019asservimento alle sue volont\u00e0. Ha un approccio da follie dell\u2019imperatore\u00bb.    &#13;<br \/>\n&#13;<br \/>\n&#13;<br \/>\n&#13;<br \/>\n&#13;<br \/>\n&#13;<br \/>\n&#13;<br \/>\n&#13;<br \/>\n&#13;<br \/>\n&#13;<br \/>\n&#13;<br \/>\n&#13;<br \/>\n&#13;<br \/>\n&#13;<br \/>\n&#13;<br \/>\n&#13;<br \/>\n&#13;<br \/>\n&#13;<br \/>\n&#13;<br \/>\n&#13;<br \/>\n&#13;<br \/>\n&#13;<br \/>\n&#13;<br \/>\n&#13;<br \/>\n&#13;<br \/>\n&#13;<br \/>\n&#13;<br \/>\n&#13;<br \/>\n&#13;<br \/>\n&#13;<br \/>\n&#13;<br \/>\n&#13;<br \/>\n&#13;<br \/>\n&#13;<br \/>\n&#13;<br \/>\n&#13;<br \/>\n&#13;<br \/>\n&#13;<br \/>\n&#13;<br \/>\n&#13;<br \/>\n&#13;<br \/>\n&#13;<br \/>\n&#13;<br \/>\n&#13;<br \/>\n&#13;<br \/>\n&#13;<br \/>\n&#13;<br \/>\n&#13;<br \/>\n&#13;<br \/>\n&#13;<br \/>\n&#13;<br \/>\n&#13;<br \/>\n&#13;\n<\/p>\n<p class=\"chapter-paragraph\"><b>Perch\u00e9 ha preso di punta la premier italiana, sua ex amica e alleata speciale?<\/b><br \/>\u00abLa considerava la sua vassalla e invece <a href=\"https:\/\/roma.corriere.it\/notizie\/cronaca\/26_luglio_06\/le-reazioni-al-nuovo-attacco-di-trump-a-meloni-crosetto-importanti-i-rapporti-fra-stati-le-persone-passano-piantedosi-d81634e3-5943-4180-bddf-ca558e8eaxlk.shtml\" title=\"Le reazioni al nuovo attacco di Trump a Meloni. Crosetto: \u00abImportanti i rapporti fra Stati, le persone passano\u00bb. Tajani: \u00abLegame storico va oltre ogni dichiarazione\u00bb\" rel=\"nofollow noopener\" target=\"_blank\">Meloni gli ha risposto<\/a>. Sulla crisi di Hormuz si \u00e8 tirata fuori e quando lui per la prima volta l\u2019ha attaccata, lei ha reagito\u00bb.<\/p>\n<p class=\"chapter-paragraph\"><b>Trump disse che Meloni gli aveva implorato una foto e lei rispose \u00abio e l\u2019Italia non imploriamo mai\u00bb.<\/b><br \/>\u00abSottoscrivo parola per parola. Pensava di trovarsi davanti la sua cheerleader, cos\u00ec non \u00e8 stato e questa  cosa lo manda ai pazzi. E va a onore del premier  italiano\u00bb.<br \/><b><br \/>Non teme che possa andare anche a danno dell\u2019Italia?<\/b><br \/>\u00abNo, perch\u00e9 lui farebbe la stessa cosa con chiunque. O sei un suo vassallo, che fa quel che dice lui, o ti prende a schiaffoni. Dobbiamo essere consapevoli che gli Usa non ci sono pi\u00f9 e non riguarda solo l\u2019Italia, ma i Paesi europei in generale. Basti ricordare<a href=\"\"> come Trump tratt\u00f2 Macron sulla moglie Brigitte<\/a>\u00bb.<\/p>\n<p class=\"chapter-paragraph\"><b>Macron per\u00f2 non replic\u00f2.<\/b><br \/>\u00abBene ha fatto invece Meloni a replicare. I leader europei incassano da questo signore insulti, ironie e disprezzo e alla fine tutti quanti sono in qualche misura tornati indietro, facendo finta di niente. Tutti tranne  Meloni\u00bb.<\/p>\n<p class=\"chapter-paragraph\"><b>Anche Meloni ha provato a ricucire.<\/b><br \/>\u00abNo, gli ha risposto per le rime, sta tenendo botta ed \u00e8 giusto cos\u00ec\u00bb.<\/p>\n<p class=\"chapter-paragraph\"><b>Ora per\u00f2 tace.<\/b><br \/>\u00abDeve tacere! Parliamo di un deragliato mentale\u00bb.<\/p>\n<p>APPROFONDISCI CON IL PODCAST<\/p>\n<p class=\"chapter-paragraph\"><b>Tenere testa a Trump premier\u00e0 Meloni alle  elezioni?<\/b><br \/>\u00abS\u00ec, Trump \u00e8 odiatissimo, solo l\u20198% degli italiani ha stima di lui. Quel che ha fatto sui Mondiali<a href=\"https:\/\/video.corriere.it\/esteri\/trump-e-il-caso-balogun-ai-mondiali-si-ho-parlato-con-infantino-non-era-fallo-la-decisione-dell-arbitro-era-orribile\/ead9fc56-64f1-4875-b8ec-937a7bf9exlk\" title=\"Trump e il caso Balogun ai Mondiali: \u00abS\u00ec, ho parlato con Infantino. Non era fallo, la decisione dell&#039;arbitro era orribile\u00bb\" rel=\"nofollow noopener\" target=\"_blank\">, far togliere una giornata di espulsione a un calciatore Usa,<\/a> pu\u00f2 sembrare una cosa stupida, invece \u00e8 grave. Pi\u00f9 grave di un\u2019ora di telefonata con Putin, del quale Trump \u00e8 un asset. Aver fatto rientrare Balogun colpisce tutto il mondo, tutti tiferanno per il Belgio contro gli Stati Uniti. Non c\u2019\u00e8 un precedente nella storia. Trump \u00e8 pazzo, come re Giorgio III\u00bb.<br \/><b><br \/>Non sar\u00e0 una strategia, in vista del vertice Nato di Ankara?<\/b><br \/>\u00abLui \u00e8 arrabbiato con tutti i Paesi Nato, ma non sulla spesa militare, su cui avrebbe qualche ragione.<a href=\"https:\/\/roma.corriere.it\/notizie\/politica\/26_luglio_05\/vertice-nato-spese-armi-crosetto-a59478f5-738a-4380-950f-e1f9f9919xlk.shtml\" title=\"Ad Ankara il vertice Nato su spese e armi, Crosetto: \u00abGli impegni si rispettano\u00bb\" rel=\"nofollow noopener\" target=\"_blank\"> L\u2019Italia \u00e8 gravemente deficitaria, aveva preso l\u2019impegno di portare la spesa al 3,5% <\/a>nel tempo e non lo ha mantenuto. Il suo furore deriva dal fatto che noi e gli altri Paesi Ue non lo abbiamo aiutato in Iran. Minacciava di cancellare una civilt\u00e0 e invece \u00e8 finita con la clamorosa sconfitta del pedaggio nello Stretto di Hormuz. Ci dobbiamo aspettare un Trump delirante, alla Caligola\u00bb.<\/p>\n<p class=\"chapter-paragraph\"><b>Meloni gli avrebbe dato il Nobel per la Pace.<\/b><br \/>\u00ab\u00c8 stato un grande errore strategico. Ho fatto 18 mila interventi al Senato per dire a Meloni che non avrebbe cavato un ragno dal buco giocando una partita con un pazzo, cleptocrate, aspirante dittatore. Ma c\u2019\u00e8 un prima e un dopo. Prima lei ha investito su Trump, \u00e8 andata a Mar-a-Lago e ha fatto finta di essere il ponte con Washington, una cosa infattibile\u00bb.<\/p>\n<p class=\"chapter-paragraph\"><b>E dopo?<\/b><br \/>\u00abSiamo stati attaccati come Paese, da una potenza in mano a uno che vuole che la Ue cessi di esistere. Quando Meloni dice che la Ue non pu\u00f2 essere solo un mercato sembra Draghi, ma non \u00e8 conseguente. Infatti continua a pensare che debba esistere il diritto di veto e non ritiene che sulla difesa la Ue debba investire di pi\u00f9, per essere pi\u00f9 forte\u00bb.<\/p>\n<p class=\"chapter-paragraph\"><b>Meloni sbaglia strategia?<\/b><br \/>\u00ab\u00c8 nel guado. Deve mollare le sue radici, dal momento che il movimento Maga ha mollato lei. E<a href=\"https:\/\/economiapro.corriere.it\/notizie\/26_luglio_05\/la-nato-e-il-vento-che-soffia-da-est-a4ad2ad3-b724-42e6-af0c-385824900xlk.shtml\" title=\"La Nato e il vento che soffia da Est\" rel=\"nofollow noopener\" target=\"_blank\"> dovrebbe imboccare la via dell\u2019europeismo federalista<\/a>. Invece al vertice di Ankara deve essere confermato l\u2019impegno biennale dei 170 miliardi europei per l\u2019Ucraina e Meloni sta creando pi\u00f9 problemi di tutti. \u00c8 inaccettabile\u00bb.<\/p>\n<p class=\"chapter-paragraph\"><b>Su questo punto lei la pensa come le opposizioni?<\/b><br \/>\u00abCi sono cose che condivido, anche se non  saremo nel Campo largo. Per primi abbiamo chiesto a Meloni di spiegare in Parlamento  come \u00e8 andato il vertice Nato\u00bb.<\/p>\n<p class=\"chapter-paragraph\"><b>Ha fatto bene la premier a <a href=\"https:\/\/www.corriere.it\/il-punto\/la-rassegna\/26_luglio_01\/il-quirinale-e-la-destra-spauracchio-establishment-transgender-escluse-lavoro-artificiale-i-miliardi-di-trump.shtml\" title=\"Il Quirinale e la destra, spauracchio establishment, transgender escluse, lavoro artificiale, i miliardi di Trump\" rel=\"nofollow noopener\" target=\"_blank\">politicizzare la sfida per il Quirinale<\/a>? <\/b><br \/>\u00abHa sbagliato per due ragioni. \u00c8 un errore storico dire che ci sono stati solo presidenti di centrosinistra, basti ricordare Einaudi, Segni, Scalfaro, Cossiga. La seconda ragione \u00e8 aver dato l\u2019idea che al Colle voglia andarci lei\u00bb.<br \/><b><br \/>Perch\u00e9 un errore?<\/b><br \/>\u00abPerch\u00e9 non pu\u00f2 accadere. Se Meloni rivincesse le elezioni, i parlamentari non la voterebbero mai per il Quirinale altrimenti la legislatura finirebbe. Draghi insegna\u00bb.<\/p>\n<p class=\"is-mr-t-20 is-mr-b-20\"><b><br \/>\n                    <a href=\"https:\/\/roma.corriere.it\/?intcmp=Notizielocali_nd_010623_corriere_ss_roma\" target=\"_blank\" rel=\"nofollow noopener\">Vai a tutte le notizie di Roma<\/a><br \/>\n            <\/b><\/p>\n<p class=\"chapter-paragraph\"><b><a href=\"https:\/\/www.corriere.it\/newsletter\/?theme=52&amp;intcmp=NL-artic_nd_050624_corriere_ss_roma\" target=\"_blank\" rel=\"nofollow noopener\">Iscriviti alla newsletter di Corriere Roma<\/a><\/b><\/p>\n<p class=\"is-last-update\" datetime=\"2026-07-07T08:12:49+02:00\">6 luglio 2026 ( modifica il 7 luglio 2026 | 08:12)<\/p>\n<p class=\"is-copyright\">\n            \u00a9 RIPRODUZIONE RISERVATA\n        <\/p>\n","protected":false},"excerpt":{"rendered":"di Monica Guerzoni Il leader di Azione: dobbiamo capire che gli Usa non ci sono pi\u00f9 \u00abTrump \u00e8&hellip;\n","protected":false},"author":3,"featured_media":573377,"comment_status":"","ping_status":"","sticky":false,"template":"","format":"standard","meta":{"footnotes":"","_share_on_mastodon":"0"},"categories":[79],"tags":[16403,315969,315970,26182,315971,315972,4007,6327,21385,153302,2485,41782,310363,14,93,94,1277,63354,2149,38387,123,6196,83871,1727,74807,830,194354,1167,1537,90,89,381,8940,58,2163,15024,2737,7,15,857,37177,7793,22928,115,8559,8863,12020,12589,24726,7313,8756,379,997,11,84,91,12,85,92,410,1418,258486],"class_list":["post-573376","post","type-post","status-publish","format-standard","has-post-thumbnail","category-italia","tag-accadere","tag-accadere-meloni","tag-accadere-meloni-rivincesse","tag-accertato","tag-accertato-carlo","tag-accertato-carlo-calenda","tag-aiutato","tag-ankara","tag-basti","tag-basti-ricordare","tag-calenda","tag-caligola","tag-cheerleader","tag-cronaca","tag-cronaca-italiana","tag-cronacaitaliana","tag-dato","tag-debba","tag-dobbiamo","tag-draghi","tag-elezioni","tag-errore","tag-esistere","tag-europei","tag-finta","tag-grave","tag-hormuz","tag-impegno","tag-it","tag-italia","tag-italy","tag-leader","tag-macron","tag-meloni","tag-mentale","tag-misura","tag-nato","tag-news","tag-notizie","tag-paesi","tag-parliamo","tag-parola","tag-pazzo","tag-premier","tag-preso","tag-quirinale","tag-ragione","tag-ricordare","tag-risposto","tag-spesa","tag-strategia","tag-trump","tag-ue","tag-ultime-notizie","tag-ultime-notizie-e-news-di-oggi","tag-ultime-notizie-italia","tag-ultimenotizie","tag-ultimenotizieenewsdioggi","tag-ultimenotizieitalia","tag-usa","tag-vertice","tag-vertice-nato"],"share_on_mastodon":{"url":"","error":"Validation failed: Text character limit of 500 exceeded"},"_links":{"self":[{"href":"https:\/\/www.europesays.com\/it\/wp-json\/wp\/v2\/posts\/573376","targetHints":{"allow":["GET"]}}],"collection":[{"href":"https:\/\/www.europesays.com\/it\/wp-json\/wp\/v2\/posts"}],"about":[{"href":"https:\/\/www.europesays.com\/it\/wp-json\/wp\/v2\/types\/post"}],"author":[{"embeddable":true,"href":"https:\/\/www.europesays.com\/it\/wp-json\/wp\/v2\/users\/3"}],"replies":[{"embeddable":true,"href":"https:\/\/www.europesays.com\/it\/wp-json\/wp\/v2\/comments?post=573376"}],"version-history":[{"count":0,"href":"https:\/\/www.europesays.com\/it\/wp-json\/wp\/v2\/posts\/573376\/revisions"}],"wp:featuredmedia":[{"embeddable":true,"href":"https:\/\/www.europesays.com\/it\/wp-json\/wp\/v2\/media\/573377"}],"wp:attachment":[{"href":"https:\/\/www.europesays.com\/it\/wp-json\/wp\/v2\/media?parent=573376"}],"wp:term":[{"taxonomy":"category","embeddable":true,"href":"https:\/\/www.europesays.com\/it\/wp-json\/wp\/v2\/categories?post=573376"},{"taxonomy":"post_tag","embeddable":true,"href":"https:\/\/www.europesays.com\/it\/wp-json\/wp\/v2\/tags?post=573376"}],"curies":[{"name":"wp","href":"https:\/\/api.w.org\/{rel}","templated":true}]}}