{"id":573398,"date":"2026-07-07T07:59:15","date_gmt":"2026-07-07T07:59:15","guid":{"rendered":"https:\/\/www.europesays.com\/it\/573398\/"},"modified":"2026-07-07T07:59:15","modified_gmt":"2026-07-07T07:59:15","slug":"syd-barrett-20-anni-fa-laddio-quando-nacque-la-passione-per-la-musica-luso-di-lsd-la-scomparsa-dalle-scene-7-segreti","status":"publish","type":"post","link":"https:\/\/www.europesays.com\/it\/573398\/","title":{"rendered":"Syd Barrett, 20 anni fa l&#8217;addio: quando nacque la passione per la musica, l&#8217;uso di LSD, la scomparsa dalle scene, 7 segreti"},"content":{"rendered":"<p class=\"chapter-paragraph\">Il\u00a07 luglio 2006 a Cambridge, 20 anni fa, ci lasciava\u00a0il fondatore e leader dei Pink Floyd Syd Barrett. Era nato &#8211; sempre a\u00a0Cambridge &#8211; il 6 gennaio 1946, quarto dei cinque figli del medico anatomista Arthur Max Barrett. Fino a 14 anni Syd (Roger Keith all&#8217;anagrafe) si dedic\u00f2 alla scrittura e al disegno. Inizi\u00f2 ad appassionarsi alla musica in seguito, quando suo fratello maggiore Alan impar\u00f2 a suonare il sassofono. E questa non \u00e8 l&#8217;unica curiosit\u00e0.<\/p>\n","protected":false},"excerpt":{"rendered":"Il\u00a07 luglio 2006 a Cambridge, 20 anni fa, ci lasciava\u00a0il fondatore e leader dei Pink Floyd Syd Barrett.&hellip;\n","protected":false},"author":3,"featured_media":293449,"comment_status":"","ping_status":"","sticky":false,"template":"","format":"standard","meta":{"footnotes":"","_share_on_mastodon":"0"},"categories":[174],"tags":[1585,14951,27162,2307,12418,74118,203,2731,12303,15291,172475,172476,74119,44143,204,1537,90,89,381,172477,172478,139697,426,1539,2737,1693,172479,172480,633,12337,9388,74123,72292,628],"class_list":["post-573398","post","type-post","status-publish","format-standard","has-post-thumbnail","category-intrattenimento","tag-band","tag-barrett","tag-cambridge","tag-cantautore","tag-david","tag-david-gilmour","tag-entertainment","tag-figli","tag-floyd","tag-fondatore","tag-fondatore-leader","tag-fondatore-leader-pink","tag-gilmour","tag-here","tag-intrattenimento","tag-it","tag-italia","tag-italy","tag-leader","tag-leader-pink","tag-leader-pink-floyd","tag-lsd","tag-luglio","tag-musica","tag-nato","tag-nome","tag-nome-pink","tag-nome-pink-floyd","tag-of","tag-pink","tag-pink-floyd","tag-syd","tag-syd-barrett","tag-the"],"share_on_mastodon":{"url":"https:\/\/pubeurope.com\/@it\/116877640466305705","error":""},"_links":{"self":[{"href":"https:\/\/www.europesays.com\/it\/wp-json\/wp\/v2\/posts\/573398","targetHints":{"allow":["GET"]}}],"collection":[{"href":"https:\/\/www.europesays.com\/it\/wp-json\/wp\/v2\/posts"}],"about":[{"href":"https:\/\/www.europesays.com\/it\/wp-json\/wp\/v2\/types\/post"}],"author":[{"embeddable":true,"href":"https:\/\/www.europesays.com\/it\/wp-json\/wp\/v2\/users\/3"}],"replies":[{"embeddable":true,"href":"https:\/\/www.europesays.com\/it\/wp-json\/wp\/v2\/comments?post=573398"}],"version-history":[{"count":0,"href":"https:\/\/www.europesays.com\/it\/wp-json\/wp\/v2\/posts\/573398\/revisions"}],"wp:featuredmedia":[{"embeddable":true,"href":"https:\/\/www.europesays.com\/it\/wp-json\/wp\/v2\/media\/293449"}],"wp:attachment":[{"href":"https:\/\/www.europesays.com\/it\/wp-json\/wp\/v2\/media?parent=573398"}],"wp:term":[{"taxonomy":"category","embeddable":true,"href":"https:\/\/www.europesays.com\/it\/wp-json\/wp\/v2\/categories?post=573398"},{"taxonomy":"post_tag","embeddable":true,"href":"https:\/\/www.europesays.com\/it\/wp-json\/wp\/v2\/tags?post=573398"}],"curies":[{"name":"wp","href":"https:\/\/api.w.org\/{rel}","templated":true}]}}