{"id":573444,"date":"2026-07-07T08:43:11","date_gmt":"2026-07-07T08:43:11","guid":{"rendered":"https:\/\/www.europesays.com\/it\/573444\/"},"modified":"2026-07-07T08:43:11","modified_gmt":"2026-07-07T08:43:11","slug":"nuovo-acquisto-lolimpia-si-prende-akele-dalla-virtus-ellis-ncaa-e-ufficiale","status":"publish","type":"post","link":"https:\/\/www.europesays.com\/it\/573444\/","title":{"rendered":"Nuovo acquisto. L\u2019Olimpia si prende. Akele dalla Virtus. Ellis-NCAA, \u00e8 ufficiale"},"content":{"rendered":"<p>Appena terminata l\u2019esperienza in nazionale con l\u2019inebriante vittoria contro la Lituania, <strong>Nikola Akele<\/strong> (nella foto), ala del 1995, \u00e8 arrivato di buon mattino in sede all\u2019<strong>Olimpia<\/strong> per il primo contatto ufficiale. Fa lo stesso passaggio che Pippo Ricci fece nel 2021, passando dalla Virtus Bologna a Milano. &#8220;Arrivo con grandi ambizioni, pronto a dare il massimo per raggiungere gli obiettivi che avremo come squadra &#8211; ha detto lo stesso Akele &#8211; Cercher\u00f2 di farmi trovare pronto ogni volta che ne avr\u00f2 l\u2019opportunit\u00e0, con l\u2019intento di aiutare l\u2019Olimpia ad arrivare il pi\u00f9 alto possibile anche in Europa. Sono contento e non vedo l\u2019ora di conoscere una realt\u00e0 di cui ho sempre sentito dire grandi cose&#8221;.<\/p>\n<p>C\u2019\u00e8 chi arriva e c\u2019\u00e8 chi parte, perch\u00e8 da ieri \u00e8 ufficialmente iniziata l\u2019avventura americana di <strong>Quinn Ellis<\/strong> che, fino a marzo, giocher\u00e0 per la <strong>St.John\u2019s University<\/strong> grazie ad un contratto milionario che lo ha letteralmente strappato dal pluriennale firmato con l\u2019Olimpia. Con un solo anno di eleggibilit\u00e0, sar\u00e0 solo un inframezzo, per\u00f2, perch\u00e8 dal termine del torneo NCAA sar\u00e0 riattivato il suo contratto in essere con l\u2019Armani e torner\u00e0 nel roster per la parte finale di stagione. Una strana novit\u00e0 alla quale, probabilmente, ci si dovr\u00e0 abituare nel futuro.<\/p>\n<p>Sandro Pugliese<\/p>\n","protected":false},"excerpt":{"rendered":"Appena terminata l\u2019esperienza in nazionale con l\u2019inebriante vittoria contro la Lituania, Nikola Akele (nella foto), ala del 1995,&hellip;\n","protected":false},"author":3,"featured_media":573445,"comment_status":"","ping_status":"","sticky":false,"template":"","format":"standard","meta":{"footnotes":"","_share_on_mastodon":"0"},"categories":[1453],"tags":[2842,138300,1756,1757,315995,1537,90,89,6071,2893,245,244,409,5284],"class_list":["post-573444","post","type-post","status-publish","format-standard","has-post-thumbnail","category-basket","tag-acquisto","tag-akele","tag-basket","tag-basketball","tag-ellisncaa","tag-it","tag-italia","tag-italy","tag-olimpia","tag-prende","tag-sport","tag-sports","tag-ufficiale","tag-virtus"],"share_on_mastodon":{"url":"https:\/\/pubeurope.com\/@it\/116877813960899432","error":""},"_links":{"self":[{"href":"https:\/\/www.europesays.com\/it\/wp-json\/wp\/v2\/posts\/573444","targetHints":{"allow":["GET"]}}],"collection":[{"href":"https:\/\/www.europesays.com\/it\/wp-json\/wp\/v2\/posts"}],"about":[{"href":"https:\/\/www.europesays.com\/it\/wp-json\/wp\/v2\/types\/post"}],"author":[{"embeddable":true,"href":"https:\/\/www.europesays.com\/it\/wp-json\/wp\/v2\/users\/3"}],"replies":[{"embeddable":true,"href":"https:\/\/www.europesays.com\/it\/wp-json\/wp\/v2\/comments?post=573444"}],"version-history":[{"count":0,"href":"https:\/\/www.europesays.com\/it\/wp-json\/wp\/v2\/posts\/573444\/revisions"}],"wp:featuredmedia":[{"embeddable":true,"href":"https:\/\/www.europesays.com\/it\/wp-json\/wp\/v2\/media\/573445"}],"wp:attachment":[{"href":"https:\/\/www.europesays.com\/it\/wp-json\/wp\/v2\/media?parent=573444"}],"wp:term":[{"taxonomy":"category","embeddable":true,"href":"https:\/\/www.europesays.com\/it\/wp-json\/wp\/v2\/categories?post=573444"},{"taxonomy":"post_tag","embeddable":true,"href":"https:\/\/www.europesays.com\/it\/wp-json\/wp\/v2\/tags?post=573444"}],"curies":[{"name":"wp","href":"https:\/\/api.w.org\/{rel}","templated":true}]}}