{"id":573558,"date":"2026-07-07T10:12:15","date_gmt":"2026-07-07T10:12:15","guid":{"rendered":"https:\/\/www.europesays.com\/it\/573558\/"},"modified":"2026-07-07T10:12:15","modified_gmt":"2026-07-07T10:12:15","slug":"grande-festa-a-carpi-per-il-gran-finale-di-yoga-radio-bruno-estate-emozioni-hit-e-50-anni-di-radio-bruno","status":"publish","type":"post","link":"https:\/\/www.europesays.com\/it\/573558\/","title":{"rendered":"Grande festa a Carpi per il gran finale di Yoga Radio Bruno Estate: emozioni, hit e 50 anni di Radio Bruno"},"content":{"rendered":"\n<p class=\"PDq2pG_selectionAnchorContainer\" data-start=\"367\" data-end=\"780\">\u00c8 stata una vera festa della musica quella andata in scena a <strong data-start=\"428\" data-end=\"437\">Carpi<\/strong>, dove <strong data-start=\"444\" data-end=\"476\">Yoga Radio Bruno Estate 2026<\/strong> ha salutato il pubblico con una serata ricca di emozioni, grandi successi e un cast capace di unire artisti di ogni generazione. Dopo le tappe di Riccione, Piacenza e Reggio Emilia, il tour si \u00e8 concluso nella citt\u00e0 dove Radio Bruno \u00e8 nata, trasformando Piazza Martiri in un enorme palco a cielo aperto.<\/p>\n<p data-start=\"782\" data-end=\"1322\">A rendere ancora pi\u00f9 speciale l\u2019evento sono stati i festeggiamenti per i <strong data-start=\"855\" data-end=\"881\">50 anni di Radio Bruno<\/strong>. Sul palco sono saliti tanti volti che hanno scritto la storia dell\u2019emittente insieme al fondatore e presidente <strong data-start=\"994\" data-end=\"1011\">Gianni Prandi<\/strong>, accolto dall\u2019affetto del pubblico. Con lui anche il sindaco <strong data-start=\"1073\" data-end=\"1091\">Riccardo Righi<\/strong>, che ha ringraziato tutti coloro che hanno lavorato per portare uno spettacolo cos\u00ec importante nel cuore della citt\u00e0: \u201cOrganizzare un evento del genere non \u00e8 semplice, quindi grazie a tutti quelli che hanno lavorato. Vedere la piazza cos\u00ec \u00e8 bellissimo. Merito di Radio Bruno e merito di Gianni Prandi, volto e persona fondamentale\u201d. Gianni Prandi, fondatore e presidente di Radio Bruno, ha ricambiato il ringraziamento sottolineando il legame con la citt\u00e0: \u201cGrazie al sindaco e all\u2019amministrazione, \u00e8 solo merito loro se siamo riusciti a portare qui Radio Bruno Estate. Festeggiare nella nostra citt\u00e0 i 50 anni \u00e8 speciale, grazie a tutti voi che siete qui in piazza\u201d.<\/p>\n<p data-start=\"1324\" data-end=\"1612\">A dare il via alla musica \u00e8 stato <strong data-start=\"1358\" data-end=\"1365\">Nek<\/strong>, che dopo aver partecipato ai festeggiamenti ha emozionato la piazza con <strong data-start=\"1439\" data-end=\"1458\">\u201cLaura non c\u2019\u00e8\u201d<\/strong>, <strong data-start=\"1460\" data-end=\"1483\">\u201cLascia che io sia\u201d<\/strong> e <strong data-start=\"1486\" data-end=\"1510\">\u201cFatti avanti amore\u201d<\/strong>, confessando anche il desiderio di tornare un giorno dietro al microfono come speaker di Radio Bruno.<\/p>\n<p data-start=\"1614\" data-end=\"2018\">La serata ha alternato momenti di energia e grandi emozioni. <strong data-start=\"1675\" data-end=\"1683\">Gaia<\/strong> ha portato tutta la sua vitalit\u00e0 sul palco, mentre <strong data-start=\"1735\" data-end=\"1756\">Francesco Gabbani<\/strong> ha fatto cantare il pubblico con alcune delle sue hit pi\u00f9 amate. Il ritmo \u00e8 salito ancora con <strong data-start=\"1851\" data-end=\"1868\">Fred De Palma<\/strong>, <strong data-start=\"1870\" data-end=\"1893\">Elettra Lamborghini<\/strong>, <strong data-start=\"1895\" data-end=\"1905\">Baby K<\/strong> e il dj set finale di <strong data-start=\"1928\" data-end=\"1946\">Merk &amp; Kremont<\/strong>, che hanno trasformato Piazza Martiri in una gigantesca pista da ballo.<\/p>\n<p data-start=\"2020\" data-end=\"2389\">Non sono mancati i momenti pi\u00f9 romantici. <strong data-start=\"2062\" data-end=\"2074\">Mr. Rain<\/strong> ha ricevuto un caloroso abbraccio dal pubblico sulle note di <strong data-start=\"2136\" data-end=\"2151\">\u201cSupereroi\u201d<\/strong>, mentre <strong data-start=\"2160\" data-end=\"2169\">Arisa<\/strong> ha incantato con la sua voce prima di accogliere sul palco <strong data-start=\"2229\" data-end=\"2246\">Fabio Rovazzi<\/strong> per il nuovo singolo <strong data-start=\"2268\" data-end=\"2296\">\u201cLa costiera amalfitana\u201d<\/strong>. Tra battute e sorrisi, i due hanno regalato uno dei siparietti pi\u00f9 divertenti della serata.<\/p>\n<p data-start=\"2391\" data-end=\"2692\">A far cantare tutte le generazioni ci hanno pensato anche <strong data-start=\"2449\" data-end=\"2468\">Ricchi e Poveri<\/strong>, <strong data-start=\"2470\" data-end=\"2485\">Paola Iezzi<\/strong>, <strong data-start=\"2487\" data-end=\"2503\">Benji &amp; Fede<\/strong>, <strong data-start=\"2505\" data-end=\"2522\">Sarah Toscano<\/strong> e <strong data-start=\"2525\" data-end=\"2534\">Noemi<\/strong>, che oltre a guidare lo show insieme a <strong data-start=\"2574\" data-end=\"2589\">Enrico Papi<\/strong> ed <strong data-start=\"2593\" data-end=\"2609\">Enzo Ferrari<\/strong> si \u00e8 presa il suo momento sul palco interpretando alcuni dei suoi brani pi\u00f9 amati.<\/p>\n<p data-start=\"2694\" data-end=\"2966\">L\u2019abbraccio della sua citt\u00e0 \u00e8 andato poi a <strong data-start=\"2737\" data-end=\"2752\">Paolo Belli<\/strong>, accolto come un simbolo di Carpi, mentre spazio anche ai nuovi protagonisti della scena musicale con <strong data-start=\"2855\" data-end=\"2875\">Lorenzo Salvetti<\/strong>, vincitore di Amici, e <strong data-start=\"2901\" data-end=\"2911\">Plasma<\/strong>, tra gli artisti pi\u00f9 seguiti dal pubblico pi\u00f9 giovane.<\/p>\n<p data-start=\"2968\" data-end=\"3246\">Con il gran finale firmato <strong>Merk &amp; Kremont<\/strong> si \u00e8 chiusa un\u2019edizione che ha portato migliaia di persone nelle piazze di tutta l\u2019Emilia-Romagna e della Riviera, confermando ancora una volta Yoga Radio Bruno Estate come uno degli appuntamenti musicali pi\u00f9 amati dell\u2019estate italiana.<\/p>\n<p data-start=\"3248\" data-end=\"3409\" data-is-last-node=\"\" data-is-only-node=\"\">L\u2019appuntamento adesso \u00e8 ad agosto con le repliche televisive su <strong data-start=\"3312\" data-end=\"3324\">Italia 1<\/strong>, in attesa di ritrovarsi il prossimo anno per una nuova stagione di musica dal vivo.<\/p>\n","protected":false},"excerpt":{"rendered":"\u00c8 stata una vera festa della musica quella andata in scena a Carpi, dove Yoga Radio Bruno Estate&hellip;\n","protected":false},"author":3,"featured_media":573559,"comment_status":"","ping_status":"","sticky":false,"template":"","format":"standard","meta":{"footnotes":"","_share_on_mastodon":"0"},"categories":[1443],"tags":[4809,203,204,1537,90,89,1538,1539,306319],"class_list":["post-573558","post","type-post","status-publish","format-standard","has-post-thumbnail","category-musica","tag-carpi","tag-entertainment","tag-intrattenimento","tag-it","tag-italia","tag-italy","tag-music","tag-musica","tag-yoga-radio-bruno-estate-2026"],"share_on_mastodon":{"url":"https:\/\/pubeurope.com\/@it\/116878163762573407","error":""},"_links":{"self":[{"href":"https:\/\/www.europesays.com\/it\/wp-json\/wp\/v2\/posts\/573558","targetHints":{"allow":["GET"]}}],"collection":[{"href":"https:\/\/www.europesays.com\/it\/wp-json\/wp\/v2\/posts"}],"about":[{"href":"https:\/\/www.europesays.com\/it\/wp-json\/wp\/v2\/types\/post"}],"author":[{"embeddable":true,"href":"https:\/\/www.europesays.com\/it\/wp-json\/wp\/v2\/users\/3"}],"replies":[{"embeddable":true,"href":"https:\/\/www.europesays.com\/it\/wp-json\/wp\/v2\/comments?post=573558"}],"version-history":[{"count":0,"href":"https:\/\/www.europesays.com\/it\/wp-json\/wp\/v2\/posts\/573558\/revisions"}],"wp:featuredmedia":[{"embeddable":true,"href":"https:\/\/www.europesays.com\/it\/wp-json\/wp\/v2\/media\/573559"}],"wp:attachment":[{"href":"https:\/\/www.europesays.com\/it\/wp-json\/wp\/v2\/media?parent=573558"}],"wp:term":[{"taxonomy":"category","embeddable":true,"href":"https:\/\/www.europesays.com\/it\/wp-json\/wp\/v2\/categories?post=573558"},{"taxonomy":"post_tag","embeddable":true,"href":"https:\/\/www.europesays.com\/it\/wp-json\/wp\/v2\/tags?post=573558"}],"curies":[{"name":"wp","href":"https:\/\/api.w.org\/{rel}","templated":true}]}}