{"id":573782,"date":"2026-07-07T13:16:16","date_gmt":"2026-07-07T13:16:16","guid":{"rendered":"https:\/\/www.europesays.com\/it\/573782\/"},"modified":"2026-07-07T13:16:16","modified_gmt":"2026-07-07T13:16:16","slug":"orsato-nuovo-designatore-degli-arbitri-serie-a","status":"publish","type":"post","link":"https:\/\/www.europesays.com\/it\/573782\/","title":{"rendered":"Orsato nuovo designatore degli arbitri Serie A:"},"content":{"rendered":"<p>                                \u201cLavoreremo duro, studieremo tanto, cercheremo di migliorare gli arbitri pi\u00f9 grandi e di far diventare grandi i pi\u00f9 giovani\u201d, le sue prime parole<\/p>\n<p>            <a class=\"image is-50x50\" href=\"https:\/\/www.gazzetta.it\/redazione\/matteo-dalla-vite\/\" rel=\"nofollow noopener\" target=\"_blank\"><br \/>\n                <img decoding=\"async\" class=\"is-rounded\" src=\"https:\/\/www.europesays.com\/it\/wp-content\/uploads\/2026\/06\/matteo-dalla-vite_avatar.png\" alt=\"Matteo Dalla Vite\"\/><br \/>\n            <\/a><\/p>\n<p>Giornalista<\/p>\n<p>                    7 luglio &#8211; 14:19  &#8211; MILANO<\/p>\n<p class=\"paragraph\" spellcheck=\"true\">Si sa: da giovane sognava di fare l\u2019elettricista e d\u2019ora in poi, quindi dalle ore 13,20 del 7 luglio 2026, gli toccher\u00e0 l\u2019amb\u00ecto e inseguito compito di riaccendere un periodo arbitrale fatto di troppi tunnel e vicissitudini che ancora devono avere una fine: Daniele Orsato, 50 anni, \u00e8 il nuovo designatore della Can A e B, un traguardo scritto da mesi e per il quale erano stati fatti diversi nomi, da Nicola Rizzoli a Daniele Doveri che per\u00f2 ha deciso di restare sul campo per arbitrare un altro anno. Diriger\u00e0 Orsato insomma: lo ha deciso il neo direttore tecnico Domenico Messina (anch\u2019egli ex designatore dal 2014 al 2017) assieme al Comitato Nazionale. Il tutto, nella sala \u201cPaolo Rossi\u201d di via Allegri, sancito davanti al nuovo numero uno della FIGC Giovanni Malag\u00f2. \u201cOggi pi\u00f9 che mai &#8211; racconta Malag\u00f2 &#8211; \u00e8 importante l&#8217;indipendenza e la terziet\u00e0 del settore. Non nascondo che mi sono sentito coi Rizzoli, Collina e Rosetti, anche il nuovo direttore tecnico Messina \u00e8 stato all\u2019estero: questa storia deve continuare, nella strada della credibilit\u00e0\u201d.\u00a0\u201cLavoreremo duro, studieremo tanto, cercheremo di migliorare gli arbitri pi\u00f9 grandi e di far diventare grandi i pi\u00f9 giovani\u201d, le parole di Orsato dopo la nomina.\u00a0<\/p>\n<p>    Biennale\u2014 \u00a0<\/p>\n<p class=\"paragraph is-inline\" spellcheck=\"true\">L\u2019investitura dovrebbe diventare un primo passo di ripartenza dell\u2019AIA attualmente presieduta dal vicepresidente vicario Francesco Massini dopo la decadenza di Antonio Zappi: per Orsato, il mandato &#8211; che sar\u00e0 biennale &#8211; arriva dopo una carriera fatta di 290 gare dirette in A (numero inferiore solo a Concetto Lo Bello), di una finale di Champions League, di Europei e un Mondiale; una carriera abbandonata sul campo nell\u2019agosto 2024, riabbracciata da dirigente dell\u2019AIA nel gennaio 2025 (commissario per lo sviluppo del talento arbitrale), proseguita la scorsa stagione come designatore della Can C (con in squadra i fidatissimi Carboni e Giallatini, che lo seguiranno anche nella nuova avventura) ed ora impennatasi con questo incarico prestigioso che arriva dopo quelli ricoperti da Gianluca Rocchi e (ad interim) da Dino Tommasi.\u00a0<\/p>\n<p><a class=\"is-partner-link\" href=\"https:\/\/abbonamenti.gazzetta.it\/de-promo-mondiali\/?pwcmp=cta&amp;forceBrowser=true\" rel=\"nofollow noopener\" target=\"_blank\">Gazzetta Mondiale: ogni notte un\u2019edizione straordinaria esclusiva. Non perdertela, abbonati a 1\u20ac\/mese!<\/a><\/p>\n<p>    Ayroldi e Dondarini\u2014 \u00a0<\/p>\n<p class=\"paragraph is-inline\" spellcheck=\"true\">Nel resto, Nicola Ayroldi (109 gare dirette in A), sar\u00e0 il designatore della Can C e Paolo Dondarini (93 gare in A, ormai ex presidente del CRA regionale in Emilia Romagna) \u00e8 il nuovo designatore della Can D. Fra met\u00e0 settembre e inizio ottobre andranno in scena le elezioni per il post-Zappi: da Massini ad Affinito (ora vicepresidente vicario e vicepresidente) fino a una voce Pisacreta, saranno forse tre o quattro le \u201cfazioni\u201d che da domani ai giorni delle candidature via via si paleseranno per la massima carica dell\u2019AIA.<\/p>\n<p class=\"is-copyright\">\u00a9 RIPRODUZIONE RISERVATA<\/p>\n","protected":false},"excerpt":{"rendered":"\u201cLavoreremo duro, studieremo tanto, cercheremo di migliorare gli arbitri pi\u00f9 grandi e di far diventare grandi i pi\u00f9&hellip;\n","protected":false},"author":3,"featured_media":573783,"comment_status":"","ping_status":"","sticky":false,"template":"","format":"standard","meta":{"footnotes":"","_share_on_mastodon":"0"},"categories":[1452],"tags":[15717,29640,29372,316204,316205,2478,76085,41582,721,921,1587,1902,50566,316206,316207,3163,3059,36774,316203,46220,1109,3372,316208,14841,316209,316210,2097,1740,1837,1251,1537,90,89,36772,1739,245,244,7352],"class_list":["post-573782","post","type-post","status-publish","format-standard","has-post-thumbnail","category-calcio","tag-aia","tag-arbitrale","tag-arbitri","tag-arbitri-grandi","tag-arbitri-grandi-far","tag-arriva","tag-ayroldi","tag-biennale","tag-calcio","tag-campo","tag-can","tag-carriera","tag-cercheremo","tag-cercheremo-migliorare","tag-cercheremo-migliorare-arbitri","tag-daniele","tag-deciso","tag-designatore","tag-designatore-can","tag-dirette","tag-direttore","tag-direttore-tecnico","tag-dondarini","tag-duro","tag-duro-studieremo","tag-duro-studieremo-cercheremo","tag-far","tag-football","tag-gare","tag-grandi","tag-it","tag-italia","tag-italy","tag-orsato","tag-soccer","tag-sport","tag-sports","tag-vicepresidente"],"share_on_mastodon":{"url":"https:\/\/pubeurope.com\/@it\/116878887415545066","error":""},"_links":{"self":[{"href":"https:\/\/www.europesays.com\/it\/wp-json\/wp\/v2\/posts\/573782","targetHints":{"allow":["GET"]}}],"collection":[{"href":"https:\/\/www.europesays.com\/it\/wp-json\/wp\/v2\/posts"}],"about":[{"href":"https:\/\/www.europesays.com\/it\/wp-json\/wp\/v2\/types\/post"}],"author":[{"embeddable":true,"href":"https:\/\/www.europesays.com\/it\/wp-json\/wp\/v2\/users\/3"}],"replies":[{"embeddable":true,"href":"https:\/\/www.europesays.com\/it\/wp-json\/wp\/v2\/comments?post=573782"}],"version-history":[{"count":0,"href":"https:\/\/www.europesays.com\/it\/wp-json\/wp\/v2\/posts\/573782\/revisions"}],"wp:featuredmedia":[{"embeddable":true,"href":"https:\/\/www.europesays.com\/it\/wp-json\/wp\/v2\/media\/573783"}],"wp:attachment":[{"href":"https:\/\/www.europesays.com\/it\/wp-json\/wp\/v2\/media?parent=573782"}],"wp:term":[{"taxonomy":"category","embeddable":true,"href":"https:\/\/www.europesays.com\/it\/wp-json\/wp\/v2\/categories?post=573782"},{"taxonomy":"post_tag","embeddable":true,"href":"https:\/\/www.europesays.com\/it\/wp-json\/wp\/v2\/tags?post=573782"}],"curies":[{"name":"wp","href":"https:\/\/api.w.org\/{rel}","templated":true}]}}