{"id":573888,"date":"2026-07-07T14:45:11","date_gmt":"2026-07-07T14:45:11","guid":{"rendered":"https:\/\/www.europesays.com\/it\/573888\/"},"modified":"2026-07-07T14:45:11","modified_gmt":"2026-07-07T14:45:11","slug":"minuscolo-serbatoio-nellocchio-rilascia-farmaco-senza-luso-di-siringhe-la-tecnica-innovativa-a-napoli","status":"publish","type":"post","link":"https:\/\/www.europesays.com\/it\/573888\/","title":{"rendered":"Minuscolo serbatoio nell&#8217;occhio rilascia farmaco senza l&#8217;uso di siringhe: la tecnica innovativa a Napoli"},"content":{"rendered":"<p>Il direttore <strong>Francesco Calabr\u00f2<\/strong>,\u00a0dell\u2019U.O.C. di Oculistica dell\u2019Azienda Ospedaliera dei Colli,\u00a0e la sua \u00e9quipe composta dagli infermieri <strong>Angela Cennamo<\/strong> e <strong>Francesco Spera<\/strong>, dall\u2019ortottista <strong>Gaetano Fioretto<\/strong> e dalla dottoressa <strong>Flavia Chiosi<\/strong> hanno eseguito un intervento innovativo ad una paziente affetta da maculopatia legata all&#8217;et\u00e0, che per tenere a freno la malattia, doveva sottoporsi a delle iniezioni repentinamente. Sono stati loro a migliorarle la vita, perch\u00e8 per la prima volta in <a href=\"https:\/\/www.ilmattino.it\/t\/campania\" rel=\"nofollow noopener\" target=\"_blank\">Campania<\/a>, sono riusciti a impiantare con successo un dispositivo innovativo, chiamato<strong> Port Delivery System<\/strong> (PDS). \u00abSi tratta di un piccolissimo serbatoio \u2013 spiega il dottor Calabr\u00f2 \u2013 impiantato chirurgicamente nella parete dell\u2019occhio, che rilascia in modo continuo un farmaco anti-VEGF usato per patologie come la degenerazione maculare senile neovascolare, detta anche umida\u00bb.<\/p>\n<p><p>APPROFONDIMENTI<\/p>\n<\/p>\n<p>Il Centro dell\u2019<a href=\"https:\/\/www.ilmattino.it\/t\/azienda-ospedaliera-dei-colli\" rel=\"nofollow noopener\" target=\"_blank\">Azienda Ospedaliera dei Colli<\/a> si conferma ancora una volta tra i pi\u00f9 importanti d\u2019<a href=\"https:\/\/www.ilmattino.it\/t\/italia\" rel=\"nofollow noopener\" target=\"_blank\">Italia<\/a>, un punto di riferimento al quale i pazienti possono accedere per fruire delle pi\u00f9 avanzate opzioni terapeutiche oggi disponibili. Non a caso, la paziente \u2013 di circa 70 anni \u2013 \u00e8 stata selezionata nell\u2019ambito di uno studio clinico multicentrico internazionale di fase III.<\/p>\n<p>\u00abQuesto risultato \u2013 sottolinea la direttrice generale dell\u2019Azienda Ospedaliera dei Colli, <strong>Anna Iervolino<\/strong> \u2013 conferma la capacit\u00e0 dei nostri professionisti di portare ai pazienti innovazione, competenze e terapie all\u2019avanguardia. \u00c8 un intervento che conferma ulteriormente il ruolo dell\u2019Azienda dei Colli come centro di riferimento per percorsi di cura ad alta specializzazione, nei quali la ricerca clinica si traduce concretamente in nuove opportunit\u00e0 per i cittadini\u00bb.<\/p>\n<p>Per Rosa (nome immaginario della paziente), e per i pazienti che in futuro potranno beneficiare di questa tecnologia, l\u2019intervento significa passare da una terapia vissuta come appuntamento ricorrente e invasivo a una gestione pi\u00f9 stabile e programmata della malattia. Nelle patologie della retina, come la degenerazione maculare umida, molti pazienti devono sottoporsi a iniezioni intravitreali ripetute, talvolta anche mensili o comunque frequenti.<\/p>\n<p>Il<strong> Port Delivery System<\/strong> nasce per ridurre questo carico: \u00e8 un impianto ricaricabile che rilascia il farmaco in modo continuo e pu\u00f2 richiedere ricariche molto pi\u00f9 distanziate, anche a distanza di 24 settimane.<\/p>\n","protected":false},"excerpt":{"rendered":"Il direttore Francesco Calabr\u00f2,\u00a0dell\u2019U.O.C. di Oculistica dell\u2019Azienda Ospedaliera dei Colli,\u00a0e la sua \u00e9quipe composta dagli infermieri Angela Cennamo&hellip;\n","protected":false},"author":3,"featured_media":573889,"comment_status":"","ping_status":"","sticky":false,"template":"","format":"standard","meta":{"footnotes":"","_share_on_mastodon":"0"},"categories":[175],"tags":[316314,8818,316315,239,327,1537,90,89,248,240],"class_list":["post-573888","post","type-post","status-publish","format-standard","has-post-thumbnail","category-salute","tag-azienda-ospedaliera-dei-colli","tag-campania","tag-francesco-calabr","tag-health","tag-intervento","tag-it","tag-italia","tag-italy","tag-napoli","tag-salute"],"share_on_mastodon":{"url":"https:\/\/pubeurope.com\/@it\/116879237469773317","error":""},"_links":{"self":[{"href":"https:\/\/www.europesays.com\/it\/wp-json\/wp\/v2\/posts\/573888","targetHints":{"allow":["GET"]}}],"collection":[{"href":"https:\/\/www.europesays.com\/it\/wp-json\/wp\/v2\/posts"}],"about":[{"href":"https:\/\/www.europesays.com\/it\/wp-json\/wp\/v2\/types\/post"}],"author":[{"embeddable":true,"href":"https:\/\/www.europesays.com\/it\/wp-json\/wp\/v2\/users\/3"}],"replies":[{"embeddable":true,"href":"https:\/\/www.europesays.com\/it\/wp-json\/wp\/v2\/comments?post=573888"}],"version-history":[{"count":0,"href":"https:\/\/www.europesays.com\/it\/wp-json\/wp\/v2\/posts\/573888\/revisions"}],"wp:featuredmedia":[{"embeddable":true,"href":"https:\/\/www.europesays.com\/it\/wp-json\/wp\/v2\/media\/573889"}],"wp:attachment":[{"href":"https:\/\/www.europesays.com\/it\/wp-json\/wp\/v2\/media?parent=573888"}],"wp:term":[{"taxonomy":"category","embeddable":true,"href":"https:\/\/www.europesays.com\/it\/wp-json\/wp\/v2\/categories?post=573888"},{"taxonomy":"post_tag","embeddable":true,"href":"https:\/\/www.europesays.com\/it\/wp-json\/wp\/v2\/tags?post=573888"}],"curies":[{"name":"wp","href":"https:\/\/api.w.org\/{rel}","templated":true}]}}