{"id":574185,"date":"2026-07-07T18:40:15","date_gmt":"2026-07-07T18:40:15","guid":{"rendered":"https:\/\/www.europesays.com\/it\/574185\/"},"modified":"2026-07-07T18:40:15","modified_gmt":"2026-07-07T18:40:15","slug":"milan-ce-karetsas-nel-mirino-per-la-trequarti-di-amorim","status":"publish","type":"post","link":"https:\/\/www.europesays.com\/it\/574185\/","title":{"rendered":"Milan, c&#8217;\u00e8 Karetsas nel mirino per la trequarti di Amorim"},"content":{"rendered":"<p>                                Il talento 18enne del Genk \u00e8 &#8211; gi\u00e0 da tempo &#8211; nel mirino del club rossonero, ma costa parecchio: servono circa 40 milioni<\/p>\n<p class=\"paragraph\" spellcheck=\"true\">Il cognome \u00e8 evocativo, perch\u00e9 parliamo di un ragazzo &#8211; 18 anni, 19 a novembre &#8211; dai piedi particolarmente morbidi ed educati quando deve gestire il pallone. Konstantinos Karetsas, nato in Belgio da genitori greci, \u00e8 l&#8217;idea che anima il quarto piano di Casa Milan per la trequarti. Un profilo decisamente interessante, che ha gi\u00e0 attirato parecchia attenzione su di s\u00e9 perch\u00e9 riesce a mettere insieme tre fattori cruciali: nobilt\u00e0 del ruolo, qualit\u00e0 ed et\u00e0. Gioca nel Genk da anni (\u00e8 l\u00ec che ha iniziato a livello giovanile, poi perfezionato all&#8217;Anderlecht), e dal Genk parrebbe destinato ad andarsene perch\u00e9 in prospettiva il suo livello \u00e8 superiore. Il problema \u00e8 che il club belga a dicembre gli ha saggiamente rinnovato il contratto (ora scade nel 2029) e quindi per portarsi a casa questo mancino classe 2007 occorrono circa 40 milioni. E lui, a giudicare dalle recenti dichiarazioni, non parrebbe avere una fretta assoluta di cambiare aria: &#8220;Come vedo lo sviluppo della mia carriera? Prima affermarmi in Belgio e poi fare un trasferimento quest\u2019anno o l\u2019anno prossimo.\u00a0Non ho preferenze per un campionato in particolare, ma se proprio devo scegliere allora preferirei la Liga&#8221;.<\/p>\n<p>        curriculum\u2014 \u00a0<\/p>\n<p class=\"paragraph\" spellcheck=\"true\">Il Milan comunque vuole provarci perch\u00e9, proseguendo di questo passo, il prezzo presto potrebbe diventare fuori mercato per i club italiani. Tradotto: sarebbe la consueta guerra impari con la Premier League.\u00a0Konstantinos pare davvero un predestinato non solo per le qualit\u00e0 evidenti, ma anche per il suo curriculum: vanta gi\u00e0 oltre cento presenze da pro&#8217; tra club e Grecia, la nazione che ha scelto di rappresentare dopo la trafila nelle selezioni giovanili belghe. Pu\u00f2 essere impiegato sulla corsia destra (e lui quando succede non se ne lamenta), ma il suo ruolo naturale \u00e8 sulla trequarti perch\u00e9 il ragazzo pi\u00f9 che segnare ama agevolare i compagni. La bellezza degli assist per i giocatori di fantasia \u00e8 superiore a quella del gol. E attenzione, quello del Milan non \u00e8 un innamoramento dell&#8217;ultima ora: il Diavolo lo segue almeno dall&#8217;autunno 2025, quando gli scout si erano mossi per osservare dal vivo questo talento di 173 centimetri e fisico minuto, che per\u00f2 sa giocare ad alto ritmo e ama l\u2019uno contro uno, grazie alla rapidit\u00e0 nello stretto.<\/p>\n<p><a class=\"is-partner-link\" href=\"https:\/\/aipredictor.gazzetta.it\/?intcmp=calciomercato\" rel=\"nofollow noopener\" target=\"_blank\">Promo Mondiale 1\u20ac al mese per 3 mesi &#8211; Scopri chi vince con Gazzetta AI Predictor!<\/a><\/p>\n<p>        talento\u2014 \u00a0<\/p>\n<p class=\"paragraph\" spellcheck=\"true\">Gi\u00e0 allora, comunque, servivano come minimo 25 milioni e in effetti le qualit\u00e0 evidenti di Karetsas ne hanno fatto fin da subito un elemento piuttosto caro. Condizione a cui ha ovviamente contribuito l&#8217;interesse di mezza Premier (cos\u00ec come di altri club, compresi alcuni italiani). Konstantinos ha debuttato nel Genk quando non aveva ancora 16 anni (a 15 infatti ha segnato il gol pi\u00f9 giovane nella storia del calcio professionistico belga) ed \u00e8 da sempre abituato alla ribalta che viene naturale concedere ai ragazzi di talento dal futuro promettente. Il suo punto forte?\u00a0Il primo controllo orientato, poi ovviamente dribbling e passaggi filtranti. Non \u00e8 un caso che i suoi modelli di riferimento siano Ronaldinho e Neymar, che magari suona un po&#8217; banale ma rende l&#8217;idea del tipo di calcio a cui Konstantinos si ispira. Tutti tipi da carezze al pallone.<\/p>\n<p class=\"is-copyright\">\u00a9 RIPRODUZIONE RISERVATA<\/p>\n","protected":false},"excerpt":{"rendered":"Il talento 18enne del Genk \u00e8 &#8211; gi\u00e0 da tempo &#8211; nel mirino del club rossonero, ma costa&hellip;\n","protected":false},"author":3,"featured_media":574186,"comment_status":"","ping_status":"","sticky":false,"template":"","format":"standard","meta":{"footnotes":"","_share_on_mastodon":"0"},"categories":[1452],"tags":[1998,316448,316449,15059,2109,279,291,721,554,12414,84287,1740,85595,1976,128,1537,90,627,89,316054,316446,6110,553,9863,3269,1955,149723,115,4963,316447,5402,138,1739,245,244,9329,3445,51890],"class_list":["post-574185","post","type-post","status-publish","format-standard","has-post-thumbnail","category-calcio","tag-abituato","tag-abituato-ribalta","tag-abituato-ribalta-viene","tag-ama","tag-attenzione","tag-belga","tag-belgio","tag-calcio","tag-club","tag-curriculum","tag-evidenti","tag-football","tag-genk","tag-gol","tag-idea","tag-it","tag-italia","tag-italiani","tag-italy","tag-karetsas","tag-konstantinos","tag-livello","tag-milan","tag-naturale","tag-ovviamente","tag-pallone","tag-parrebbe","tag-premier","tag-qualita","tag-qualita-evidenti","tag-ragazzo","tag-ruolo","tag-soccer","tag-sport","tag-sports","tag-superiore","tag-talento","tag-trequarti"],"share_on_mastodon":{"url":"https:\/\/pubeurope.com\/@it\/116880161362212079","error":""},"_links":{"self":[{"href":"https:\/\/www.europesays.com\/it\/wp-json\/wp\/v2\/posts\/574185","targetHints":{"allow":["GET"]}}],"collection":[{"href":"https:\/\/www.europesays.com\/it\/wp-json\/wp\/v2\/posts"}],"about":[{"href":"https:\/\/www.europesays.com\/it\/wp-json\/wp\/v2\/types\/post"}],"author":[{"embeddable":true,"href":"https:\/\/www.europesays.com\/it\/wp-json\/wp\/v2\/users\/3"}],"replies":[{"embeddable":true,"href":"https:\/\/www.europesays.com\/it\/wp-json\/wp\/v2\/comments?post=574185"}],"version-history":[{"count":0,"href":"https:\/\/www.europesays.com\/it\/wp-json\/wp\/v2\/posts\/574185\/revisions"}],"wp:featuredmedia":[{"embeddable":true,"href":"https:\/\/www.europesays.com\/it\/wp-json\/wp\/v2\/media\/574186"}],"wp:attachment":[{"href":"https:\/\/www.europesays.com\/it\/wp-json\/wp\/v2\/media?parent=574185"}],"wp:term":[{"taxonomy":"category","embeddable":true,"href":"https:\/\/www.europesays.com\/it\/wp-json\/wp\/v2\/categories?post=574185"},{"taxonomy":"post_tag","embeddable":true,"href":"https:\/\/www.europesays.com\/it\/wp-json\/wp\/v2\/tags?post=574185"}],"curies":[{"name":"wp","href":"https:\/\/api.w.org\/{rel}","templated":true}]}}