{"id":574193,"date":"2026-07-07T18:45:35","date_gmt":"2026-07-07T18:45:35","guid":{"rendered":"https:\/\/www.europesays.com\/it\/574193\/"},"modified":"2026-07-07T18:45:35","modified_gmt":"2026-07-07T18:45:35","slug":"zucchero-baila-sotto-la-luna-di-bologna-io-fra-davis-e-mandela-su-de-gregori-taccio","status":"publish","type":"post","link":"https:\/\/www.europesays.com\/it\/574193\/","title":{"rendered":"Zucchero \u2018baila\u2019 sotto la luna di Bologna: \u201cIo fra Davis e Mandela. Su De Gregori taccio\u201d"},"content":{"rendered":"<p>Bologna, 7 luglio 2026 \u2013\u00a0<strong>Baila.<\/strong> Sotto la luna (calante) di Bologna, Zucchero ieri ha parlato pure del rapporto tra Sanremo ed Eurovision Song Contest e dell\u2019idea di creare una serata ad hoc nel corso della settimana santa della canzone italiana per la scelta del candidato italiano all\u2019Esc, sciogliendo cos\u00ec l\u2019automatismo vincitore-rappresentante. Come se il vincitore dello scudetto poi non giocasse di diritto pure la Champion. \u201cPremesso che Sanremo non \u00e8 un campionato di calcio, ma al limite una partita di ping pong, dove sono passato anch\u2019io arrivando penultimo, fossi il direttore artistico farei esattamente quello che ha proposto De Martino: slegare la vittoria di Sanremo dalla partecipazione all\u2019Eurovision\u201d.<\/p>\n<p> <img alt=\"Zucchero \u2018baila\u2019 sotto la luna di Bologna: \u201cIo fra Davis e Mandela. Su De Gregori taccio\u201d\" loading=\"lazy\" width=\"762\" height=\"429\" decoding=\"async\" data-nimg=\"1\" style=\"color:transparent\"  src=\"https:\/\/www.europesays.com\/it\/wp-content\/uploads\/2026\/07\/xamds82.jpeg\"\/><br \/>\nIl ventre euforico del Dall\u2019Ara <\/p>\n<p>E, nel ventre euforico del Dall\u2019Ara, con l\u2019adrenalina in salita per l\u2019imminenza del concerto, <strong>hai voglia a fargli notare come i vincitori di Sanremo<\/strong>, unico caso in Europa, nell\u2019ultimo decennio non siano mai andati sotto al settimo posto. \u201cL\u2019Eurovision fa ca*are in ogni modo. Cos\u00ec come gli italiani che ci sono andati, eccetto i M\u00e5neskin. D\u2019altronde tra i vincitori di chi ci si ricorda? Forse solo di Conchita Wurst, il barbuto con le tette da donna. Secondo me si dovrebbe pensare meno a queste cose e pi\u00f9 a portare delle belle canzoni\u201d. \u00a0<strong>Pensieri <\/strong>sfumati, quasi sottotraccia, di un pomeriggio rovente nell\u2019attesa di una maratona in bilico tra Spirito nel buio e Diavolo in me, duettando Miserere (in video con Pavarotti) e con recuperi eccellenti come Scintille o Love again, in replica pure a Pescara domani, Perugia l\u201911 luglio a Umbria Jazz, Messina il 14 e Lucca il 16 sul palco del Summer Festival. Un tour mondiale che prosegue fino all\u2019anno prossimo con tappa conclusiva il 10 giugno a San Siro per festeggiare i 40 anni di un album decisivo quale Blue\u2019s che il soulman si propone di omaggiare pure all\u2019Arena di Verona con dieci concerti in prossimit\u00e0 del suo compleanno (25 settembre) e altre dieci nel 2028.<\/p>\n<p>Approfondisci:<\/p>\n<p><a href=\"https:\/\/www.ilrestodelcarlino.it\/rimini\/cultura\/geolier-concerto-riccione-orari-dove-parcheggiare-sr6ixr09\" class=\"ArticleEmbed_article__embed__content__Jzqnz\" rel=\"nofollow noopener\" target=\"_blank\">Geolier in concerto a Riccione l&#8217;11 luglio: come arrivare in piazzale Roma, orari e dove parcheggiare<img alt=\"Geolier in concerto a Riccione l'11 luglio: come arrivare in piazzale Roma, orari e dove parcheggiare\" loading=\"lazy\" width=\"140\" height=\"78\" decoding=\"async\" data-nimg=\"1\" style=\"color:transparent\"  src=\"https:\/\/www.europesays.com\/it\/wp-content\/uploads\/2026\/07\/casa-dino-con-accesso-diretto-alla-famosa-spiaggia-di-punta-prosciutto.webp\"\/><\/a><br \/>\n&#8220;L\u2019idea che le cose stiano andando cos\u00ec bene mi spaventa un po\u2019\u201d <\/p>\n<p><strong>\u201cA volte <\/strong>l\u2019idea che le cose stiano andando cos\u00ec bene, mi spaventa quasi \u2013 dice \u201cZu\u201d, 70 anni \u2013 La mia priorit\u00e0 resta quella di onorare il pubblico, perch\u00e9, se mi guardo indietro, <strong>vedo un mappamondo pieno di bandierine, <\/strong>di momenti straordinari che mi porto dentro: aprire i 24 concerti di Eric Clapton alla Royal Albert Hall, ad esempio, ma anche il Freddie Mercury Tribute Concert a Wembley nel \u201892, il festival per il venticinquennale di Woodstock nel \u201894, il 46664 Concert per Nelson Mandela a Cape Town nel 2003 o quell\u2019incredibile aurora boreale vista assieme Robert Plant in Norvegia dopo un altro concerto per Mandela a Troms\u00f8. Nel 2005, per il Live 8 organizzato da Bob Geldof, mi esibii nel pomeriggio sul palco del concertone al Circo Massimo di Roma e la sera su quello della Reggia di Versailles, rifiutandomi categoricamente di prendere un volo speciale per non passare da ipocrita che predica bene e poi usa il jet privato\u201d. Zucchero non si esponesull\u2019amico De Gregori, finito nel mirino per essersi tirato fuori dal ruolo politico degli artisti. \u201cCon Francesco abbiamo scritto delle cose molto belle, ci siamo frequentati, ci conosciamo bene, e adesso non voglio fare il politicamente corretto, ma non oserei mai contraddirlo in pubblico\u201d. <\/p>\n<p>&#8220;Incredibile pure l\u2019incontro con Miles Davis\u201d <\/p>\n<p><strong>\u201cIncredibile <\/strong>\u2013 continua \u2013 pure l\u2019incontro con Miles Davis. Ero alle Maldive, per provare disperatamente a salvare il matrimonio, quando alle 4 di mattina <strong>mi chiam\u00f2 il mio manager Mimmo D\u2019Alessandro<\/strong> per dirmi di andare a New York. Pensavo fosse un pesce d\u2019aprile. Poi, visto che tanto il matrimonio era ormai irrecuperabile, andai. In studio si present\u00f2 un Miles gelido: vestito tutto di pelle nera, cappello nero, occhiali scuri. Poi si sciolse, volle che restassi l\u00ec perch\u00e9 aveva bisogno della mia \u2018energia\u201c e mi piant\u00f2 due dita in gola dicendo \u201cI love your voice\u201c. Finimmo a cena insieme, lui senza occhiali mostrava degli occhi verdi bellissimi e mi chiese consiglio su cosa mangiare\u201d.  <\/p>\n<p><strong>Netta <\/strong>la valutazione sul presente: \u201cOggi vedo questi giovani artisti che sono dei veri professionisti della comunicazione, macchine da guerra sui social. Sculettano, corrono, riempiono gli stadi anche se magari cantano poco; io di queste cose non capisco nulla, sono troppo vecchio. Come diceva il grande Pavarotti, il successo non va solo mantenuto, va giustificato\u201d. <\/p>\n","protected":false},"excerpt":{"rendered":"Bologna, 7 luglio 2026 \u2013\u00a0Baila. Sotto la luna (calante) di Bologna, Zucchero ieri ha parlato pure del rapporto&hellip;\n","protected":false},"author":3,"featured_media":574194,"comment_status":"","ping_status":"","sticky":false,"template":"","format":"standard","meta":{"footnotes":"","_share_on_mastodon":"0"},"categories":[1443],"tags":[315871,586,9849,203,71662,204,1537,90,89,11818,64337,1538,1539,316451,54532],"class_list":["post-574193","post","type-post","status-publish","format-standard","has-post-thumbnail","category-musica","tag-baila","tag-bologna","tag-davis","tag-entertainment","tag-gregori","tag-intrattenimento","tag-it","tag-italia","tag-italy","tag-luna","tag-mandela","tag-music","tag-musica","tag-taccio","tag-zucchero"],"share_on_mastodon":{"url":"https:\/\/pubeurope.com\/@it\/116880181647649032","error":""},"_links":{"self":[{"href":"https:\/\/www.europesays.com\/it\/wp-json\/wp\/v2\/posts\/574193","targetHints":{"allow":["GET"]}}],"collection":[{"href":"https:\/\/www.europesays.com\/it\/wp-json\/wp\/v2\/posts"}],"about":[{"href":"https:\/\/www.europesays.com\/it\/wp-json\/wp\/v2\/types\/post"}],"author":[{"embeddable":true,"href":"https:\/\/www.europesays.com\/it\/wp-json\/wp\/v2\/users\/3"}],"replies":[{"embeddable":true,"href":"https:\/\/www.europesays.com\/it\/wp-json\/wp\/v2\/comments?post=574193"}],"version-history":[{"count":0,"href":"https:\/\/www.europesays.com\/it\/wp-json\/wp\/v2\/posts\/574193\/revisions"}],"wp:featuredmedia":[{"embeddable":true,"href":"https:\/\/www.europesays.com\/it\/wp-json\/wp\/v2\/media\/574194"}],"wp:attachment":[{"href":"https:\/\/www.europesays.com\/it\/wp-json\/wp\/v2\/media?parent=574193"}],"wp:term":[{"taxonomy":"category","embeddable":true,"href":"https:\/\/www.europesays.com\/it\/wp-json\/wp\/v2\/categories?post=574193"},{"taxonomy":"post_tag","embeddable":true,"href":"https:\/\/www.europesays.com\/it\/wp-json\/wp\/v2\/tags?post=574193"}],"curies":[{"name":"wp","href":"https:\/\/api.w.org\/{rel}","templated":true}]}}