{"id":574228,"date":"2026-07-07T19:14:14","date_gmt":"2026-07-07T19:14:14","guid":{"rendered":"https:\/\/www.europesays.com\/it\/574228\/"},"modified":"2026-07-07T19:14:14","modified_gmt":"2026-07-07T19:14:14","slug":"gila-al-milan-e-fatta-accordo-raggiunto-con-lazio-per-lo-spagnolo-presto-per-le-visite","status":"publish","type":"post","link":"https:\/\/www.europesays.com\/it\/574228\/","title":{"rendered":"Gila al Milan: \u00e8 fatta! Accordo raggiunto con Lazio, per lo spagnolo presto per le visite"},"content":{"rendered":"<p>                                Al Real Madrid la met\u00e0 della cifra incassata dal club di Lotito; al giocatore cinque anni di contratto a 5 milioni netti l&#8217;anno<\/p>\n<p class=\"paragraph\" spellcheck=\"true\">Secondo colpo per il Milan. Dopo aver acquistato<a href=\"https:\/\/www.gazzetta.it\/Calcio\/Serie-A\/Milan\/03-07-2026\/alle-radici-di-goncalo-ramos-lo-stregone-di-seixal-che-giocava-a-centrocampo.shtml?intcmp=hyperlink-articolo-gazit\" title=\"Alle radici di Gon\u00e7alo Ramos, lo \" stregone=\"\" di=\"\" seixal=\"\" che=\"\" giocava=\"\" a=\"\" centrocampo=\"\" rel=\"nofollow noopener\" target=\"_blank\"> Gon\u00e7alo Ramos<\/a>, oggi con la Lazio \u00e8 stato raggiunto l&#8217;accordo per portare in rossonero, <b>Mario Gila<\/b>. Il difensore spagnolo si trasferir\u00e0 al club rossonero a titolo definitivo per una cifra, compresi i bonus, intorno ai 30 milioni. Per il calciatore contratto quinquennale da 5 milioni a stagione. La trattativa non comprende il giovane Calvani che comunque arriver\u00e0 al Milan. A breve Gila sar\u00e0 a Milano per le visite mediche.<\/p>\n<p>        PRIMA OPZIONE\u2014 \u00a0<\/p>\n<p class=\"paragraph\" spellcheck=\"true\">Gila \u00e8 da tempo sul taccuino del Milan: anche con Tare dt e Allegri tecnico, il difensore sarebbe stato una priorit\u00e0 per il mercato del Diavolo. L&#8217;addio della dirigenza al completo e del tecnico di Livorno sembrava aver fatto diminuire le possibilit\u00e0 di Gila di sbarcare a Milanello anche perch\u00e9 su di lui si erano fiondate il Napoli e poi l&#8217;Atalanta. Gila per\u00f2 era entrato nell&#8217;ordine d&#8217;idee di vestire la maglia rossonera, ha aspettato e il tecnico Amorim ha dato il via libera per il suo acquisto. Giocher\u00e0 sul centro-destra nella difesa a tre, ma pu\u00f2 fare pure il centrale.\u00a0<\/p>\n<p><a class=\"is-partner-link\" href=\"https:\/\/aipredictor.gazzetta.it\/?intcmp=calciomercato\" rel=\"nofollow noopener\" target=\"_blank\">Promo Mondiale 1\u20ac al mese per 3 mesi &#8211; Scopri chi vince con Gazzetta AI Predictor!<\/a><\/p>\n<p>        ACCELERATA e real\u2014 \u00a0<\/p>\n<p class=\"paragraph\" spellcheck=\"true\">Il Real Madrid, che aveva il 50% del prezzo della rivendita, incasser\u00e0 intorno ai 15 milioni da questa operazione. La trattativa per Gila \u00e8 iniziata negli scorsi giorni e ieri sembrava esserci stato un piccolo rallentamento, proprio in prossimit\u00e0 del traguardo. Perch\u00e9 Lotito non riteneva ancora sufficiente l&#8217;offerta del Milan. Cardinale ha scelto di non perdere tempo e di rilanciare subito, il giorno dopo il primo no ricevuto dal numero uno della Lazio. La sua volont\u00e0 era quella di dare subito ad Amorim un elemento chiave. E lo ha fatto. Gila non sta partecipando al Mondiale e dunque sar\u00e0 con il gruppo fin dai primi giorni di ritiro.<\/p>\n<p class=\"is-copyright\">\u00a9 RIPRODUZIONE RISERVATA<\/p>\n","protected":false},"excerpt":{"rendered":"Al Real Madrid la met\u00e0 della cifra incassata dal club di Lotito; al giocatore cinque anni di contratto&hellip;\n","protected":false},"author":3,"featured_media":574229,"comment_status":"","ping_status":"","sticky":false,"template":"","format":"standard","meta":{"footnotes":"","_share_on_mastodon":"0"},"categories":[176],"tags":[579,50020,5370,554,6693,4053,3028,1537,90,89,5188,47918,5382,553,4411,11377,28270,9611,11603,245,244,3375],"class_list":["post-574228","post","type-post","status-publish","format-standard","has-post-thumbnail","category-sport","tag-accordo","tag-amorim","tag-cifra","tag-club","tag-contratto","tag-difensore","tag-gila","tag-it","tag-italia","tag-italy","tag-lazio","tag-lotito","tag-madrid","tag-milan","tag-raggiunto","tag-real","tag-real-madrid","tag-rossonero","tag-sembrava","tag-sport","tag-sports","tag-tecnico"],"share_on_mastodon":{"url":"https:\/\/pubeurope.com\/@it\/116880294779838773","error":""},"_links":{"self":[{"href":"https:\/\/www.europesays.com\/it\/wp-json\/wp\/v2\/posts\/574228","targetHints":{"allow":["GET"]}}],"collection":[{"href":"https:\/\/www.europesays.com\/it\/wp-json\/wp\/v2\/posts"}],"about":[{"href":"https:\/\/www.europesays.com\/it\/wp-json\/wp\/v2\/types\/post"}],"author":[{"embeddable":true,"href":"https:\/\/www.europesays.com\/it\/wp-json\/wp\/v2\/users\/3"}],"replies":[{"embeddable":true,"href":"https:\/\/www.europesays.com\/it\/wp-json\/wp\/v2\/comments?post=574228"}],"version-history":[{"count":0,"href":"https:\/\/www.europesays.com\/it\/wp-json\/wp\/v2\/posts\/574228\/revisions"}],"wp:featuredmedia":[{"embeddable":true,"href":"https:\/\/www.europesays.com\/it\/wp-json\/wp\/v2\/media\/574229"}],"wp:attachment":[{"href":"https:\/\/www.europesays.com\/it\/wp-json\/wp\/v2\/media?parent=574228"}],"wp:term":[{"taxonomy":"category","embeddable":true,"href":"https:\/\/www.europesays.com\/it\/wp-json\/wp\/v2\/categories?post=574228"},{"taxonomy":"post_tag","embeddable":true,"href":"https:\/\/www.europesays.com\/it\/wp-json\/wp\/v2\/tags?post=574228"}],"curies":[{"name":"wp","href":"https:\/\/api.w.org\/{rel}","templated":true}]}}