{"id":574250,"date":"2026-07-07T19:34:14","date_gmt":"2026-07-07T19:34:14","guid":{"rendered":"https:\/\/www.europesays.com\/it\/574250\/"},"modified":"2026-07-07T19:34:14","modified_gmt":"2026-07-07T19:34:14","slug":"handanovic-dice-addio-allinter-dopo-14-anni-e-adesso-ce-la-pista-maribor","status":"publish","type":"post","link":"https:\/\/www.europesays.com\/it\/574250\/","title":{"rendered":"Handanovic dice addio all&#8217;Inter dopo 14 anni, e adesso? C&#8217;\u00e8 la pista Maribor"},"content":{"rendered":"<p>                                L&#8217;ex portiere nerazzurro ha detto addio dopo 14 anni a Milano (gli ultimi due da allenatore dell&#8217;Under 17) e potrebbe ritrovare il fratello maggiore. Ma non \u00e8 l&#8217;unico scenario, anche perch\u00e9 andrebbe definito il ruolo<\/p>\n<p class=\"paragraph\" spellcheck=\"true\">Samir Handanovic aveva varcato i cancelli di Appiano Gentile per la prima volta il 9 luglio del 2012, praticamente 14 anni esatti fa. E ieri, <a href=\"https:\/\/www.gazzetta.it\/Calcio\/Serie-A\/Inter\/07-07-2026\/samir-handanovic-lascia-l-inter-dopo-14-anni-ora-un-nuovo-capitolo.shtml?refresh_ce\" rel=\"nofollow noopener\" target=\"_blank\">attraverso un lungo post pubblicato su Instagram<\/a>, ha detto addio all&#8217;Inter: &#8220;Non ho mai amato raccontare i percorsi attraverso i numeri. Eppure, mentre si chiude un capitolo lungo quattordici anni \u00e8 impossibile non guardare indietro e ripensare a tutto ci\u00f2 che questo viaggio mi ha dato. L\u2019Inter \u00e8 stata molto pi\u00f9 di una squadra: \u00e8 stata una casa, un luogo di crescita, di sfide, di emozioni e di persone che hanno lasciato un segno nel mio cammino. Grazie a tutti coloro che hanno condiviso con me questi anni. Sono pronto ad aprire una nuova pagina con entusiasmo, salutando il mondo nerazzurro con affetto, orgoglio e riconoscenza&#8221;. Una nuova pagina che l&#8217;ex portiere scriver\u00e0 con grandi probabilit\u00e0 in patria, nella sua Slovenia, luogo che aveva salutato ventenne per avviare la sua carriera in Italia: Udinese, Treviso, Lazio, Rimini. Inter. Oggi, dopo aver vissuto una stagione in veste di osservatore e un altro paio alla guida dell&#8217;Under 17, ha prevalso la voglia di mettersi in gioco in una realt\u00e0 professionistica.\u00a0<\/p>\n<p>        in slovenia?\u2014 \u00a0<\/p>\n<p class=\"paragraph\" spellcheck=\"true\">Tra le possibilit\u00e0 che Samir Handanovic starebbe valutando ci sarebbe quella di trasferirsi quasi al confine con l&#8217;Austria, precisamente a Maribor. Dove, per\u00f2, si \u00e8 appena insediato in panchina Darko Milanic che ha salutato l&#8217;Al-Wahda e gli Emirati Arabi. E che a Maribor si \u00e8 chiaramente portato il suo vice, quindi andrebbe definito il ruolo preciso di Handanovic che ha salutato l&#8217;Under 17 dell&#8217;Inter per misurarsi con una realt\u00e0 professionistica. Ma c&#8217;\u00e8 un altro assist, una questione di famiglia, perch\u00e9 chi ricopre il ruolo di preparatore dei portieri del club sloveno \u00e8 Jasmin&#8230; Handanovic, fratello maggiore di Samir che potrebbe anche lui entrare a far parte dello staff della prima squadra.<\/p>\n","protected":false},"excerpt":{"rendered":"L&#8217;ex portiere nerazzurro ha detto addio dopo 14 anni a Milano (gli ultimi due da allenatore dell&#8217;Under 17)&hellip;\n","protected":false},"author":3,"featured_media":574251,"comment_status":"","ping_status":"","sticky":false,"template":"","format":"standard","meta":{"footnotes":"","_share_on_mastodon":"0"},"categories":[1452],"tags":[2983,41701,16415,316464,316465,721,9961,316466,1740,3688,22555,122732,350,1537,90,89,775,100824,8392,273,316467,138,48387,38328,1739,245,244,4315],"class_list":["post-574250","post","type-post","status-publish","format-standard","has-post-thumbnail","category-calcio","tag-addio","tag-addio-inter","tag-andrebbe","tag-andrebbe-definito","tag-andrebbe-definito-ruolo","tag-calcio","tag-definito","tag-definito-ruolo","tag-football","tag-fratello","tag-fratello-maggiore","tag-handanovic","tag-inter","tag-it","tag-italia","tag-italy","tag-maggiore","tag-maribor","tag-nerazzurro","tag-nuova","tag-nuova-pagina","tag-ruolo","tag-salutato","tag-samir","tag-soccer","tag-sport","tag-sports","tag-under"],"share_on_mastodon":{"url":"https:\/\/pubeurope.com\/@it\/116880373829571887","error":""},"_links":{"self":[{"href":"https:\/\/www.europesays.com\/it\/wp-json\/wp\/v2\/posts\/574250","targetHints":{"allow":["GET"]}}],"collection":[{"href":"https:\/\/www.europesays.com\/it\/wp-json\/wp\/v2\/posts"}],"about":[{"href":"https:\/\/www.europesays.com\/it\/wp-json\/wp\/v2\/types\/post"}],"author":[{"embeddable":true,"href":"https:\/\/www.europesays.com\/it\/wp-json\/wp\/v2\/users\/3"}],"replies":[{"embeddable":true,"href":"https:\/\/www.europesays.com\/it\/wp-json\/wp\/v2\/comments?post=574250"}],"version-history":[{"count":0,"href":"https:\/\/www.europesays.com\/it\/wp-json\/wp\/v2\/posts\/574250\/revisions"}],"wp:featuredmedia":[{"embeddable":true,"href":"https:\/\/www.europesays.com\/it\/wp-json\/wp\/v2\/media\/574251"}],"wp:attachment":[{"href":"https:\/\/www.europesays.com\/it\/wp-json\/wp\/v2\/media?parent=574250"}],"wp:term":[{"taxonomy":"category","embeddable":true,"href":"https:\/\/www.europesays.com\/it\/wp-json\/wp\/v2\/categories?post=574250"},{"taxonomy":"post_tag","embeddable":true,"href":"https:\/\/www.europesays.com\/it\/wp-json\/wp\/v2\/tags?post=574250"}],"curies":[{"name":"wp","href":"https:\/\/api.w.org\/{rel}","templated":true}]}}