{"id":574256,"date":"2026-07-07T19:38:28","date_gmt":"2026-07-07T19:38:28","guid":{"rendered":"https:\/\/www.europesays.com\/it\/574256\/"},"modified":"2026-07-07T19:38:28","modified_gmt":"2026-07-07T19:38:28","slug":"spartaco-grilli-ascolto-movimento-ed-equilibrio-la-mia-filosofia-di-vita","status":"publish","type":"post","link":"https:\/\/www.europesays.com\/it\/574256\/","title":{"rendered":"Spartaco Grilli: &#8216;Ascolto, movimento ed equilibrio, la mia filosofia di vita&#8217;"},"content":{"rendered":"<p class=\"sottotitolo\">Lo storico proprietario del Tric Trac, volto frizzante di Don Matteo, tra introspezione e crescita artistica<\/p>\n<p>\u00a0<\/p>\n<p>\t\t\t\t\t\t\t\t<a href=\"https:\/\/www.spoletonline.com\/adv-1572-INGIEnergia\" target=\"_blank\" rel=\"nofollow noopener\"><br \/>\n                                    <img decoding=\"async\" class=\"desk\" title=\"INGI Energia\" alt=\"INGI Energia\" src=\"https:\/\/www.europesays.com\/it\/wp-content\/uploads\/2026\/06\/1572_BannerINGI670x100.jpg\"\/><br \/>\n                                    <img decoding=\"async\" class=\"phone\" title=\"INGI Energia\" alt=\"INGI Energia\" src=\"https:\/\/www.europesays.com\/it\/wp-content\/uploads\/2026\/06\/1572_phone_BannerINGI670x100.jpg\"\/><\/a><\/p>\n<p>\t\t\t\t\t\t\t\t<a href=\"https:\/\/www.spoletonline.com\/adv-1475-StudioDentisticoMari\" target=\"_blank\" rel=\"nofollow noopener\"><br \/>\n                                    <img decoding=\"async\" class=\"desk\" title=\"Studio Dentistico Mari\" alt=\"Studio Dentistico Mari\" src=\"https:\/\/www.europesays.com\/it\/wp-content\/uploads\/2025\/09\/1475_MariBanner2.jpg\"\/><br \/>\n                                    <img decoding=\"async\" class=\"phone\" title=\"Studio Dentistico Mari\" alt=\"Studio Dentistico Mari\" src=\"https:\/\/www.europesays.com\/it\/wp-content\/uploads\/2025\/09\/1475_phone_MariBanner2.jpg\"\/><\/a><\/p>\n<p>Nel panorama sempre pi\u00f9 dinamico della fiction italiana, il nome di Spartaco Grilli da anni circola con crescente interesse. Inserito nel cast della storica serie Don Matteo, si distingue sempre per una presenza scenica misurata e per un approccio al mestiere che privilegia profondit\u00e0 e autenticit\u00e0 rispetto all\u2019effetto immediato.<\/p>\n<p>&#13;<\/p>\n<p>Grilli rappresenta quella generazione di interpreti che non cerca scorciatoie, ma costruisce il proprio percorso attraverso studio, osservazione e una costante riflessione sul ruolo dell\u2019attore nella narrazione contemporanea.\u00a0La sua figura non \u00e8 tanto quella di un volto alla ricerca di visibilit\u00e0 immediata, ma di un interprete che costruisce la propria identit\u00e0 attraverso la sottrazione pi\u00f9 che l\u2019esibizione. In un contesto narrativo come quello di Don Matteo, questa scelta appare quasi controcorrente, e proprio per questo interessante.<\/p>\n<p>&#13;<\/p>\n<p>Lo abbiamo incontrato per una conversazione che va oltre la semplice promozione televisiva.<\/p>\n<p>&#13;<\/p>\n<p><strong>Spartaco, il tuo ingresso nel cast di Don Matteo ha segnato un passo importante. Che cosa ha rappresentato per te questa opportunit\u00e0?\u00a0<\/strong>&#8220;Non la considero solo un\u2019opportunit\u00e0, ma una responsabilit\u00e0. Entrare in una serie cos\u00ec radicata nel pubblico italiano ha significato confrontarsi con una tradizione narrativa forte. Ho cercato di farlo senza imitare, ma ascoltando il tono della serie e trovando uno spazio personale dentro quel mondo&#8221;.<\/p>\n<p>&#13;<\/p>\n<p><strong>Come si costruisce un personaggio all\u2019interno di una serie cos\u00ec consolidata?\u00a0<\/strong>&#8220;Con umilt\u00e0, prima di tutto. Devi capire che non stai entrando per \u201crompere\u201d gli equilibri, ma per aggiungere una sfumatura. Io parto sempre da domande semplici: cosa teme questo personaggio? Cosa desidera davvero quando non parla? Le risposte non sono mai immediate, e spesso cambiano durante le riprese&#8221;.<\/p>\n<p>&#13;<\/p>\n<p><strong>Oggi si parla molto di autenticit\u00e0 nella recitazione. Cosa significa per te essere autentico?\u00a0<\/strong>&#8220;Non recitare &#8216;bene&#8217; nel senso tecnico, ma essere credibile anche nel silenzio. L\u2019autenticit\u00e0, per me, \u00e8 accettare che il personaggio non sia sempre coerente o elegante. \u00c8 umano, e quindi qualche volta contraddittorio&#8221;.<\/p>\n<p>&#13;<\/p>\n<p><strong>C\u2019\u00e8 un momento sul set che ti ha colpito particolarmente?\u00a0<\/strong>&#8220;S\u00ec, una scena molto semplice, quasi quotidiana. Non c\u2019erano grandi dialoghi, ma solo uno sguardo tra due personaggi. In quel momento ho capito quanto la serie lavori sulle relazioni pi\u00f9 che sugli eventi. \u00c8 l\u00ec che ho smesso di \u201cinterpretare\u201d e ho iniziato a \u201cstare\u201d nella scena&#8221;.<\/p>\n<p>&#13;<\/p>\n<p><strong>Molti giovani attori sentono la pressione del successo immediato. Tu come la vivi?\u00a0<\/strong>&#8220;Cerco di non chiamarlo &#8216;successo&#8217;. \u00c8 un percorso, non un traguardo. La pressione esiste, ma diventa utile solo se la trasformi in disciplina. Se invece la insegui, rischi di perdere il senso del lavoro&#8221;.<\/p>\n<p>&#13;<\/p>\n<p><strong>La serie Don Matteo \u00e8 da sempre legata a un\u2019identit\u00e0 visiva fortissima, costruita anche grazie alla citt\u00e0 che la ospita: Spoleto. Spartaco, quanto incide a tuo avviso Spoleto nella costruzione dell\u2019atmosfera della serie?\u00a0<\/strong>&#8220;Incide moltissimo. Spoleto non \u00e8 solo uno sfondo, \u00e8 un personaggio vero e proprio. Le sue strade, le piazze, la luce particolare che cambia durante il giorno: tutto contribuisce a dare verit\u00e0 alle scene. \u00c8 come se la citt\u00e0 respirasse insieme alla storia&#8221;.<\/p>\n<p>&#13;<\/p>\n<p><strong>C\u2019\u00e8 un luogo di Spoleto che ti ha colpito pi\u00f9 di altri durante le riprese?\u00a0<\/strong>&#8220;Si, il centro storico nelle prime ore del mattino. Quando \u00e8 ancora tutto silenzioso e le strade sono vuote, si percepisce una calma quasi cinematografica. In quei momenti capisci perch\u00e9 questa citt\u00e0 funziona cos\u00ec bene per una serie come Don Matteo: ha un\u2019anima narrativa naturale&#8221;.<\/p>\n<p>&#13;<\/p>\n<p><strong>Spartaco, al di l\u00e0 del lavoro e della carriera, qual \u00e8 la tua filosofia di vita? <\/strong>&#8220;Cerco\u00a0di vivere con equilibrio tra ascolto e movimento. Ascolto gli altri, le situazioni, e anche i momenti di silenzio, perch\u00e9 spesso l\u00ec si capisce davvero cosa fare. E poi movimento: non restare mai fermo dentro le proprie paure o certezze. Credo che la vita sia un continuo aggiustare la rotta, senza pretendere di avere sempre tutto sotto controllo&#8221;.<\/p>\n<p>&#13;<\/p>\n<p><strong>C&#8217;\u00e8 qualcosa che vuoi dire a chi segue la serie e i tuoi primi passi in questo percorso?\u00a0<\/strong>&#8220;Dico &#8216;grazie&#8217; a tutti.\u00a0Continuate a guardare con curiosit\u00e0 e affetto, perch\u00e9 \u00e8 anche il vostro sguardo che d\u00e0 senso al nostro lavoro. Ci vediamo sullo schermo, con nuove storie e nuove emozioni da condividere&#8221;.<\/p>\n<p class=\"categoria\" style=\"color: black; text-align: center\">Fai una donazione a Spoletonline per aiutare il nostro progetto<\/p>\n<p><\/p>\n","protected":false},"excerpt":{"rendered":"Lo storico proprietario del Tric Trac, volto frizzante di Don Matteo, tra introspezione e crescita artistica \u00a0 Nel&hellip;\n","protected":false},"author":3,"featured_media":574257,"comment_status":"","ping_status":"","sticky":false,"template":"","format":"standard","meta":{"footnotes":"","_share_on_mastodon":"0"},"categories":[1444],"tags":[52278,34042,52270,203,52273,52275,52282,52274,4820,204,1537,90,89,52279,7,52272,52281,4056,980,9601,52276,52269,52277,52280,253,28253,52271],"class_list":["post-574256","post","type-post","status-publish","format-standard","has-post-thumbnail","category-tv","tag-arte-a-spoleto","tag-cascia","tag-cronaca-di-spoleto","tag-entertainment","tag-festival-dei-due-mondi","tag-francis-menotti","tag-galleria-civica-d","tag-giancarlo-menotti","tag-giornale","tag-intrattenimento","tag-it","tag-italia","tag-italy","tag-musica-a-spoleto","tag-news","tag-norcia","tag-notizie-di-spoleto","tag-perugia","tag-quotidiano","tag-spoleto","tag-spoleto-festival","tag-spoleto-online","tag-teatro-a-spoleto","tag-teatro-lirico-sperimentale-di-spoleto","tag-tv","tag-umbria","tag-valnerina"],"share_on_mastodon":{"url":"https:\/\/pubeurope.com\/@it\/116880390222467243","error":""},"_links":{"self":[{"href":"https:\/\/www.europesays.com\/it\/wp-json\/wp\/v2\/posts\/574256","targetHints":{"allow":["GET"]}}],"collection":[{"href":"https:\/\/www.europesays.com\/it\/wp-json\/wp\/v2\/posts"}],"about":[{"href":"https:\/\/www.europesays.com\/it\/wp-json\/wp\/v2\/types\/post"}],"author":[{"embeddable":true,"href":"https:\/\/www.europesays.com\/it\/wp-json\/wp\/v2\/users\/3"}],"replies":[{"embeddable":true,"href":"https:\/\/www.europesays.com\/it\/wp-json\/wp\/v2\/comments?post=574256"}],"version-history":[{"count":0,"href":"https:\/\/www.europesays.com\/it\/wp-json\/wp\/v2\/posts\/574256\/revisions"}],"wp:featuredmedia":[{"embeddable":true,"href":"https:\/\/www.europesays.com\/it\/wp-json\/wp\/v2\/media\/574257"}],"wp:attachment":[{"href":"https:\/\/www.europesays.com\/it\/wp-json\/wp\/v2\/media?parent=574256"}],"wp:term":[{"taxonomy":"category","embeddable":true,"href":"https:\/\/www.europesays.com\/it\/wp-json\/wp\/v2\/categories?post=574256"},{"taxonomy":"post_tag","embeddable":true,"href":"https:\/\/www.europesays.com\/it\/wp-json\/wp\/v2\/tags?post=574256"}],"curies":[{"name":"wp","href":"https:\/\/api.w.org\/{rel}","templated":true}]}}