{"id":574268,"date":"2026-07-07T19:46:19","date_gmt":"2026-07-07T19:46:19","guid":{"rendered":"https:\/\/www.europesays.com\/it\/574268\/"},"modified":"2026-07-07T19:46:19","modified_gmt":"2026-07-07T19:46:19","slug":"siria-esplosioni-a-damasco-vicino-allhotel-di-macron","status":"publish","type":"post","link":"https:\/\/www.europesays.com\/it\/574268\/","title":{"rendered":"Siria, esplosioni a Damasco vicino all&#8217;hotel di Macron"},"content":{"rendered":"<p><strong>Due ordigni esplosivi sono stati fatti detonare marted\u00ec mattina nel centro di Damasco, nei pressi dell&#8217;hotel Four Seasons in cui aveva pernottato il presidente francese Emmanuel Macron, in visita ufficiale in Siria. Secondo una fonte della sicurezza siriana, una bomba era stata collocata in un cestino dei rifiuti e l&#8217;altra in un veicolo. L&#8217;Eliseo ha confermato che Macron \u00e8 al sicuro, ha lasciato l&#8217;albergo prima delle detonazioni e sta proseguendo il programma della visita<\/strong><\/p>\n<p>Due ordigni esplosivi sono stati fatti detonare nella mattinata di marted\u00ec 7 luglio nel centro di Damasco, in una zona vicina all&#8217;hotel Four Seasons in cui il presidente francese Emmanuel Macron ha trascorso la notte durante la sua visita ufficiale in Siria. Testimoni sul posto hanno riferito di aver visto colonne di fumo alzarsi sopra lo skyline della capitale, e un giornalista dell&#8217;agenzia France-Presse presente in citt\u00e0 ha confermato le deflagrazioni. Il capo dello Stato francese aveva gi\u00e0 lasciato l&#8217;albergo per raggiungere il palazzo presidenziale, dove \u00e8 attualmente impegnato nell&#8217;incontro con il nuovo presidente siriano Ahmed al-Sharaa. L&#8217;Eliseo ha fatto sapere che Macron &#8220;\u00e8 al sicuro&#8221; e che &#8220;il programma della visita continua&#8221;.<\/p>\n<p>\t\t\tLe due bombe: una nel cestino, una in un veicolo<\/p>\n<p>Secondo una fonte della sicurezza siriana, gli ordigni fatti esplodere nei pressi del Four Seasons sarebbero due: una bomba collocata all&#8217;interno di un cestino dei rifiuti e un secondo ordigno piazzato in un veicolo parcheggiato nelle vicinanze dell&#8217;albergo. Una ricostruzione parzialmente diversa arriva dall&#8217;emittente qatariota Al Araby TV, che parla di detonatori a comando remoto sistemati in due auto in sosta accanto all&#8217;hotel. Le due versioni coincidono su un elemento: le esplosioni sarebbero avvenute dopo che la delegazione francese aveva lasciato la struttura. Non ci sono al momento comunicazioni ufficiali delle autorit\u00e0 siriane sulla dinamica, sui responsabili o su un eventuale bilancio.<\/p>\n<p>\t\t\tMacron al Palazzo con al-Sharaa<\/p>\n<p>La televisione di stato siriana ha confermato che Macron \u00e8 arrivato al Palazzo Presidenziale di Damasco, dove \u00e8 iniziato il colloquio con il capo dello Stato Ahmed al-Sharaa. Fonti dell&#8217;Eliseo hanno ribadito che &#8220;il presidente \u00e8 al sicuro&#8221; e che l&#8217;agenda della visita procede come previsto. Il viaggio del leader francese, iniziato luned\u00ec, prevede una serie di incontri istituzionali dedicati alla stabilizzazione del Paese, al dossier delle sanzioni internazionali e alla ricostruzione dopo la guerra civile.<\/p>\n<p>\t\t\tLa visita di Macron in Siria<\/p>\n<p>Macron \u00e8 arrivato a Damasco luned\u00ec, in quella che \u00e8 la prima visita di un presidente francese nel Paese dopo la caduta del regime di Bashar al-Assad, avvenuta a fine 2024. Il viaggio segna un passaggio significativo nella riapertura dei canali diplomatici tra Parigi e le nuove autorit\u00e0 siriane, guidate dall&#8217;ex leader di Hayat Tahrir al-Sham Ahmed al-Sharaa. L&#8217;agenda del capo dello Stato prevede colloqui sulla stabilizzazione del Paese, sulla ricostruzione, sul dossier delle sanzioni internazionali e sul futuro della presenza militare occidentale nella regione.<\/p>\n<p>\u00a0<\/p>\n<p><strong>Damasco, una capitale ancora fragile<\/strong><\/p>\n<p>La capitale siriana resta un contesto ad alto rischio sul piano della sicurezza. Negli ultimi mesi si sono verificati diversi episodi di violenza, tra attentati, scontri tra fazioni e tensioni con Israele, che ha condotto ripetuti raid nel Paese. La visita di un capo di Stato occidentale rappresenta quindi un evento delicato dal punto di vista logistico e diplomatico, con un dispositivo di sicurezza rafforzato e coordinato tra Parigi e le nuove autorit\u00e0 di Damasco.<\/p>\n<p>\t            TAG:<\/p>\n","protected":false},"excerpt":{"rendered":"Due ordigni esplosivi sono stati fatti detonare marted\u00ec mattina nel centro di Damasco, nei pressi dell&#8217;hotel Four Seasons&hellip;\n","protected":false},"author":3,"featured_media":574269,"comment_status":"","ping_status":"","sticky":false,"template":"","format":"standard","meta":{"footnotes":"","_share_on_mastodon":"0"},"categories":[160],"tags":[14,164,165,12658,166,7,15,74,11,167,12,168,161,162,163],"class_list":["post-574268","post","type-post","status-publish","format-standard","has-post-thumbnail","category-mondo","tag-cronaca","tag-dal-mondo","tag-dalmondo","tag-emmanuel-macron","tag-mondo","tag-news","tag-notizie","tag-siria","tag-ultime-notizie","tag-ultime-notizie-di-mondo","tag-ultimenotizie","tag-ultimenotiziedimondo","tag-world","tag-world-news","tag-worldnews"],"share_on_mastodon":{"url":"https:\/\/pubeurope.com\/@it\/116880420821825428","error":""},"_links":{"self":[{"href":"https:\/\/www.europesays.com\/it\/wp-json\/wp\/v2\/posts\/574268","targetHints":{"allow":["GET"]}}],"collection":[{"href":"https:\/\/www.europesays.com\/it\/wp-json\/wp\/v2\/posts"}],"about":[{"href":"https:\/\/www.europesays.com\/it\/wp-json\/wp\/v2\/types\/post"}],"author":[{"embeddable":true,"href":"https:\/\/www.europesays.com\/it\/wp-json\/wp\/v2\/users\/3"}],"replies":[{"embeddable":true,"href":"https:\/\/www.europesays.com\/it\/wp-json\/wp\/v2\/comments?post=574268"}],"version-history":[{"count":0,"href":"https:\/\/www.europesays.com\/it\/wp-json\/wp\/v2\/posts\/574268\/revisions"}],"wp:featuredmedia":[{"embeddable":true,"href":"https:\/\/www.europesays.com\/it\/wp-json\/wp\/v2\/media\/574269"}],"wp:attachment":[{"href":"https:\/\/www.europesays.com\/it\/wp-json\/wp\/v2\/media?parent=574268"}],"wp:term":[{"taxonomy":"category","embeddable":true,"href":"https:\/\/www.europesays.com\/it\/wp-json\/wp\/v2\/categories?post=574268"},{"taxonomy":"post_tag","embeddable":true,"href":"https:\/\/www.europesays.com\/it\/wp-json\/wp\/v2\/tags?post=574268"}],"curies":[{"name":"wp","href":"https:\/\/api.w.org\/{rel}","templated":true}]}}