{"id":574276,"date":"2026-07-07T19:57:15","date_gmt":"2026-07-07T19:57:15","guid":{"rendered":"https:\/\/www.europesays.com\/it\/574276\/"},"modified":"2026-07-07T19:57:15","modified_gmt":"2026-07-07T19:57:15","slug":"europei-cottbus-inseguimento-under-23-oro-per-favero-e-bronzo-per-grimod-gallery","status":"publish","type":"post","link":"https:\/\/www.europesays.com\/it\/574276\/","title":{"rendered":"EUROPEI COTTBUS. INSEGUIMENTO UNDER 23, ORO PER FAVERO E BRONZO PER GRIMOD. GALLERY"},"content":{"rendered":"<p>            <a class=\"category\" href=\"https:\/\/www.tuttobiciweb.it\/articles\/category\/PISTA\" itemprop=\"about\" rel=\"nofollow noopener\" target=\"_blank\">PISTA<\/a> | 07\/07\/2026 | 20:13<br \/>\n            <a class=\"author\" href=\"https:\/\/www.tuttobiciweb.it\/articles\/author\/Danilo%20Vigan%C3%B2\" rel=\"nofollow noopener\" target=\"_blank\">di Danilo Vigan\u00f2<\/a><\/p>\n<p>Terzo oro per la spedizione italiana a Cottbus: a conquistarlo \u00e8 Renato Favero che vince il titolo dell\u2019inseguimento individuale Under 23. Nella finale, il veneto ha corso in 4.15\u2019914 precedendo il belga Witse Bertels che ha chiuso in 4-16\u2019660.<br \/>Ad arricchire il bottino azzurro anche la medaglia di bronzo conquistata da Etienne Grimod che con il tempo di 4.17\u2019962 ha battuto il francese Camille Charret (4.18\u2019978).\n            <\/p>\n<p>\u201cSono riuscito &#8211; le parole di<b> Renato Favero<\/b>\u00a0 &#8211; a far abbastanza bene le qualifiche con il secondo tempo, non era semplice perch\u00e9 sono partito nella quarta batteria e non era facile gestirsi e strappare il cronometro per la finale con diversi corridori che sarebbero saliti in pista dopo di me. Nel duello per l&#8217;oro, ho cercato di andar forte subito dall&#8217;inizio, l&#8217;ho rischiata montando una doppia ruota lenticolare anche se c&#8217;era vento, per\u00f2 alla fine \u00e8 arrivata la vittoria. Non \u00e8 stato semplice e sono felice per questo titolo europeo&#8221;.\n            <\/p>\n<p>Favero si conferma uno dei talenti cristallini della pista internazionale, aggiungendo una &#8220;perla&#8221; al suo 2026. A inizio stagione, infatti, aveva brillato agli Europei dei &#8220;grandi&#8221; a Konya (Turchia) conquistando il bronzo nell&#8217;Inseguimento individuale, oltre a dare il proprio contributo nel quinto posto del quartetto azzurro. A fine aprile, invece, a Nilai (Malesia) nella terza prova di Coppa del Mondo aveva centrato il bronzo nell&#8217;Inseguimento a squadre con l&#8217;Italia.<\/p>\n<p>\n    <a href=\"https:\/\/www.tuttobiciweb.it\/article\/2026\/07\/07\/1783443114\/cycling-individual-pursuit-under-23-cottbus-italy?lang=en\" rel=\"nofollow noopener\" target=\"_blank\"><img decoding=\"async\" src=\"https:\/\/www.europesays.com\/it\/wp-content\/uploads\/2025\/12\/enver.png\"\/><\/a><\/p>\n<p>Copyright &amp;copy TBW<\/p>\n","protected":false},"excerpt":{"rendered":"PISTA | 07\/07\/2026 | 20:13 di Danilo Vigan\u00f2 Terzo oro per la spedizione italiana a Cottbus: a conquistarlo&hellip;\n","protected":false},"author":3,"featured_media":574277,"comment_status":"","ping_status":"","sticky":false,"template":"","format":"standard","meta":{"footnotes":"","_share_on_mastodon":"0"},"categories":[1456],"tags":[1824,316470,1825,124287,1537,90,89,245,244,7997],"class_list":["post-574276","post","type-post","status-publish","format-standard","has-post-thumbnail","category-ciclismo","tag-ciclismo","tag-cottbus","tag-cycling","tag-inseguimento-individuale","tag-it","tag-italia","tag-italy","tag-sport","tag-sports","tag-under-23"],"share_on_mastodon":{"url":"https:\/\/pubeurope.com\/@it\/116880464754059035","error":""},"_links":{"self":[{"href":"https:\/\/www.europesays.com\/it\/wp-json\/wp\/v2\/posts\/574276","targetHints":{"allow":["GET"]}}],"collection":[{"href":"https:\/\/www.europesays.com\/it\/wp-json\/wp\/v2\/posts"}],"about":[{"href":"https:\/\/www.europesays.com\/it\/wp-json\/wp\/v2\/types\/post"}],"author":[{"embeddable":true,"href":"https:\/\/www.europesays.com\/it\/wp-json\/wp\/v2\/users\/3"}],"replies":[{"embeddable":true,"href":"https:\/\/www.europesays.com\/it\/wp-json\/wp\/v2\/comments?post=574276"}],"version-history":[{"count":0,"href":"https:\/\/www.europesays.com\/it\/wp-json\/wp\/v2\/posts\/574276\/revisions"}],"wp:featuredmedia":[{"embeddable":true,"href":"https:\/\/www.europesays.com\/it\/wp-json\/wp\/v2\/media\/574277"}],"wp:attachment":[{"href":"https:\/\/www.europesays.com\/it\/wp-json\/wp\/v2\/media?parent=574276"}],"wp:term":[{"taxonomy":"category","embeddable":true,"href":"https:\/\/www.europesays.com\/it\/wp-json\/wp\/v2\/categories?post=574276"},{"taxonomy":"post_tag","embeddable":true,"href":"https:\/\/www.europesays.com\/it\/wp-json\/wp\/v2\/tags?post=574276"}],"curies":[{"name":"wp","href":"https:\/\/api.w.org\/{rel}","templated":true}]}}