{"id":574489,"date":"2026-07-07T22:59:17","date_gmt":"2026-07-07T22:59:17","guid":{"rendered":"https:\/\/www.europesays.com\/it\/574489\/"},"modified":"2026-07-07T22:59:17","modified_gmt":"2026-07-07T22:59:17","slug":"elia-pelosin-velocista-di-15-anni-cede-la-medaglia-doro-allavversario-fermato-dalla-burocrazia-e-campione-di-fair-play","status":"publish","type":"post","link":"https:\/\/www.europesays.com\/it\/574489\/","title":{"rendered":"Elia Pelosin, velocista di 15 anni, cede la medaglia d&#8217;oro all&#8217;avversario fermato dalla burocrazia: \u00e8 campione di fair play"},"content":{"rendered":"<p><a href=\"https:\/\/www.ilgazzettino.it\/t\/vittorio-veneto\" rel=\"nofollow noopener\" target=\"_blank\">VITTORIO VENETO<\/a>\u00a0(TREVISO) &#8211; Ci sono vittorie che valgono pi\u00f9 di una medaglia. E ce ne sono altre che iniziano proprio nel momento in cui si decide di rinunciarvi. \u00c8 quanto accaduto nei giorni scorsi al 30\u00b0 Ferrarameeting, storica manifestazione di <a href=\"https:\/\/www.ilgazzettino.it\/t\/atletica\" rel=\"nofollow noopener\" target=\"_blank\">atletica<\/a> leggera disputata a Ferrara, dove il 15enne velocista noalese <a href=\"https:\/\/www.ilgazzettino.it\/t\/elia-pelosin\" rel=\"nofollow noopener\" target=\"_blank\">Elia Pelosin<\/a>, atleta al primo anno in Silca Ultralite Vittorio Veneto, ha regalato al pubblico una lezione di sport destinata a rimanere impressa nella memoria di tutti i presenti.<\/p>\n<p>    &#13;<\/p>\n<p>APPROFONDIMENTI<\/p>\n<p>&#13;<\/p>\n<p>                            &#13;<br \/>\n                                            &#13;<br \/>\n                            <a href=\"https:\/\/www.ilgazzettino.it\/video\/nordest\/elia_pelosin_fair_play_atletica_polacco_ferrara_treviso-9637756.html\" rel=\"nofollow noopener\" target=\"_blank\">&#13;<br \/>\n                                                                <img decoding=\"async\" src=\"https:\/\/www.europesays.com\/it\/wp-content\/uploads\/2026\/07\/9637756_poster.jpg\"\/>&#13;<br \/>\n                            <\/a>&#13;<br \/>\n                        &#13;<br \/>\n                                        &#13;<\/p>\n<p>        &#13;<\/p>\n<p>La gara <\/p>\n<p>Nella gara degli 80 metri, infatti, sul traguardo il pi\u00f9 veloce \u00e8 stato Marcel Lydzinski, coetaneo <a href=\"https:\/\/www.ilgazzettino.it\/t\/polacco\" rel=\"nofollow noopener\" target=\"_blank\">polacco<\/a> dell&#8217;MKL Torun, che ha preceduto proprio Pelosin. Ma il regolamento della manifestazione prevede che gli atleti non tesserati in Italia non possano concorrere alla classifica ufficiale. Cos\u00ec, al momento delle premiazioni, sul gradino pi\u00f9 alto del podio \u00e8 stato chiamato l&#8217;atleta veneziano. Un successo che, per\u00f2, Elia ha sentito di non aver realmente conquistato. Senza esitazioni \u00e8 dunque sceso dal podio e ha aspettato che anche Marcel venisse chiamato dagli organizzatori per ricevere almeno un riconoscimento simbolico. Quando il ragazzo polacco si \u00e8 avvicinato Pelosin gli ha quindi consegnato la propria <a href=\"https:\/\/www.ilgazzettino.it\/t\/medaglia\" rel=\"nofollow noopener\" target=\"_blank\">medaglia<\/a> d&#8217;oro, riconoscendolo come il vero vincitore della gara.<br \/>Un gesto spontaneo, nato dalla consapevolezza che il cronometro aveva gi\u00e0 espresso il suo verdetto. Quel primo posto, semplicemente, apparteneva a chi aveva corso pi\u00f9 veloce, tanto che la scena ha emozionato tutto il pubblico presente al campo scuola &#8220;Giampaolo Lenzi&#8221;. Gli applausi dagli spalti hanno difatti accompagnato i due ragazzi protagonisti di un momento che ha saputo andare oltre il risultato sportivo e che ha restituito all&#8217;atletica uno dei suoi valori pi\u00f9 autentici: il rispetto dell&#8217;avversario.<br \/>Anche perch\u00e9 Marcel ed Elia (talento anche nei 600 metri) prima di quella sera non si erano mai conosciuti. Vivono ad oltre mille chilometri di distanza e probabilmente non immaginavano che una semplice gara avrebbe creato un legame cos\u00ec speciale.<\/p>\n<p>L&#8217;emozione <\/p>\n<p>\u00abQuando abbiamo visto che Elia era in realt\u00e0 secondo nella classifica generale non abbiamo avuto dubbi su cosa fosse giusto fare &#8211; sottolinea l&#8217;allenatore di Elia, Lionello Bettin &#8211; Ne abbiamo parlato poi con lo speaker e il risultato finale \u00e8 stato di un abbraccio collettivo dello stadio ai due ragazzi. Una bella emozione\u00bb. \u00abQuello di Pelosin \u00e8 stato davvero un bel gesto &#8211; afferma invece Aldo Zanetti, presidente di Silca Ultralite &#8211; Gli organizzatori ci hanno persino ringraziato con una mail. D&#8217;altronde, \u00e8 proprio bello quando ragazzi cos\u00ec giovani si comportano cos\u00ec all&#8217;insegna del <a href=\"https:\/\/www.ilgazzettino.it\/t\/fair-play\" rel=\"nofollow noopener\" target=\"_blank\">fair play<\/a> senza aver per forza in testa solo la vittoria\u00bb.<br \/>Pelosin ha dunque dimostrato una maturit\u00e0 rara, ricordando a tutti che il significato pi\u00f9 profondo dello sport non si misura soltanto con il cronometro o con una classifica, ma anche con la capacit\u00e0 di riconoscere il merito degli altri. Perch\u00e9 le medaglie finiscono in una bacheca, mentre esempi come quello di Elia restano incisi nella memoria di chi li ha vissuti.<\/p>\n","protected":false},"excerpt":{"rendered":"VITTORIO VENETO\u00a0(TREVISO) &#8211; Ci sono vittorie che valgono pi\u00f9 di una medaglia. E ce ne sono altre che&hellip;\n","protected":false},"author":3,"featured_media":574490,"comment_status":"","ping_status":"","sticky":false,"template":"","format":"standard","meta":{"footnotes":"","_share_on_mastodon":"0"},"categories":[6],"tags":[5314,14,316565,3518,8,1537,90,89,7,15,82,9,83,10,6838,13,11,80,84,12,81,85,54233],"class_list":["post-574489","post","type-post","status-publish","format-standard","has-post-thumbnail","category-ultime-notizie","tag-atletica","tag-cronaca","tag-elia-pelosin","tag-fair-play","tag-headlines","tag-it","tag-italia","tag-italy","tag-news","tag-notizie","tag-notizie-di-cronaca","tag-notizie-principali","tag-notiziedicronaca","tag-notizieprincipali","tag-polacco","tag-titoli","tag-ultime-notizie","tag-ultime-notizie-di-cronaca","tag-ultime-notizie-e-news-di-oggi","tag-ultimenotizie","tag-ultimenotiziedicronaca","tag-ultimenotizieenewsdioggi","tag-vittorio-veneto"],"share_on_mastodon":{"url":"https:\/\/pubeurope.com\/@it\/116881180207898701","error":""},"_links":{"self":[{"href":"https:\/\/www.europesays.com\/it\/wp-json\/wp\/v2\/posts\/574489","targetHints":{"allow":["GET"]}}],"collection":[{"href":"https:\/\/www.europesays.com\/it\/wp-json\/wp\/v2\/posts"}],"about":[{"href":"https:\/\/www.europesays.com\/it\/wp-json\/wp\/v2\/types\/post"}],"author":[{"embeddable":true,"href":"https:\/\/www.europesays.com\/it\/wp-json\/wp\/v2\/users\/3"}],"replies":[{"embeddable":true,"href":"https:\/\/www.europesays.com\/it\/wp-json\/wp\/v2\/comments?post=574489"}],"version-history":[{"count":0,"href":"https:\/\/www.europesays.com\/it\/wp-json\/wp\/v2\/posts\/574489\/revisions"}],"wp:featuredmedia":[{"embeddable":true,"href":"https:\/\/www.europesays.com\/it\/wp-json\/wp\/v2\/media\/574490"}],"wp:attachment":[{"href":"https:\/\/www.europesays.com\/it\/wp-json\/wp\/v2\/media?parent=574489"}],"wp:term":[{"taxonomy":"category","embeddable":true,"href":"https:\/\/www.europesays.com\/it\/wp-json\/wp\/v2\/categories?post=574489"},{"taxonomy":"post_tag","embeddable":true,"href":"https:\/\/www.europesays.com\/it\/wp-json\/wp\/v2\/tags?post=574489"}],"curies":[{"name":"wp","href":"https:\/\/api.w.org\/{rel}","templated":true}]}}