{"id":574553,"date":"2026-07-08T00:03:30","date_gmt":"2026-07-08T00:03:30","guid":{"rendered":"https:\/\/www.europesays.com\/it\/574553\/"},"modified":"2026-07-08T00:03:30","modified_gmt":"2026-07-08T00:03:30","slug":"la-nuova-pazzia-di-barbara-un-viaggio-che-vale-molto-piu-di-una-sfida","status":"publish","type":"post","link":"https:\/\/www.europesays.com\/it\/574553\/","title":{"rendered":"La nuova pazzia di Barbara: un viaggio che vale molto pi\u00f9 di una sfida"},"content":{"rendered":"<p class=\"p1\">C&#8217;\u00e8 chi aspetta luglio per le vacanze. <strong>Barbara Moncalvo<\/strong>, invece, attende il settimo mese dell\u2019anno per mettersi alla prova. \u00c8 in questi giorni che la presidente dell\u2019ASD Angry Wheels MTB trasforma le cicatrici in energia, le difficolt\u00e0 in strada da percorrere e la fatica in un messaggio di speranza. Ogni estate, infatti, la crescentinese si avventura in una nuova pazzia. Sempre con lo stesso obiettivo: dimostrare che, anche dopo le tempeste pi\u00f9 violente, \u00e8 possibile tornare a sorridere e si pu\u00f2 farlo con il cuore.<\/p>\n<p class=\"p1\"><img loading=\"lazy\" decoding=\"async\" src=\"https:\/\/www.europesays.com\/it\/wp-content\/uploads\/2026\/07\/WhatsApp_Image_2026-06-30_at_14.27.13-1783408682485.jpeg\" alt=\"Barbara Moncalvo\" width=\"1024\" height=\"1365\"\/><\/p>\n<p>Un nuovo viaggio alla ricerca della serenit\u00e0 e dei sorrisi<\/p>\n<p class=\"p1\">Nel 2023 ha attraversato l&#8217;Appennino tosco-emiliano percorrendo la Via degli Dei, mentre l\u2019anno successivo ha affrontato 280 chilometri in 8 giorni lungo il Cammino Portoghese che da Porto conduce verso Santiago di Compostela. La sfida di quest\u2019anno non \u00e8 da meno: 1000 chilometri in e-bike da Aosta fino in piazza San Pietro, a Roma, seguendo la storica <strong><a href=\"https:\/\/it.wikipedia.org\/wiki\/Via_Francigena\" target=\"_blank\" rel=\"noopener nofollow\">Via Francigena<\/a><\/strong>.<\/p>\n<p class=\"p1\"><img loading=\"lazy\" decoding=\"async\" src=\"https:\/\/www.europesays.com\/it\/wp-content\/uploads\/2026\/07\/WhatsApp_Image_2026-06-30_at_14.27.12-1783408742056.jpeg\" alt=\"Barbara Moncalvo e-bike\" width=\"1027\" height=\"1085\"\/><\/p>\n<p>La crescentinese \u00e8 attesa da una nuova avvincente sfida<\/p>\n<p class=\"p1\">Quello di <strong>Barbara Moncalvo<\/strong> non \u00e8 in tutto e per tutto un viaggio sportivo. \u00c8 soprattutto un viaggio interiore, fatto di incontri, emozioni e riflessioni. Un percorso che la crescentinese vuole condividere con chi sta combattendo una malattia, attraversando un momento difficile o semplicemente ha bisogno di ritrovare la forza per ripartire.<\/p>\n<p class=\"p1\"><img loading=\"lazy\" decoding=\"async\" src=\"https:\/\/www.europesays.com\/it\/wp-content\/uploads\/2026\/07\/WhatsApp_Image_2026-06-30_at_14.27.09-1783408798725.jpeg\" alt=\"Barbara Moncalvo Santiago\" width=\"1022\" height=\"1363\"\/><\/p>\n<p>L&#8217;arrivo nel 2024 a Santiago di Compostela<\/p>\n<p class=\"p1\">La sua storia racconta il motivo di queste scelte avventurose. Nel 2020 le \u00e8 stato diagnosticato un carcinoma mammario HER2 positivo. \u00c8 iniziato un lungo percorso di cure: chemioterapia, intervento chirurgico, radioterapia e ancora chemioterapia, fino all&#8217;ultima flebo, il 6 luglio 2021, appena un giorno prima del suo cinquantesimo compleanno. \u201cHo guardato in faccia il cancro e ho lottato con tutto quello che potevo. L\u2019ho fatto soprattutto per la mia famiglia e, ovviamente, anche per me stessa\u201d.<\/p>\n<p class=\"p1\"><img loading=\"lazy\" decoding=\"async\" src=\"https:\/\/www.europesays.com\/it\/wp-content\/uploads\/2026\/07\/WhatsApp_Image_2026-06-30_at_14.27.12_(1)-1783408852769.jpeg\" alt=\"E-bike\" width=\"1029\" height=\"1523\"\/><\/p>\n<p>Dopo ogni tempesta c&#8217;\u00e8 sempre il sole<\/p>\n<p class=\"p1\">Barbara ha combattuto con determinazione, trovando proprio nella famiglia la motivazione per non arrendersi mai. Ma quando nel 2022 la vita sembrava finalmente riprendere il suo corso, \u00e8 arrivata una delusione personale che l&#8217;ha colpita con la forza di uno tsunami. Un tradimento che l&#8217;ha fatta precipitare in un dolore profondo, lasciando ferite che il tempo non cancella, ma insegna lentamente a sopportare. \u201cSono stata letteralmente travolta, la mia vita \u00e8 andata in frantumi. Quella delusione l\u00ec me la porter\u00f2 dietro per sempre\u201d.<\/p>\n<p class=\"p1\"><img loading=\"lazy\" decoding=\"async\" src=\"https:\/\/www.europesays.com\/it\/wp-content\/uploads\/2026\/07\/WhatsApp_Image_2026-06-30_at_14.53.28-1783408899283.jpeg\" alt=\"Barbara Moncalvo bella\" width=\"1009\" height=\"1166\"\/><\/p>\n<p>Lo sguardo intenso di Barbara Moncalvo<\/p>\n<p class=\"p1\">Da quella sofferenza, per\u00f2, Barbara ha trovato una nuova direzione. Lo sport \u00e8 diventato il suo punto di riferimento, il luogo dove ricostruire lentamente fiducia e serenit\u00e0. \u00c8 stata eletta presidente dell\u2019ASD Angry Wheels MTB, associazione impegnata nella promozione del ciclismo, della mountain bike e del running, trasformando la passione in uno strumento per coinvolgere e motivare tante persone. Da allora ogni giorno \u00e8 diventato un piccolo passo verso una rinascita. E ogni impresa un modo per ricordare che i limiti spesso esistono soltanto nella nostra mente.<\/p>\n<p class=\"p1\"><img loading=\"lazy\" decoding=\"async\" src=\"https:\/\/www.europesays.com\/it\/wp-content\/uploads\/2026\/07\/WhatsApp_Image_2026-06-30_at_14.27.11-1783408947369.jpeg\" alt=\"Barbara Moncalvo Angry Wheels\" width=\"1026\" height=\"1382\"\/><\/p>\n<p>Dal 2023 la crescentinese \u00e8 la presidente dell&#8217;ASD Angry Wheels MTB<\/p>\n<p class=\"p1\">Il 2026 \u00e8 l&#8217;anno della bicicletta. E lo sar\u00e0 ancora di pi\u00f9 pensando che questa avventura prende il via marted\u00ec 7 luglio, giorno del suo cinquantacinquesimo compleanno, dopo una rovinosa caduta avvenuta a maggio, nella quale Barbara ha riportato la frattura di 5 costole. Un incidente che avrebbe convinto molti a rinunciare. Non lei. \u201cIl mio obiettivo \u00e8 arrivare, ma anche non dovessi farcela non lo vivrei assolutamente come un fallimento. Voglio unire la passione per la bicicletta a quello che mi fa stare bene, incontrare persone lungo il percorso e chiacchierare con loro. Voglio godermi il bello di quello che sto facendo\u201d.<\/p>\n<p class=\"p1\"><img loading=\"lazy\" decoding=\"async\" src=\"https:\/\/www.europesays.com\/it\/wp-content\/uploads\/2026\/07\/1738411699754-1738412056756-1783409027115.jpg\" alt=\"Barbara Moncalvo Traversa Trail\" width=\"1028\" height=\"897\"\/><\/p>\n<p>Barbara Moncalvo sul traguardo del Traversa Trail<\/p>\n<p class=\"p1\">Come anticipato, il via da Aosta con la sua e-bike e la tenda. Davanti a s\u00e9 1000 chilometri fino a Roma, non per conquistare un record, n\u00e9 per dimostrare qualcosa a qualcuno. Barbara Moncalvo pedaler\u00e0 per ricordare a tutti che si pu\u00f2 ricominciare. Che dopo una malattia, dopo una caduta, dopo una delusione, esiste sempre una strada che vale la pena percorrere. \u201cSe quello che ho passato pu\u00f2 essere di ispirazione per qualcuno che sta combattendo contro una malattia o si sta riprendendo da una delusione cocente. Il mio viaggio vuole essere un piccolo messaggio di speranza: ci si pu\u00f2 sempre rialzare\u201d.<\/p>\n<p>    <a href=\"https:\/\/www.giornalelavoce.it\/news\/sport\/681622\/il-trail-della-ruscalla-continua-con-quadrettoni-team-bortolan-asd.html?utm_source=VCMS_correlati\" class=\"vc_cont_image\" rel=\"nofollow noopener\" target=\"_blank\"><img decoding=\"async\" class=\"vc_image\" src=\"https:\/\/www.europesays.com\/it\/wp-content\/uploads\/2026\/07\/rezza-1773129793447.jpg--barbara_moncalvo_e_mauro_rezza.jpg\"\/><\/a><\/p>\n<p>    <a href=\"https:\/\/www.giornalelavoce.it\/news\/sport\/546729\/insieme-si-puo-in-bici-e-a-piedi-per-sostenere-la-ricerca-sui-tumori.html?utm_source=VCMS_correlati\" class=\"vc_cont_image\" rel=\"nofollow noopener\" target=\"_blank\"><img decoding=\"async\" class=\"vc_image\" src=\"https:\/\/www.europesays.com\/it\/wp-content\/uploads\/2026\/07\/1728631876900-1728631943971.jpg--silvia_grua_e_barbara_moncalvo.jpg\"\/><\/a><\/p>\n","protected":false},"excerpt":{"rendered":"C&#8217;\u00e8 chi aspetta luglio per le vacanze. Barbara Moncalvo, invece, attende il settimo mese dell\u2019anno per mettersi alla&hellip;\n","protected":false},"author":3,"featured_media":574554,"comment_status":"","ping_status":"","sticky":false,"template":"","format":"standard","meta":{"footnotes":"","_share_on_mastodon":"0"},"categories":[1456],"tags":[316596,5401,316599,316595,316597,9223,316600,59051,1824,58395,1825,67563,10222,1537,90,89,67289,2755,987,316598,245,244,17817,50556,81542],"class_list":["post-574553","post","type-post","status-publish","format-standard","has-post-thumbnail","category-ciclismo","tag-angry-wheels","tag-aosta","tag-appennino-tosco-emiliano","tag-barbara-moncalvo","tag-cammino-portoghese","tag-cancro","tag-carcinoma-mammario-her2-positivo","tag-chemioterapia","tag-ciclismo","tag-crescentino","tag-cycling","tag-e-bike","tag-intervento-chirurgico","tag-it","tag-italia","tag-italy","tag-piazza-san-pietro","tag-porto","tag-roma","tag-santiago-di-compostela","tag-sport","tag-sports","tag-tenda","tag-via-degli-dei","tag-via-francigena"],"share_on_mastodon":{"url":"https:\/\/pubeurope.com\/@it\/116881431766511190","error":""},"_links":{"self":[{"href":"https:\/\/www.europesays.com\/it\/wp-json\/wp\/v2\/posts\/574553","targetHints":{"allow":["GET"]}}],"collection":[{"href":"https:\/\/www.europesays.com\/it\/wp-json\/wp\/v2\/posts"}],"about":[{"href":"https:\/\/www.europesays.com\/it\/wp-json\/wp\/v2\/types\/post"}],"author":[{"embeddable":true,"href":"https:\/\/www.europesays.com\/it\/wp-json\/wp\/v2\/users\/3"}],"replies":[{"embeddable":true,"href":"https:\/\/www.europesays.com\/it\/wp-json\/wp\/v2\/comments?post=574553"}],"version-history":[{"count":0,"href":"https:\/\/www.europesays.com\/it\/wp-json\/wp\/v2\/posts\/574553\/revisions"}],"wp:featuredmedia":[{"embeddable":true,"href":"https:\/\/www.europesays.com\/it\/wp-json\/wp\/v2\/media\/574554"}],"wp:attachment":[{"href":"https:\/\/www.europesays.com\/it\/wp-json\/wp\/v2\/media?parent=574553"}],"wp:term":[{"taxonomy":"category","embeddable":true,"href":"https:\/\/www.europesays.com\/it\/wp-json\/wp\/v2\/categories?post=574553"},{"taxonomy":"post_tag","embeddable":true,"href":"https:\/\/www.europesays.com\/it\/wp-json\/wp\/v2\/tags?post=574553"}],"curies":[{"name":"wp","href":"https:\/\/api.w.org\/{rel}","templated":true}]}}