{"id":574611,"date":"2026-07-08T01:02:29","date_gmt":"2026-07-08T01:02:29","guid":{"rendered":"https:\/\/www.europesays.com\/it\/574611\/"},"modified":"2026-07-08T01:02:29","modified_gmt":"2026-07-08T01:02:29","slug":"cristiano-allenatore-alessandro-direttore-sportivo-il-livorno-punta-sui-lucarelli","status":"publish","type":"post","link":"https:\/\/www.europesays.com\/it\/574611\/","title":{"rendered":"Cristiano allenatore, Alessandro direttore sportivo: il Livorno punta sui Lucarelli"},"content":{"rendered":"<p>                                Superati i\u00a0contrasti con l\u2019attuale presidente Joel Esciua, per l&#8217;ufficialit\u00e0 si attende solo la risoluzione del contratto del tecnico con la Pistoiese<\/p>\n<p class=\"paragraph\" spellcheck=\"true\">Cristiano allenatore, Alessandro direttore sportivo. Il Livorno, dopo oltre due mesi di immobilismo e perplessit\u00e0 da parte della tifoseria per la gestione societaria, svolta completamente e affida il proprio futuro ai fratelli Lucarelli. Per l\u2019ufficialit\u00e0 manca solo la risoluzione del contratto di Cristiano Lucarelli con la Pistoiese, dove ha allenato lo scorso anno in Serie D sfiorando la promozione, ma gli accordi sono stati trovati nella notte e i due livornesi sono pronti per tornare a casa.  Vista da fuori, sembra normale vedere il nome di Cristiano Lucarelli accanto a quello del Livorno. In realt\u00e0 l\u2019ex capitano amaranto \u00e8 sempre stato in forte contrasto con l\u2019attuale presidente Joel Esciua, continuamente nel mirino della tifoseria pi\u00f9 calda. Poco pi\u00f9 di due anni fa, Cristiano Lucarelli spos\u00f2 anche un progetto di azionariato popolare per rilevare la societ\u00e0 amaranto, ma alla fine il tentativo non and\u00f2 in porto.\u00a0<\/p>\n<p>    la trattativa\u2014 \u00a0<\/p>\n<p class=\"paragraph is-inline\" spellcheck=\"true\">Nelle ultime settimane \u2013 probabilmente in nome di Igor Protti, l\u2019altra bandiera amaranto, scomparso a met\u00e0 giugno \u2013 le parti si sono avvicinate e l\u2019idea Cristiano Lucarelli allenatore \u00e8 passata da utopia a realt\u00e0.  Il nuovo allenatore amaranto sar\u00e0 accompagnato dal suo storico staff: il vice Richard Vanigli, il preparatore atletico Alberto Bartali e il preparatore dei portieri Pietro Spinosa. Proprio l\u2019accordo economico tra la societ\u00e0 e lo staff, di alto livello per la Serie C, \u00e8 stato uno dei nodi della trattativa, risolto nelle ultimissime ore. Per Cristiano Lucarelli \u00e8 la seconda avventura sulla panchina amaranto, dopo la parentesi in Serie B del 2018.  Accanto a lui ci sar\u00e0 anche il fratello Alessandro, bandiera del Parma, in maglia amaranto nella stagione 2004-2005, pronto per la prima esperienza da direttore sportivo. Confermato anche Alessandro Doga come direttore tecnico con delega al settore giovanile. La prima mossa dovrebbe essere la conferma dell\u2019attaccante Samuel Di Carmine, 37 anni, 11 gol nella scorsa stagione.<\/p>\n","protected":false},"excerpt":{"rendered":"Superati i\u00a0contrasti con l\u2019attuale presidente Joel Esciua, per l&#8217;ufficialit\u00e0 si attende solo la risoluzione del contratto del tecnico&hellip;\n","protected":false},"author":3,"featured_media":574612,"comment_status":"","ping_status":"","sticky":false,"template":"","format":"standard","meta":{"footnotes":"","_share_on_mastodon":"0"},"categories":[1452],"tags":[5781,13790,2535,316612,316613,1960,316614,316615,259175,1963,68740,316616,2285,721,6693,6101,78303,1109,47040,1740,1537,90,89,8285,34348,1821,1739,245,2284,244],"class_list":["post-574611","post","type-post","status-publish","format-standard","has-post-thumbnail","category-calcio","tag-accanto","tag-affida","tag-alessandro","tag-alessandro-direttore","tag-alessandro-direttore-sportivo","tag-allenatore","tag-allenatore-alessandro","tag-allenatore-alessandro-direttore","tag-amaranto","tag-attuale","tag-attuale-presidente","tag-attuale-presidente-joel","tag-bandiera","tag-calcio","tag-contratto","tag-cristiano","tag-cristiano-lucarelli","tag-direttore","tag-direttore-sportivo","tag-football","tag-it","tag-italia","tag-italy","tag-livorno","tag-lucarelli","tag-serie","tag-soccer","tag-sport","tag-sportivo","tag-sports"],"share_on_mastodon":{"url":"https:\/\/pubeurope.com\/@it\/116881663534498460","error":""},"_links":{"self":[{"href":"https:\/\/www.europesays.com\/it\/wp-json\/wp\/v2\/posts\/574611","targetHints":{"allow":["GET"]}}],"collection":[{"href":"https:\/\/www.europesays.com\/it\/wp-json\/wp\/v2\/posts"}],"about":[{"href":"https:\/\/www.europesays.com\/it\/wp-json\/wp\/v2\/types\/post"}],"author":[{"embeddable":true,"href":"https:\/\/www.europesays.com\/it\/wp-json\/wp\/v2\/users\/3"}],"replies":[{"embeddable":true,"href":"https:\/\/www.europesays.com\/it\/wp-json\/wp\/v2\/comments?post=574611"}],"version-history":[{"count":0,"href":"https:\/\/www.europesays.com\/it\/wp-json\/wp\/v2\/posts\/574611\/revisions"}],"wp:featuredmedia":[{"embeddable":true,"href":"https:\/\/www.europesays.com\/it\/wp-json\/wp\/v2\/media\/574612"}],"wp:attachment":[{"href":"https:\/\/www.europesays.com\/it\/wp-json\/wp\/v2\/media?parent=574611"}],"wp:term":[{"taxonomy":"category","embeddable":true,"href":"https:\/\/www.europesays.com\/it\/wp-json\/wp\/v2\/categories?post=574611"},{"taxonomy":"post_tag","embeddable":true,"href":"https:\/\/www.europesays.com\/it\/wp-json\/wp\/v2\/tags?post=574611"}],"curies":[{"name":"wp","href":"https:\/\/api.w.org\/{rel}","templated":true}]}}