{"id":574621,"date":"2026-07-08T01:12:22","date_gmt":"2026-07-08T01:12:22","guid":{"rendered":"https:\/\/www.europesays.com\/it\/574621\/"},"modified":"2026-07-08T01:12:22","modified_gmt":"2026-07-08T01:12:22","slug":"mattarella-a-pordenonelegge-il-capo-dello-stato-chiudera-ledizione-2026","status":"publish","type":"post","link":"https:\/\/www.europesays.com\/it\/574621\/","title":{"rendered":"Mattarella a Pordenonelegge: il capo dello Stato chiuder\u00e0 l&#8217;edizione 2026"},"content":{"rendered":"<p><strong><a href=\"https:\/\/www.ilgazzettino.it\/t\/%E2%80%8Bpordenone\" rel=\"nofollow noopener\" target=\"_blank\">\u200bPORDENONE<\/a><\/strong> &#8211; Sar\u00e0 il presidente della Repubblica, <a href=\"https:\/\/www.ilgazzettino.it\/t\/sergio-mattarella\" rel=\"nofollow noopener\" target=\"_blank\">Sergio Mattarella<\/a>, a chiudere l&#8217;edizione 2026 di <a href=\"https:\/\/www.ilgazzettino.it\/t\/pordenonelegge\" rel=\"nofollow noopener\" target=\"_blank\">Pordenonelegge<\/a>. Il Capo dello Stato sar\u00e0 al Teatro Verdi il 20 settembre per salutare il festival e omaggiare Pordenone in vista del 2027, quando la citt\u00e0 sar\u00e0 capitale della cultura. L&#8217;annuncio \u00e8 stato dato oggi, marted\u00ec 7 luglio, durante la conferenza stampa di presentazione della festa del libro che si \u00e8 tenuta a Milano.<\/p>\n<p>    &#13;<\/p>\n<p>APPROFONDIMENTI<\/p>\n<p>&#13;<\/p>\n<p>                            &#13;<br \/>\n                                            &#13;<br \/>\n                            <a href=\"https:\/\/www.ilgazzettino.it\/nordest\/pordenone\/pordenonelegge_date_ospiti_2026-9637171.html\" rel=\"nofollow noopener\" target=\"_blank\">&#13;<br \/>\n                                                                <img decoding=\"async\" src=\"https:\/\/www.europesays.com\/it\/wp-content\/uploads\/2026\/07\/9637171_07121324_pordenonelegge_date_ospiti_2026.jpg\"\/>&#13;<br \/>\n                            <\/a>&#13;<br \/>\n                        &#13;<br \/>\n                                        &#13;<\/p>\n<p>                            &#13;<br \/>\n                                            &#13;<br \/>\n                            <a href=\"https:\/\/www.ilgazzettino.it\/speciali\/regione_fvg_informa\/cultura_anzil_a_tolmezzo_vie_dei_libri_idee_per_leggere_il_presente-9588913.html\" rel=\"nofollow noopener\" target=\"_blank\">&#13;<br \/>\n                                                                <img decoding=\"async\" src=\"https:\/\/www.europesays.com\/it\/wp-content\/uploads\/2026\/07\/9588913_12214503_20260612212917015.jpg\"\/>&#13;<br \/>\n                            <\/a>&#13;<br \/>\n                        &#13;<br \/>\n                                        &#13;<\/p>\n<p>        &#13;<\/p>\n","protected":false},"excerpt":{"rendered":"\u200bPORDENONE &#8211; Sar\u00e0 il presidente della Repubblica, Sergio Mattarella, a chiudere l&#8217;edizione 2026 di Pordenonelegge. Il Capo dello&hellip;\n","protected":false},"author":3,"featured_media":574622,"comment_status":"","ping_status":"","sticky":false,"template":"","format":"standard","meta":{"footnotes":"","_share_on_mastodon":"0"},"categories":[174],"tags":[203,204,1537,90,89,14940,28378,8860],"class_list":["post-574621","post","type-post","status-publish","format-standard","has-post-thumbnail","category-intrattenimento","tag-entertainment","tag-intrattenimento","tag-it","tag-italia","tag-italy","tag-pordenone","tag-pordenonelegge","tag-sergio-mattarella"],"share_on_mastodon":{"url":"https:\/\/pubeurope.com\/@it\/116881703525350230","error":""},"_links":{"self":[{"href":"https:\/\/www.europesays.com\/it\/wp-json\/wp\/v2\/posts\/574621","targetHints":{"allow":["GET"]}}],"collection":[{"href":"https:\/\/www.europesays.com\/it\/wp-json\/wp\/v2\/posts"}],"about":[{"href":"https:\/\/www.europesays.com\/it\/wp-json\/wp\/v2\/types\/post"}],"author":[{"embeddable":true,"href":"https:\/\/www.europesays.com\/it\/wp-json\/wp\/v2\/users\/3"}],"replies":[{"embeddable":true,"href":"https:\/\/www.europesays.com\/it\/wp-json\/wp\/v2\/comments?post=574621"}],"version-history":[{"count":0,"href":"https:\/\/www.europesays.com\/it\/wp-json\/wp\/v2\/posts\/574621\/revisions"}],"wp:featuredmedia":[{"embeddable":true,"href":"https:\/\/www.europesays.com\/it\/wp-json\/wp\/v2\/media\/574622"}],"wp:attachment":[{"href":"https:\/\/www.europesays.com\/it\/wp-json\/wp\/v2\/media?parent=574621"}],"wp:term":[{"taxonomy":"category","embeddable":true,"href":"https:\/\/www.europesays.com\/it\/wp-json\/wp\/v2\/categories?post=574621"},{"taxonomy":"post_tag","embeddable":true,"href":"https:\/\/www.europesays.com\/it\/wp-json\/wp\/v2\/tags?post=574621"}],"curies":[{"name":"wp","href":"https:\/\/api.w.org\/{rel}","templated":true}]}}