{"id":574633,"date":"2026-07-08T01:26:25","date_gmt":"2026-07-08T01:26:25","guid":{"rendered":"https:\/\/www.europesays.com\/it\/574633\/"},"modified":"2026-07-08T01:26:25","modified_gmt":"2026-07-08T01:26:25","slug":"salus-seregno-de-rosa-gualtieri-riporta-a-seregno-il-tricolore-50-anni-dopo-santambrogio","status":"publish","type":"post","link":"https:\/\/www.europesays.com\/it\/574633\/","title":{"rendered":"SALUS SEREGNO DE ROSA. GUALTIERI RIPORTA A SEREGNO IL TRICOLORE 50 ANNI DOPO SANTAMBROGIO"},"content":{"rendered":"<p>            <a class=\"category\" href=\"https:\/\/www.tuttobiciweb.it\/articles\/category\/ALLIEVI\" itemprop=\"about\" rel=\"nofollow noopener\" target=\"_blank\">ALLIEVI<\/a> | 07\/07\/2026 | 08:05<br \/>\n            <a class=\"author\" href=\"https:\/\/www.tuttobiciweb.it\/articles\/author\/Danilo%20Vigan%C3%B2\" rel=\"nofollow noopener\" target=\"_blank\">di Danilo Vigan\u00f2<\/a><\/p>\n<p>Cinquant\u2019anni dopo il trionfo di Massimo Santambrogio a Campagnano di Roma, il titolo italiano su strada della categoria allievi torna a Seregno. A firmare l\u2019impresa \u00e8 <b>Matteo Jacopo Gualtieri, 16 anni di Monza<\/b>, che a Laives, alle porte di Bolzano, ha compiuto il capolavoro pi\u00f9 luminoso della sua ancora giovane carriera: la conquista della maglia tricolore con i colori della <b>Salus Seregno De Rosa di Marco Moretto<\/b>. Un successo che si aggiunge a una stagione semplicemente straordinaria. Gualtieri era gi\u00e0 diventato campione italiano sette giorni prima nel <b>Cross Country, e prima ancora nello Short Track MTB, nel Team Relay MTB (Staffetta Mista) e nella Staffetta Mista di Ciclocross<\/b>. Un filotto di titoli che racconta la versatilit\u00e0, la solidit\u00e0 e la crescita di un talento ormai riconosciuto a livello nazionale. A Laives, il brianzolo ha concretizzato la sua magia sportiva battendo in volata il compagno di fuga Marco Casetta, veneto della Sacilese, al termine di una gara intensa, tatticamente impeccabile e gestita con sorprendente maturit\u00e0. Sul terzo gradino del podio \u00e8 salito il marchigiano Giulio Vitali della Ethica Zero24 Cycling Team. Un risultato che non \u00e8 solo un titolo: \u00e8 un ritorno alla storia, un ponte ideale tra generazioni, un nuovo capitolo per la Salus Seregno De Rosa e per tutto il movimento lombardo.<\/p>\n<p>&#8220;Sono partito pensando \u2013 e sperando \u2013 di poter entrare nei primi cinque, magari salire sul podio-racconta Gualtieri che studia al Liceo Scientifico Scienze Applicate di Monza-. Sinceramente non immaginavo che potesse finire cos\u00ec. Volevo rendere la corsa dura e provare a infilarmi in qualche attacco, ma all\u2019inizio ho faticato a restare nelle prime posizioni del gruppo. Sono anche rimasto coinvolto in un paio di cadute, per fortuna senza conseguenze. Avevo in mente di attaccare, ma nell\u2019ultima salita mi ha anticipato Casetta: la Santuaria, 650 metri con pendenze in doppia cifra, ripetuta sette volte. Sono scattato subito anch\u2019io e abbiamo collaborato fino all\u2019ultimo chilometro. Quando ho visto che i tre inseguitori non erano lontani, per evitare che rientrassero mi sono messo davanti a tirare. Ho aspettato fino all\u2019ultimo a lanciare la volata, pi\u00f9 o meno ai 150 metri, e sono riuscito a vincere\u201d. <\/p>\n<p>Per pap\u00e0 Fabio e mamma Lucia \u00e8 stata un\u2019emozione incredibile, la gioia pura di vedere il proprio figlio indossare la maglia tricolore che in Salus mancava da cinquant\u2019anni.\u00a0<\/p>\n<p><a href=\"https:\/\/www.tuttobiciweb.it\/article\/2026\/07\/07\/1783354476\/cycling-italian-championships-juniors-matteo-jacopo-gualtieri-seregno?lang=en\" rel=\"nofollow noopener\" target=\"_blank\"><img decoding=\"async\" src=\"https:\/\/www.europesays.com\/it\/wp-content\/uploads\/2025\/12\/enver.png\"\/><\/a><\/p>\n<p>Copyright &amp;copy TBW<\/p>\n","protected":false},"excerpt":{"rendered":"ALLIEVI | 07\/07\/2026 | 08:05 di Danilo Vigan\u00f2 Cinquant\u2019anni dopo il trionfo di Massimo Santambrogio a Campagnano di&hellip;\n","protected":false},"author":3,"featured_media":574634,"comment_status":"","ping_status":"","sticky":false,"template":"","format":"standard","meta":{"footnotes":"","_share_on_mastodon":"0"},"categories":[1456],"tags":[9636,18798,1824,1825,1537,90,89,270495,108882,245,244],"class_list":["post-574633","post","type-post","status-publish","format-standard","has-post-thumbnail","category-ciclismo","tag-allievi","tag-campionati-italiani","tag-ciclismo","tag-cycling","tag-it","tag-italia","tag-italy","tag-matteo-jacopo-gualtieri","tag-seregno","tag-sport","tag-sports"],"share_on_mastodon":{"url":"https:\/\/pubeurope.com\/@it\/116881758351699804","error":""},"_links":{"self":[{"href":"https:\/\/www.europesays.com\/it\/wp-json\/wp\/v2\/posts\/574633","targetHints":{"allow":["GET"]}}],"collection":[{"href":"https:\/\/www.europesays.com\/it\/wp-json\/wp\/v2\/posts"}],"about":[{"href":"https:\/\/www.europesays.com\/it\/wp-json\/wp\/v2\/types\/post"}],"author":[{"embeddable":true,"href":"https:\/\/www.europesays.com\/it\/wp-json\/wp\/v2\/users\/3"}],"replies":[{"embeddable":true,"href":"https:\/\/www.europesays.com\/it\/wp-json\/wp\/v2\/comments?post=574633"}],"version-history":[{"count":0,"href":"https:\/\/www.europesays.com\/it\/wp-json\/wp\/v2\/posts\/574633\/revisions"}],"wp:featuredmedia":[{"embeddable":true,"href":"https:\/\/www.europesays.com\/it\/wp-json\/wp\/v2\/media\/574634"}],"wp:attachment":[{"href":"https:\/\/www.europesays.com\/it\/wp-json\/wp\/v2\/media?parent=574633"}],"wp:term":[{"taxonomy":"category","embeddable":true,"href":"https:\/\/www.europesays.com\/it\/wp-json\/wp\/v2\/categories?post=574633"},{"taxonomy":"post_tag","embeddable":true,"href":"https:\/\/www.europesays.com\/it\/wp-json\/wp\/v2\/tags?post=574633"}],"curies":[{"name":"wp","href":"https:\/\/api.w.org\/{rel}","templated":true}]}}