{"id":574691,"date":"2026-07-08T02:31:23","date_gmt":"2026-07-08T02:31:23","guid":{"rendered":"https:\/\/www.europesays.com\/it\/574691\/"},"modified":"2026-07-08T02:31:23","modified_gmt":"2026-07-08T02:31:23","slug":"una-finestra-vista-lago-la-fiction-rai-ispirata-ad-andrea-vitali-arriva-a-settembre-su-rai-1","status":"publish","type":"post","link":"https:\/\/www.europesays.com\/it\/574691\/","title":{"rendered":"\u201cUna finestra vista lago\u201d, la fiction Rai ispirata ad Andrea Vitali arriva a settembre su Rai 1"},"content":{"rendered":"<p class=\"PDq2pG_selectionAnchorContainer\" data-start=\"264\" data-end=\"589\">Ci siamo: la Rai ha iniziato a promuovere in grande stile <strong data-start=\"322\" data-end=\"351\">\u201cUna finestra vista lago\u201d<\/strong>, la nuova fiction che con ogni probabilit\u00e0 approder\u00e0 sul piccolo schermo dopo l\u2019estate. Gli spot con le prime immagini sono gi\u00e0 in onda e la serie \u00e8 attesa per <strong data-start=\"512\" data-end=\"550\">settembre in prima serata su Rai 1<\/strong>, con quattro appuntamenti settimanali.<\/p>\n<p data-start=\"591\" data-end=\"878\">La miniserie porta sullo schermo il mondo narrativo di <strong data-start=\"646\" data-end=\"687\">Andrea Vitali<\/strong>, uno degli autori italiani pi\u00f9 letti degli ultimi vent\u2019anni, trasformando le sue storie ambientate sul lago in un racconto televisivo fatto di commedia, mistero e personaggi indimenticabili.<\/p>\n<p data-start=\"880\" data-end=\"1275\">A dirigere la fiction \u00e8 <strong data-start=\"904\" data-end=\"945\">Marco Pontecorvo<\/strong>, gi\u00e0 autore della regia di produzioni come <strong data-start=\"989\" data-end=\"1020\">\u201cPer Elisa \u2013 Il caso Claps\u201d<\/strong> e <strong data-start=\"1023\" data-end=\"1049\">\u201cSempre al tuo fianco\u201d<\/strong>. La serie propone un\u2019ambientazione d\u2019epoca che richiama il fascino dei <a href=\"https:\/\/primalecco.it\/notizie-comune\/bellano\/\" target=\"_blank\" rel=\"noopener nofollow\"><strong>Bellano<\/strong><\/a> (che nello sceneggiato diventa Bellamo) e\u00a0 <strong data-start=\"1121\" data-end=\"1155\">Lago di Como degli anni Trenta<\/strong>, tra paesaggi suggestivi, piccoli paesi e una comunit\u00e0 apparentemente tranquilla ma attraversata da segreti e tensioni.<\/p>\n<p>\u201cUna finestra vista lago\u201d, la fiction Rai ispirata ad Andrea Vitali arriva a settembre su Rai 1<\/p>\n<p data-start=\"1324\" data-end=\"1675\">Al centro della storia c\u2019\u00e8 <strong data-start=\"1351\" data-end=\"1370\">Ernesto Maccad\u00f2<\/strong>, giovane maresciallo dei carabinieri calabrese chiamato al suo primo incarico in un paese del Nord Italia. Interpretato da <strong data-start=\"1494\" data-end=\"1535\">Antonio Folletto<\/strong>, il protagonista si ritrova catapultato a Bellamo, borgo immaginario affacciato su un lago che richiama chiaramente le atmosfere del Lario.<\/p>\n<p data-start=\"1677\" data-end=\"1924\">Ad accompagnarlo c\u2019\u00e8 la moglie <strong data-start=\"1708\" data-end=\"1722\">Maristella<\/strong>, interpretata da <strong data-start=\"1740\" data-end=\"1781\">Giulia D\u2019Aloia<\/strong>, mentre intorno alla coppia prende vita una comunit\u00e0 popolata da personaggi eccentrici, curiosi e imprevedibili, tipici della penna di Vitali.<\/p>\n<p data-start=\"1926\" data-end=\"2144\">Maccad\u00f2 dovr\u00e0 conquistare la fiducia degli abitanti, inizialmente diffidenti verso quello \u201cstraniero\u201d arrivato dal Sud, imparando a conoscere un mondo fatto di pettegolezzi, rivalit\u00e0, piccoli intrighi e grandi segreti.<\/p>\n<p data-start=\"1926\" data-end=\"2144\"><a href=\"https:\/\/www.europesays.com\/it\/wp-content\/uploads\/2026\/07\/fctp_67ef8904143bf.jpg\"><img loading=\"lazy\" decoding=\"async\" class=\"alignnone size-full wp-image-391541\" src=\"https:\/\/www.europesays.com\/it\/wp-content\/uploads\/2026\/07\/fctp_67ef8904143bf.jpg\" alt=\"\" width=\"1920\" height=\"1280\"  \/><\/a><\/p>\n<p><strong data-start=\"2149\" data-end=\"2205\">Bellamo, un paese sospeso tra misteri e quotidianit\u00e0<\/strong><\/p>\n<p data-start=\"2207\" data-end=\"2473\">La storia \u00e8 ambientata nei primi anni Trenta, in un\u2019Italia di provincia dove il tempo sembra scorrere pi\u00f9 lentamente. Bellamo \u00e8 un microcosmo solo in apparenza sereno: dietro la normalit\u00e0 della vita quotidiana si nascondono passioni, ambizioni, tradimenti e misteri.<\/p>\n<p data-start=\"2475\" data-end=\"2795\">Il lago non \u00e8 soltanto uno scenario suggestivo, ma diventa un vero protagonista della narrazione. Come ha spiegato il regista Marco Pontecorvo, l\u2019acqua rappresenta una presenza costante, un elemento capace di accompagnare e influenzare le vicende dei personaggi, tra venti improvvisi e atmosfere quasi sospese nel tempo.<\/p>\n<p data-start=\"2797\" data-end=\"3084\">Le quattro puntate adattano altrettanti romanzi di Andrea Vitali. Ogni episodio ruota attorno a un caso differente: una donna dal passato misterioso, una relazione clandestina dalle conseguenze impreviste, il furto di un\u2019immagine sacra collegato alla morte di un usuraio temuto in paese. Accanto alle indagini si sviluppa il percorso umano del maresciallo Maccad\u00f2, in un vero e proprio racconto di formazione che lo porter\u00e0, passo dopo passo, a diventare parte della comunit\u00e0.<\/p>\n<p><strong data-start=\"3279\" data-end=\"3320\">Commedia, giallo e atmosfere surreali<\/strong><\/p>\n<p data-start=\"3322\" data-end=\"3471\">\u201cUna finestra vista lago\u201d punta a ricreare lo spirito dei romanzi di Vitali, alternando momenti ironici e leggeri a situazioni pi\u00f9 cupe e misteriose.La serie mescola il genere giallo con la commedia di provincia, lasciando spazio anche a elementi surreali e a quei personaggi sopra le righe che hanno reso celebre la narrativa dello scrittore lariano.<\/p>\n<p><strong data-start=\"3680\" data-end=\"3705\">Il cast della fiction<\/strong><\/p>\n<p data-start=\"3707\" data-end=\"3862\">Accanto ad <strong data-start=\"3718\" data-end=\"3738\">Antonio Folletto<\/strong> nei panni del maresciallo Ernesto Maccad\u00f2 e a <strong data-start=\"3785\" data-end=\"3803\">Giulia D\u2019Aloia<\/strong> nel ruolo di Maristella, la serie presenta un cast corale.<\/p>\n<p data-start=\"3864\" data-end=\"4127\">Tra gli interpreti troviamo <strong data-start=\"3892\" data-end=\"3933\">Domenico Centamore<\/strong>, conosciuto dal grande pubblico per il ruolo di Piccionello in <strong data-start=\"3997\" data-end=\"4009\">\u201cM\u00e0kari\u201d<\/strong>, che interpreta il brigadiere Letterio Misfatti, una sorta di guida per Maccad\u00f2 alla scoperta dei segreti di Bellamo.Nel cast anche <strong data-start=\"4144\" data-end=\"4185\">Claudia Potenza<\/strong> nei panni di Agata, moglie del brigadiere, <strong data-start=\"4229\" data-end=\"4270\">Paola Minaccioni<\/strong> nel ruolo di suor Anastasia e <strong data-start=\"4301\" data-end=\"4342\">Antonio Catania<\/strong> come il podest\u00e0 Mongatti, rappresentante del potere del regime nel paese.<\/p>\n<p data-start=\"4418\" data-end=\"4757\">Completano il gruppo <strong data-start=\"4439\" data-end=\"4480\">Vincenzo Nemolato<\/strong> (Tartina), <strong data-start=\"4492\" data-end=\"4533\">Dario Vergassola<\/strong> (Fiorentino Crispini), <strong data-start=\"4557\" data-end=\"4600\">Gianmarco Vettori<\/strong> (Cagaia) e il giovane <strong data-start=\"4623\" data-end=\"4666\">Leo Besozzi<\/strong> nel ruolo di Vinicio, un orfanello la cui storia si intreccia con quella dei protagonisti. Ogni episodio introdurr\u00e0 inoltre nuovi personaggi legati ai singoli casi, tra cui <strong data-start=\"4841\" data-end=\"4884\">Rosa Diletta Rossi<\/strong> nei panni di Doris Brilli, <strong data-start=\"4912\" data-end=\"4955\">Giselda Volodi<\/strong> come la signorina Tecla Manzi, oltre a <strong data-start=\"4995\" data-end=\"5038\">Riccardo Leonelli<\/strong> e <strong data-start=\"5041\" data-end=\"5084\">Savino Paparella<\/strong>.<\/p>\n<p><strong data-start=\"5090\" data-end=\"5129\">Quando andr\u00e0 in onda e dove vederla<\/strong><\/p>\n<p data-start=\"5131\" data-end=\"5271\">\u201cUna finestra vista lago\u201d arriver\u00e0 su <strong data-start=\"5169\" data-end=\"5206\">Rai 1 in prima serata a settembre<\/strong>,per 4 settimane Tutte le puntate saranno inoltre disponibili in streaming sulla piattaforma gratuita <strong data-start=\"5358\" data-end=\"5401\">RaiPlay<\/strong>, accessibile da smart TV, computer, tablet, smartphone e console. Le sceneggiature sono firmate da <strong data-start=\"5502\" data-end=\"5523\">Salvatore De Mola<\/strong> e <strong data-start=\"5526\" data-end=\"5544\">Simona Coppini<\/strong>, con la collaborazione dello stesso Andrea Vitali. La fiction \u00e8 una produzione <strong data-start=\"5624\" data-end=\"5667\">Rai Fiction<\/strong> e Alexandra Cinematografica, in associazione con Elysia Productions e in collaborazione con Palomar. Una nuova occasione, dunque, per portare sullo schermo quel mondo fatto di piccoli paesi, personaggi eccentrici e misteri quotidiani che da anni ha conquistato i lettori di Andrea Vitali, con il Lago di Como ancora una volta protagonista.<\/p>\n","protected":false},"excerpt":{"rendered":"Ci siamo: la Rai ha iniziato a promuovere in grande stile \u201cUna finestra vista lago\u201d, la nuova fiction&hellip;\n","protected":false},"author":3,"featured_media":574692,"comment_status":"","ping_status":"","sticky":false,"template":"","format":"standard","meta":{"footnotes":"","_share_on_mastodon":"0"},"categories":[1444],"tags":[58066,203,204,1537,90,89,253],"class_list":["post-574691","post","type-post","status-publish","format-standard","has-post-thumbnail","category-tv","tag-bellano","tag-entertainment","tag-intrattenimento","tag-it","tag-italia","tag-italy","tag-tv"],"share_on_mastodon":{"url":"https:\/\/pubeurope.com\/@it\/116882014100581482","error":""},"_links":{"self":[{"href":"https:\/\/www.europesays.com\/it\/wp-json\/wp\/v2\/posts\/574691","targetHints":{"allow":["GET"]}}],"collection":[{"href":"https:\/\/www.europesays.com\/it\/wp-json\/wp\/v2\/posts"}],"about":[{"href":"https:\/\/www.europesays.com\/it\/wp-json\/wp\/v2\/types\/post"}],"author":[{"embeddable":true,"href":"https:\/\/www.europesays.com\/it\/wp-json\/wp\/v2\/users\/3"}],"replies":[{"embeddable":true,"href":"https:\/\/www.europesays.com\/it\/wp-json\/wp\/v2\/comments?post=574691"}],"version-history":[{"count":0,"href":"https:\/\/www.europesays.com\/it\/wp-json\/wp\/v2\/posts\/574691\/revisions"}],"wp:featuredmedia":[{"embeddable":true,"href":"https:\/\/www.europesays.com\/it\/wp-json\/wp\/v2\/media\/574692"}],"wp:attachment":[{"href":"https:\/\/www.europesays.com\/it\/wp-json\/wp\/v2\/media?parent=574691"}],"wp:term":[{"taxonomy":"category","embeddable":true,"href":"https:\/\/www.europesays.com\/it\/wp-json\/wp\/v2\/categories?post=574691"},{"taxonomy":"post_tag","embeddable":true,"href":"https:\/\/www.europesays.com\/it\/wp-json\/wp\/v2\/tags?post=574691"}],"curies":[{"name":"wp","href":"https:\/\/api.w.org\/{rel}","templated":true}]}}