{"id":574730,"date":"2026-07-08T03:10:23","date_gmt":"2026-07-08T03:10:23","guid":{"rendered":"https:\/\/www.europesays.com\/it\/574730\/"},"modified":"2026-07-08T03:10:23","modified_gmt":"2026-07-08T03:10:23","slug":"valentino-svelato-il-testamento-tutta-leredita-a-una-fondazione-del-liechtenstein","status":"publish","type":"post","link":"https:\/\/www.europesays.com\/it\/574730\/","title":{"rendered":"Valentino, svelato il testamento: tutta l&#8217;eredit\u00e0 a una fondazione del Liechtenstein"},"content":{"rendered":"<p>Lo stilista italiano ha lasciato tutto alla Valentino Garavani &#8211; Giancarlo Giammetti Foundation con sede a Vaduz, capitale del Principato. Come ricostruito dal Corriere della Sera, Valentino non avendo eredi diretti ha potuto disporre liberamente del suo patrimonio affidando la decisione al notaio svizzero Rolf Schneider<\/p>\n<p>Va a una Fondazione in Liechtenstein tutta l\u2019eredit\u00e0 di Valentino Garavani. A quasi sei mesi dalla morte dello stilista italiano, il patrimonio da centinaia di milioni ha ora un nuovo proprietario. A ricostruire cosa \u00e8 successo in questi mesi passati dopo la scomparsa di Valentino, il 19 gennaio 2026, \u00e8 il <a data-intcmp-qp=\"skytg24_foglia articolo_interlink_text\" href=\"https:\/\/www.corriere.it\/economia\/finanza\/26_luglio_07\/valentino-la-sorpresa-nel-testamento-ha-nominato-unica-erede-una-fondazione-del-liechtenstein-fb29a866-0993-4dd5-ae6f-776899516xlk.shtml\" target=\"_blank\" rel=\"nofollow noopener\">Corriere della Sera<\/a> che ha identificato in un indirizzo di Vaduz, capitale del piccolo Principato tra Austria e Svizzera, la sede della Fondazione diventata unica erede di tutti i beni dello stilista. S\u00ec perch\u00e9 Valentino, morto a 93 anni, non aveva eredi diretti quindi aveva la possibilit\u00e0 di disporre dei beni a suo piacimento: una decisione che lo stilista, il 29 marzo 2023, aveva consegnato nelle mani del notaio svizzero Rolf Schneider a Gstaad.<\/p>\n<p>\t\t\tLa Fondazione<\/p>\n<p>Come ricorda il quotidiano, quello di Valentino era un patrimonio del valore di centinaia di milioni. Comprende uno yacht di 46 metri, diverse ville, opere d\u2019arte (tra cui Picasso e Andy Warhol), un castello in Francia, investimenti finanziari e liquidit\u00e0 su conti esteri. Tutto ci\u00f2 \u00e8 rimasto nelle mani di un\u2019unica erede: la Valentino Garavani &#8211; Giancarlo Giammetti Foundation che ha sede, appunto, nella capitale del Liechtenstein. Il testamento, come ricostruito dal Corriere, \u00e8 stato depositato in Italia due giorni dopo la morte di Valentino ma non se ne sono conosciuti i beneficiari per alcuni mesi: poi, il 15 aprile, la Fondazione ha ufficialmente accettato l\u2019eredit\u00e0 diventando intestataria dei beni dello stilista.\u00a0<\/p>\n<p>\t\t\tCosa dice il testamento<\/p>\n<p>Come riporta il Corriere, le carte esecutive precisano che il testamento \u201cprevede un solo erede e una serie di legati\u201d, senza per\u00f2 indicare esplicitamente i nomi dei beneficiari delle donazioni ereditarie. La Fondazione ha probabilmente il compito di non disperdere il patrimonio ma, attraverso la fondazione, Valentino ha comunque destinato liquidit\u00e0, beni mobili, l\u2019uso di immobili e opere d\u2019arte alle persone che gli sono state vicine nella vita sia privata che professionale. Tra loro, si ipotizza, ci sono il compagno Vernon Bruce Hoeksema, l\u2019ex compagno, socio e amico da una vita Giancarlo Giammetti, il nipote Piero Villani, la famiglia del brasiliano Carlos Souza e la Fondazione romana Valentino-Giammetti, omonima e ora dipendente da quella del Liechtenstein.<\/p>\n<p>\t            TAG:<\/p>\n","protected":false},"excerpt":{"rendered":"Lo stilista italiano ha lasciato tutto alla Valentino Garavani &#8211; Giancarlo Giammetti Foundation con sede a Vaduz, capitale&hellip;\n","protected":false},"author":3,"featured_media":574731,"comment_status":"","ping_status":"","sticky":false,"template":"","format":"standard","meta":{"footnotes":"","_share_on_mastodon":"0"},"categories":[6],"tags":[364,14,8,1537,90,89,7,15,82,9,83,10,13,11,80,84,12,81,85,183963],"class_list":["post-574730","post","type-post","status-publish","format-standard","has-post-thumbnail","category-ultime-notizie","tag-collaboratori","tag-cronaca","tag-headlines","tag-it","tag-italia","tag-italy","tag-news","tag-notizie","tag-notizie-di-cronaca","tag-notizie-principali","tag-notiziedicronaca","tag-notizieprincipali","tag-titoli","tag-ultime-notizie","tag-ultime-notizie-di-cronaca","tag-ultime-notizie-e-news-di-oggi","tag-ultimenotizie","tag-ultimenotiziedicronaca","tag-ultimenotizieenewsdioggi","tag-valentino-garavani"],"share_on_mastodon":{"url":"https:\/\/pubeurope.com\/@it\/116882166630632312","error":""},"_links":{"self":[{"href":"https:\/\/www.europesays.com\/it\/wp-json\/wp\/v2\/posts\/574730","targetHints":{"allow":["GET"]}}],"collection":[{"href":"https:\/\/www.europesays.com\/it\/wp-json\/wp\/v2\/posts"}],"about":[{"href":"https:\/\/www.europesays.com\/it\/wp-json\/wp\/v2\/types\/post"}],"author":[{"embeddable":true,"href":"https:\/\/www.europesays.com\/it\/wp-json\/wp\/v2\/users\/3"}],"replies":[{"embeddable":true,"href":"https:\/\/www.europesays.com\/it\/wp-json\/wp\/v2\/comments?post=574730"}],"version-history":[{"count":0,"href":"https:\/\/www.europesays.com\/it\/wp-json\/wp\/v2\/posts\/574730\/revisions"}],"wp:featuredmedia":[{"embeddable":true,"href":"https:\/\/www.europesays.com\/it\/wp-json\/wp\/v2\/media\/574731"}],"wp:attachment":[{"href":"https:\/\/www.europesays.com\/it\/wp-json\/wp\/v2\/media?parent=574730"}],"wp:term":[{"taxonomy":"category","embeddable":true,"href":"https:\/\/www.europesays.com\/it\/wp-json\/wp\/v2\/categories?post=574730"},{"taxonomy":"post_tag","embeddable":true,"href":"https:\/\/www.europesays.com\/it\/wp-json\/wp\/v2\/tags?post=574730"}],"curies":[{"name":"wp","href":"https:\/\/api.w.org\/{rel}","templated":true}]}}