{"id":574944,"date":"2026-07-08T07:30:14","date_gmt":"2026-07-08T07:30:14","guid":{"rendered":"https:\/\/www.europesays.com\/it\/574944\/"},"modified":"2026-07-08T07:30:14","modified_gmt":"2026-07-08T07:30:14","slug":"francesca-vecchioni-io-e-mia-moglie-sara-siamo-molto-riservate-pero-raccontare-lamore-e-bello-era-come-se-mio-fratello-arrigo-fosse-con-noi","status":"publish","type":"post","link":"https:\/\/www.europesays.com\/it\/574944\/","title":{"rendered":"Francesca Vecchioni: \u00abIo e mia moglie Sara siamo molto riservate, per\u00f2 raccontare l\u2019amore \u00e8 bello. Era come se mio fratello Arrigo fosse con noi\u00bb"},"content":{"rendered":"<p>    di<br \/>\n    Francesca Angeleri<\/p>\n<p class=\"summary-art is-line-h-12\">Francesca Vecchioni, il video con il pap\u00e0 Roberto e il ricordo del fratello Arrigo: \u00abEra come se lui fosse qui\u00bb<\/p>\n<p class=\"chapter-paragraph\">Non se lo aspettavano <b>un impatto mediatico<\/b> di tali dimensioni, <b>Francesca Vecchioni e la neo moglie Sara<\/b> che sono convolate a nozze sabato scorso 4 luglio, nella casa di famiglia sul Lago di Garda, con la cerimonia  officiata  dalla senatrice <b>Monica Cirinn\u00e0<\/b>. Ne parliamo poche ore dopo che la coppia \u00e8 atterrata in California, dove trascorrer\u00e0 la luna di miele.\u00a0<\/p>\n<p class=\"chapter-paragraph\"><b><a href=\"https:\/\/www.corriere.it\/spettacoli\/23_aprile_19\/arrigo-vecchioni-morte-roberto-annuncio-figlio-a403704c-de14-11ed-9f06-0b90e24301fd.shtml\" target=\"_blank\" rel=\"nofollow noopener\">Francesca Vecchioni<\/a>, come ha vissuto queste nozze che hanno fatto il giro del web?<\/b>\u00a0<br \/>\u00abNon li sto guardando i social, sinceramente. Mi \u00e8 stato riferito che ci sono stati anche diversi commenti cattivi, negativi&#8230;anche se \u00e8 cos\u00ec, credo comunque sia sempre importante parlare di questi temi, ma noi non avevamo pianificato nessuna strategia di comunicazione, non volevamo spingere la notizia\u00bb.    &#13;<br \/>\n&#13;<br \/>\n&#13;<br \/>\n&#13;<br \/>\n&#13;<br \/>\n&#13;<br \/>\n&#13;<br \/>\n&#13;<br \/>\n&#13;<br \/>\n&#13;<br \/>\n&#13;<br \/>\n&#13;<br \/>\n&#13;<br \/>\n&#13;<br \/>\n&#13;<br \/>\n&#13;<br \/>\n&#13;<br \/>\n&#13;<br \/>\n&#13;<br \/>\n&#13;<br \/>\n&#13;<br \/>\n&#13;<br \/>\n&#13;<br \/>\n&#13;<br \/>\n&#13;<br \/>\n&#13;<br \/>\n&#13;<br \/>\n&#13;<br \/>\n&#13;<br \/>\n&#13;<br \/>\n&#13;<br \/>\n&#13;<br \/>\n&#13;<br \/>\n&#13;<br \/>\n&#13;<br \/>\n&#13;<br \/>\n&#13;<br \/>\n&#13;<br \/>\n&#13;<br \/>\n&#13;<br \/>\n&#13;<br \/>\n&#13;<br \/>\n&#13;<br \/>\n&#13;<br \/>\n&#13;<br \/>\n&#13;<br \/>\n&#13;<br \/>\n&#13;<br \/>\n&#13;<br \/>\n&#13;<br \/>\n&#13;<br \/>\n&#13;<br \/>\n&#13;\n<\/p>\n<p class=\"chapter-paragraph\"><b>\u00a0Quando parla di temi intende certamente la questione delle unioni civili : \u00e8 in questa dimensione che ha vissuto questa cerimonia?\u00a0<\/b><br \/>\u00abIn realt\u00e0, io volevo viverlo e l\u2019ho vissuto esattamente come altre milioni di persone che si sposano: \u00e8 stato il passo importante di una coppia che decide di trascorrere il futuro insieme.   La legge sulle unioni civili ha ormai dieci anni e dovrebbe essere considerata una cosa normale\u00bb.<\/p>\n<p class=\"chapter-paragraph\"><b>\u00a0Invece?\u00a0<\/b><br \/>\u00ab\u00c8 curioso: da un lato gran parte della societ\u00e0 ormai considera le due cose equivalenti, dall\u2019altro, sul piano dei diritti, la battaglia non \u00e8 ancora conclusa. La stessa frase \u201cl\u2019unione civile non \u00e8 un matrimonio\u201d, pu\u00f2 essere usata sia da chi vuole sminuirla, sia da chi ricorda che manca ancora una piena uguaglianza giuridica. Sul piano dei diritti la differenza esiste ancora. Il peccato originale \u00e8 stato non aver affrontato il tema dei figli. C\u2019\u00e8 ancora la paura che il genere possa determinare la capacit\u00e0 di essere genitori, come se la genitorialit\u00e0 non potesse essere anche non biologica. La questione \u00e8 poi ricaduta sulla tutela dei figli. Ma i figli esistono, e troppo spesso non sono tutelati\u00bb.<\/p>\n<p class=\"chapter-paragraph\"><b>Lei ha due figlie con la sua ex compagna.\u00a0<\/b><br \/>\u00abSono riconosciute legalmente da entrambe le <a href=\"\">madri<\/a>. Ma non \u00e8 stato automatico. Al tempo dipendeva dai sindaci che decidevano se trascrivere o meno il genitore intenzionale nell\u2019atto di nascita\u00bb.<\/p>\n<p class=\"chapter-paragraph\"><b>\u00a0Parliamo di emozioni.\u00a0<\/b><br \/>\u00ab\u00c8 stata un\u2019emozione enorme. Sentirsi dire che lo Stato italiano ti riconosce come coppia ha un significato profondo, soprattutto per le persone che per tanti anni non hanno visto riconosciuta la loro relazione. La frase: \u201cNon mi interessa cosa fai in camera da letto\u201d, non ha senso. Noi siamo le nostre relazioni. Il riconoscimento riguarda la nostra vita sociale\u00bb.<\/p>\n<p class=\"chapter-paragraph\"><b>\u00a0Dove ha conosciuto sua moglie?<\/b><br \/>\u00a0\u00abA cena da amici, nel modo pi\u00f9 semplice possibile, \u00e8 stata una storia molto naturale. Ci siamo riconosciute praticamente subito. Siamo molto diverse caratterialmente, ma ci completiamo per questo\u00bb.<\/p>\n<p class=\"chapter-paragraph\"><b>\u00a0Siete molto riservate.\u00a0<\/b><br \/>\u00abS\u00ec, per\u00f2 raccontare l\u2019amore \u00e8 bello. \u00c8 importante per me  condividere il messaggio di questa storia. Anche se rimane qualcosa di profondamente nostro, so che chi si occupa di diritti come lo faccio io (\u00e8 presidente dell\u2019associazione no profit Diversity e ha ideato i Diversity Media Awards, la cui XI\u00b0 edizione si terr\u00e0 a Roma per la prima volta, a settembre, ndr) di conseguenza  ha sempre una ricaduta anche pubblica\u00bb.\u00a0<\/p>\n<p class=\"chapter-paragraph\"><b>Cirinn\u00e0?<\/b><br \/>\u00abLa conosco da tanti anni, desideravo fortemente che fosse lei a celebrare il matrimonio. Non c\u2019entra l\u2019appartenenza politica: io non faccio politica di partito, mi occupo di diritti. Monica \u00e8 una grande alleata. Le battaglie per l\u2019uguaglianza si vincono quando diventano patrimonio di tutti\u00bb.<\/p>\n<p class=\"chapter-paragraph\">\u00a0<b>Ha commosso e divertito tutti il video con suo pap\u00e0 Roberto Vecchioni.<\/b><br \/>\u00a0\u00ab\u00c8 stato molto spontaneo. L\u2019ho condiviso io quel video anche se in realt\u00e0 non volevo postare niente. Ma era troppo bello per tenerlo per noi. Pap\u00e0 era ironico, scherzava sulle nostre similitudini, che sono tante, sul fatto che adesso eravamo entrambi sposati e felici\u00bb.<\/p>\n<p class=\"chapter-paragraph\"><b>\u00a0E che la felicit\u00e0 non esiste senza il casino.<\/b><br \/>\u00ab\u00c8 stato un momento molto tenero\u00bb.<\/p>\n<p class=\"chapter-paragraph\">\u00a0<b>Come lo avete organizzato questo matrimonio?\u00a0<\/b><br \/>\u00abCome una sagra di paese. Abbiamo chiesto all\u2019Anpi di Desenzano di occuparsi della cucina, hanno accettato con entusiasmo e hanno preparato piatti della tradizione del Garda bresciano (fritti, spiedi&#8230;). La cucina era aperta e l\u2019atmosfera autentica\u00bb.\u00a0<\/p>\n<p class=\"chapter-paragraph\"><b>Torta?<\/b><br \/>\u00abClassica, a tre piani con le sposine sopra. La musica l\u2019ha curata la Scuola di Musica del Garda. Abbiamo ballato tutti di tutte le generazioni: dai pi\u00f9 grandi ai pi\u00f9 piccini\u00bb.\u00a0<\/p>\n<p class=\"chapter-paragraph\"><b>Mancano gli abiti&#8230;\u00a0<\/b><br \/>\u00abBianchi e lunghi entrambi, nessuno stilista famoso. Ma tutti erano vestiti di bianco, mi piaceva cos\u00ec. Mi sembrava\u00a0 romantico\u00bb.<\/p>\n<p class=\"chapter-paragraph\"><b>\u00a0Come mai la California?<\/b><br \/>\u00abAvevamo pochi giorni  a disposizione e abbiamo pensato a lungo dove andare. Abbiamo scelto la California per due motivi: da una parte volevamo fare un viaggio romantico e on the road, dall\u2019altra desideravamo ripercorrere i luoghi simbolo per le battaglie dei diritti. Partiamo da San Francisco, attraverseremo la costa fino a Los Angeles e poi San Diego. \u00c8 un viaggio che ha un significato molto preciso. E soprattutto lo ha qui, in America, oggi\u00bb.<br \/><b><br \/>\u00a0Cos\u2019\u00e8 l\u2019amore?<\/b><br \/>\u00abPer me significa trovare una persona in cui riconoscersi davvero. Il senso della coppia \u00e8 incontrare qualcuno che ti aiuta a essere la persona che sei, fino in fondo. \u00c8 una cosa reciproca\u00bb.<br \/><b><br \/>In mezzo a tanta bellezza, solo una persona mancava: suo fratello. (Arrigo Vecchioni, morto nel 2023. In sua memoria la madre Daria Colombo e Roberto Vecchioni hanno creato la Fondazione Vecchioni).<\/b><br \/>Francesca si commuove profondamente, la voce si spezza: \u00abC\u2019era. Ha ballato insieme a noi\u00bb.<\/p>\n<p>APPROFONDISCI CON IL PODCAST<\/p>\n<p class=\"is-last-update\" datetime=\"2026-07-08T08:15:16+02:00\">8 luglio 2026 ( modifica il 8 luglio 2026 | 08:15)<\/p>\n<p class=\"is-copyright\">\n            \u00a9 RIPRODUZIONE RISERVATA\n        <\/p>\n","protected":false},"excerpt":{"rendered":"di Francesca Angeleri Francesca Vecchioni, il video con il pap\u00e0 Roberto e il ricordo del fratello Arrigo: \u00abEra&hellip;\n","protected":false},"author":3,"featured_media":574945,"comment_status":"","ping_status":"","sticky":false,"template":"","format":"standard","meta":{"footnotes":"","_share_on_mastodon":"0"},"categories":[1451],"tags":[87,209307,41585,33099,64554,2873,14836,1621,1620,818,316791,294,2235,5221,880,316792,203,13093,2731,5701,316789,10408,3688,316790,16195,48,204,1537,90,89,8866,1229,605,1539,15384,133,690,316793,37177,1915,975,316794,477,33125,860,5210,316795,316796,3969,316797,5200,316798,208831,9638,153250,22410,532,2677,69313,337,1567,5248,7396,18700,2392,5490],"class_list":["post-574944","post","type-post","status-publish","format-standard","has-post-thumbnail","category-celebrita","tag-amore","tag-amore-bello","tag-arrigo","tag-ballato","tag-battaglie","tag-bello","tag-california","tag-celebrita","tag-celebrities","tag-cerimonia","tag-cirinna","tag-civili","tag-coppia","tag-cucina","tag-diritti","tag-diversity","tag-entertainment","tag-esiste","tag-figli","tag-francesca","tag-francesca-vecchioni","tag-frase","tag-fratello","tag-fratello-arrigo","tag-garda","tag-importante","tag-intrattenimento","tag-it","tag-italia","tag-italy","tag-matrimonio","tag-moglie","tag-monica","tag-musica","tag-nozze","tag-ormai","tag-papa","tag-papa-roberto","tag-parliamo","tag-persona","tag-piano","tag-piano-diritti","tag-politica","tag-profondamente","tag-questione","tag-raccontare","tag-raccontare-amore","tag-raccontare-amore-bello","tag-realta","tag-realta-volevo","tag-ricaduta","tag-riconosciute","tag-riservate","tag-roberto","tag-roberto-vecchioni","tag-romantico","tag-san","tag-senso","tag-significato","tag-soprattutto","tag-storia","tag-tanti","tag-temi","tag-vecchioni","tag-video","tag-vissuto"],"share_on_mastodon":{"url":"","error":"Validation failed: Text character limit of 500 exceeded"},"_links":{"self":[{"href":"https:\/\/www.europesays.com\/it\/wp-json\/wp\/v2\/posts\/574944","targetHints":{"allow":["GET"]}}],"collection":[{"href":"https:\/\/www.europesays.com\/it\/wp-json\/wp\/v2\/posts"}],"about":[{"href":"https:\/\/www.europesays.com\/it\/wp-json\/wp\/v2\/types\/post"}],"author":[{"embeddable":true,"href":"https:\/\/www.europesays.com\/it\/wp-json\/wp\/v2\/users\/3"}],"replies":[{"embeddable":true,"href":"https:\/\/www.europesays.com\/it\/wp-json\/wp\/v2\/comments?post=574944"}],"version-history":[{"count":0,"href":"https:\/\/www.europesays.com\/it\/wp-json\/wp\/v2\/posts\/574944\/revisions"}],"wp:featuredmedia":[{"embeddable":true,"href":"https:\/\/www.europesays.com\/it\/wp-json\/wp\/v2\/media\/574945"}],"wp:attachment":[{"href":"https:\/\/www.europesays.com\/it\/wp-json\/wp\/v2\/media?parent=574944"}],"wp:term":[{"taxonomy":"category","embeddable":true,"href":"https:\/\/www.europesays.com\/it\/wp-json\/wp\/v2\/categories?post=574944"},{"taxonomy":"post_tag","embeddable":true,"href":"https:\/\/www.europesays.com\/it\/wp-json\/wp\/v2\/tags?post=574944"}],"curies":[{"name":"wp","href":"https:\/\/api.w.org\/{rel}","templated":true}]}}