{"id":575114,"date":"2026-07-08T09:48:34","date_gmt":"2026-07-08T09:48:34","guid":{"rendered":"https:\/\/www.europesays.com\/it\/575114\/"},"modified":"2026-07-08T09:48:34","modified_gmt":"2026-07-08T09:48:34","slug":"che-ci-faccio-qui-il-tema-della-puntata-di-martedi-7-luglio","status":"publish","type":"post","link":"https:\/\/www.europesays.com\/it\/575114\/","title":{"rendered":"Che Ci faccio qui, il tema della puntata di marted\u00ec 7 luglio"},"content":{"rendered":"<p>                                Il titolo del quarto appuntamento \u00e8 &#8220;La forma perfetta&#8221;: Domenico Iannacone intervister\u00e0 l&#8217;artista\u00a0Simona Atzori<\/p>\n<p>                    7 luglio &#8211; 08:53  &#8211; MILANO<\/p>\n<p class=\"paragraph\" spellcheck=\"true\">Torna questa sera, marted\u00ec 7 luglio, l&#8217;appuntamento con <b>Che Ci Faccio Qui<\/b>, la trasmissione d&#8217;inchiesta firmata Indigo Stories che su <b>Rai 3<\/b> continua a indagare i confini pi\u00f9 affascinanti dell&#8217;esistenza umana. Il giornalista e conduttore <b>Domenico Iannacone<\/b> accende i riflettori su una nuova, straordinaria testimonianza di vita, invitando il pubblico a riflettere con profondit\u00e0 sul <b>significato del &#8220;limite&#8221;<\/b>: \u00e8 davvero un confine insuperabile, o dipende esclusivamente dallo sguardo con cui scegliamo di osservare un corpo? In questa puntata, intitolata &#8220;<b>La forma perfetta<\/b>&#8220;, il programma si addentra in un percorso esistenziale fuori dal comune, dove la disabilit\u00e0 smette di essere un&#8217;etichetta per trasformarsi in una<b> danza espressiva che ridefinisce il rapporto tra individuo e mondo<\/b>.<\/p>\n<p>    Che ci faccio qui, le anticipazioni del 7 luglio\u2014 \u00a0<\/p>\n<p class=\"paragraph is-inline\" spellcheck=\"true\">Al centro di questo racconto c&#8217;\u00e8 <b>Simona Atzori<\/b>, un&#8217;artista straordinaria che, <b>nata senza braccia<\/b>, ha saputo compiere un atto di ribellione creativa senza precedenti, <b>trasformando il proprio corpo nel suo strumento di lavoro pi\u00f9 raffinato<\/b>. Pittrice, ballerina e scrittrice, Simona ha costruito un linguaggio unico, capace di fondere arte e movimento in un <b>equilibrio che non cerca di eliminare o nascondere la sua condizione<\/b>, ma di abitarla con una pienezza sorprendente. Domenico Iannacone la incontra nei luoghi che custodiscono la sua storia &#8211; dalla casa agli atelier dove prende forma la sua arte &#8211; per documentare<b> la<\/b> <b>dedizione e la disciplina<\/b> che guidano i suoi gesti quotidiani, rivelando come sia riuscita a superare ogni barriera fisica e culturale attraverso la forza del talento e la consapevolezza di s\u00e9.<\/p>\n<p><a class=\"is-partner-link\" href=\"https:\/\/abbonamenti.gazzetta.it\/de-promo-mondiali\/?pwcmp=cta&amp;forceBrowser=true\" rel=\"nofollow noopener\" target=\"_blank\">Gazzetta Mondiale: ogni notte un\u2019edizione straordinaria esclusiva. Non perdertela, abbonati a 1\u20ac\/mese!<\/a><\/p>\n<p>    il format\u2014 \u00a0<\/p>\n<p class=\"paragraph is-inline\" spellcheck=\"true\">Quello che ci propone Che Ci Faccio Qui non \u00e8 un resoconto sulla disabilit\u00e0, ma l&#8217;esplorazione di una presenza che <b>mette a nudo l&#8217;essenza della natura umana<\/b>. Senza ricorrere a facili sentimentalismi, Iannacone ci guida in un <b>viaggio intimo tra fragilit\u00e0 e bellezza<\/b>, dimostrando che ci\u00f2 che appare come una mancanza pu\u00f2, con la giusta visione, rivelarsi una possibilit\u00e0 infinita di espressione. Un appuntamento, quello di stasera, che ci spinge a <b>guardare oltre l&#8217;apparenza<\/b> per cogliere, in un gesto artistico o in uno sguardo, la perfezione di una vita vissuta senza riserve.<\/p>\n<p class=\"is-above-copyright is-mr-r-10\" spellcheck=\"true\">La Gazzetta dello Sport<\/p>\n<p class=\"is-copyright\">\u00a9 RIPRODUZIONE RISERVATA<\/p>\n","protected":false},"excerpt":{"rendered":"Il titolo del quarto appuntamento \u00e8 &#8220;La forma perfetta&#8221;: Domenico Iannacone intervister\u00e0 l&#8217;artista\u00a0Simona Atzori 7 luglio &#8211; 08:53&hellip;\n","protected":false},"author":3,"featured_media":564229,"comment_status":"","ping_status":"","sticky":false,"template":"","format":"standard","meta":{"footnotes":"","_share_on_mastodon":"0"},"categories":[1444],"tags":[316907,316908,1518,311213,33,1615,2852,235591,3591,8766,27224,311025,203,2498,316905,311024,204,1537,90,89,426,21335,2848,13289,18865,316906,11394,253,4674],"class_list":["post-575114","post","type-post","status-publish","format-standard","has-post-thumbnail","category-tv","tag-abitarla","tag-abitarla-pienezza","tag-anticipazioni","tag-anticipazioni-luglio","tag-appuntamento","tag-arte","tag-artista","tag-atzori","tag-corpo","tag-disabilita","tag-domenico","tag-domenico-iannacone","tag-entertainment","tag-forma","tag-forma-perfetta","tag-iannacone","tag-intrattenimento","tag-it","tag-italia","tag-italy","tag-luglio","tag-perfetta","tag-rai","tag-sguardo","tag-simona","tag-simona-atzori","tag-straordinaria","tag-tv","tag-umana"],"share_on_mastodon":{"url":"https:\/\/pubeurope.com\/@it\/116883731720918320","error":""},"_links":{"self":[{"href":"https:\/\/www.europesays.com\/it\/wp-json\/wp\/v2\/posts\/575114","targetHints":{"allow":["GET"]}}],"collection":[{"href":"https:\/\/www.europesays.com\/it\/wp-json\/wp\/v2\/posts"}],"about":[{"href":"https:\/\/www.europesays.com\/it\/wp-json\/wp\/v2\/types\/post"}],"author":[{"embeddable":true,"href":"https:\/\/www.europesays.com\/it\/wp-json\/wp\/v2\/users\/3"}],"replies":[{"embeddable":true,"href":"https:\/\/www.europesays.com\/it\/wp-json\/wp\/v2\/comments?post=575114"}],"version-history":[{"count":0,"href":"https:\/\/www.europesays.com\/it\/wp-json\/wp\/v2\/posts\/575114\/revisions"}],"wp:featuredmedia":[{"embeddable":true,"href":"https:\/\/www.europesays.com\/it\/wp-json\/wp\/v2\/media\/564229"}],"wp:attachment":[{"href":"https:\/\/www.europesays.com\/it\/wp-json\/wp\/v2\/media?parent=575114"}],"wp:term":[{"taxonomy":"category","embeddable":true,"href":"https:\/\/www.europesays.com\/it\/wp-json\/wp\/v2\/categories?post=575114"},{"taxonomy":"post_tag","embeddable":true,"href":"https:\/\/www.europesays.com\/it\/wp-json\/wp\/v2\/tags?post=575114"}],"curies":[{"name":"wp","href":"https:\/\/api.w.org\/{rel}","templated":true}]}}