{"id":575297,"date":"2026-07-08T12:26:24","date_gmt":"2026-07-08T12:26:24","guid":{"rendered":"https:\/\/www.europesays.com\/it\/575297\/"},"modified":"2026-07-08T12:26:24","modified_gmt":"2026-07-08T12:26:24","slug":"duvan-zapata-torino-ce-il-rinnovo-del-contratto-fino-al-2028","status":"publish","type":"post","link":"https:\/\/www.europesays.com\/it\/575297\/","title":{"rendered":"Duvan Zapata-Torino, c&#8217;\u00e8 il rinnovo del contratto fino al 2028"},"content":{"rendered":"<p>                                Il colombiano ha sottoscritto un nuovo accordo biennale con il club granata proprio nel giorno dell&#8217;arrivo al Filadelfia del nuovo allenatore Ignazio Abate<\/p>\n<p class=\"paragraph\" spellcheck=\"true\">Ancora insieme, per altre due stagioni. Due avventure da vivere con la fascia da capitano al braccio, e con quel suo status da totem e punto di riferimento assoluto per lo spogliatoio. Duvan Zapata ha rinnovato fino al 30 giugno 2028, il Toro ha scelto con decisione di costruire con lui e intorno a lui il nuovo progetto tecnico affidato all\u2019allenatore Ignazio Abate. Che, scherzi del destino, proprio questa mattina \u00e8 arrivato al Filadelfia per il suo primo giorno di lavoro da guida del nuovo corso torinista, nell\u2019attesa che venerd\u00ec la squadra si raduni per il primo allenamento di gruppo.<\/p>\n<p>        PER TUTTA LA VITA\u2014 \u00a0<\/p>\n<p class=\"paragraph\" spellcheck=\"true\">Non c\u2019era, dunque, miglior modo per incamminarsi in un\u2019avventura tutta nuova e in una stagione nella quale al Toro la faranno da padrone soprattutto i giovani. E in questo non c\u2019\u00e8 nessuna contraddizione: con la sua esperienza, con il suo carisma, a Duvan Zapata spetter\u00e0 il compito di accompagnare verso una maturazione completa i tanti talenti che il direttore sportivo, Gianluca Petrachi, sta cercando in giro per il mondo e con i quali riempir\u00e0 lo spogliatoio del Filadelfia nelle prossime settimane. Il primo \u00e8 gi\u00e0 a Torino, Gaetano Oristanio: ha completato le visite mediche, per lui \u00e8 scattato il conto alla rovescia che lo porter\u00e0 verso la firma e l\u2019ufficialit\u00e0. Zapata, dunque, allunga di un altro anno il suo accordo con il Toro che sarebbe andato in scadenza a giugno 2027: il nuovo orizzonte si spinge all\u2019anno successivo, il 2028, quando il capitano avr\u00e0 37 anni e, a quel punto, avr\u00e0 giocato cinque stagioni in granata. In pratica, significa il Toro per tutta la vita.<\/p>\n<p><a class=\"is-partner-link\" href=\"https:\/\/abbonamenti.gazzetta.it\/de-promo-mondiali\/?pwcmp=cta&amp;forceBrowser=true\" rel=\"nofollow noopener\" target=\"_blank\">Gazzetta Mondiale: ogni notte un\u2019edizione straordinaria esclusiva. Non perdertela, abbonati a 1\u20ac\/mese!<\/a><\/p>\n<p>        I TENORI\u2014 \u00a0<\/p>\n<p class=\"paragraph\" spellcheck=\"true\">Zapata ha vissuto gi\u00e0 mille vite al Toro: l\u2019arrivo con il bagno di folla al Filadelfia, un primo anno spumeggiante, poi l\u2019infortunio al ginocchio e la sua grande caparbiet\u00e0 con la quale ha retto il colpo e poi ha superato le difficolt\u00e0. Il Toro gli \u00e8 stato sempre accanto, la fiducia quotidianamente confermata e mai venuta meno, anche nei momenti pi\u00f9 difficili: doveva ancora tornare a giocare dopo l\u2019infortunio quando il presidente Urbano Cairo fu protagonista di un bel gesto rinnovandogli il contratto praticamente al buio, senza sapere se Zapata sarebbe mai tornato e ai suoi livelli. Oggi il presidente Cairo gli ha dimostrato un ulteriore attestato di stima, allungandogli la carriera al Toro. In granata, dunque, resteranno gli uomini d\u2019attacco di maggior talento: oltre a Zapata, anche Nikola Vlasic e Giovanni Simeone. Abate pu\u00f2 cominciare dai suoi tre tenori. Il Toro parte col piede giusto.<\/p>\n<p class=\"is-copyright\">\u00a9 RIPRODUZIONE RISERVATA<\/p>\n","protected":false},"excerpt":{"rendered":"Il colombiano ha sottoscritto un nuovo accordo biennale con il club granata proprio nel giorno dell&#8217;arrivo al Filadelfia&hellip;\n","protected":false},"author":3,"featured_media":575298,"comment_status":"","ping_status":"","sticky":false,"template":"","format":"standard","meta":{"footnotes":"","_share_on_mastodon":"0"},"categories":[1452],"tags":[63862,316985,316986,579,1960,316982,316983,1262,7775,721,8230,35390,47067,30596,1740,1148,5197,46789,295776,2885,1537,90,89,135,494,1739,26936,245,244,17516,316984,5517,29202],"class_list":["post-575297","post","type-post","status-publish","format-standard","has-post-thumbnail","category-calcio","tag-abate","tag-abate-altre","tag-abate-altre-stagioni","tag-accordo","tag-allenatore","tag-allenatore-ignazio","tag-allenatore-ignazio-abate","tag-arrivo","tag-cairo","tag-calcio","tag-capitano","tag-duvan","tag-duvan-zapata","tag-filadelfia","tag-football","tag-giugno","tag-granata","tag-ignazio","tag-ignazio-abate","tag-infortunio","tag-it","tag-italia","tag-italy","tag-presidente","tag-punto","tag-soccer","tag-spogliatoio","tag-sport","tag-sports","tag-stagioni","tag-tenori","tag-toro","tag-zapata"],"share_on_mastodon":{"url":"https:\/\/pubeurope.com\/@it\/116884353050703816","error":""},"_links":{"self":[{"href":"https:\/\/www.europesays.com\/it\/wp-json\/wp\/v2\/posts\/575297","targetHints":{"allow":["GET"]}}],"collection":[{"href":"https:\/\/www.europesays.com\/it\/wp-json\/wp\/v2\/posts"}],"about":[{"href":"https:\/\/www.europesays.com\/it\/wp-json\/wp\/v2\/types\/post"}],"author":[{"embeddable":true,"href":"https:\/\/www.europesays.com\/it\/wp-json\/wp\/v2\/users\/3"}],"replies":[{"embeddable":true,"href":"https:\/\/www.europesays.com\/it\/wp-json\/wp\/v2\/comments?post=575297"}],"version-history":[{"count":0,"href":"https:\/\/www.europesays.com\/it\/wp-json\/wp\/v2\/posts\/575297\/revisions"}],"wp:featuredmedia":[{"embeddable":true,"href":"https:\/\/www.europesays.com\/it\/wp-json\/wp\/v2\/media\/575298"}],"wp:attachment":[{"href":"https:\/\/www.europesays.com\/it\/wp-json\/wp\/v2\/media?parent=575297"}],"wp:term":[{"taxonomy":"category","embeddable":true,"href":"https:\/\/www.europesays.com\/it\/wp-json\/wp\/v2\/categories?post=575297"},{"taxonomy":"post_tag","embeddable":true,"href":"https:\/\/www.europesays.com\/it\/wp-json\/wp\/v2\/tags?post=575297"}],"curies":[{"name":"wp","href":"https:\/\/api.w.org\/{rel}","templated":true}]}}