{"id":575342,"date":"2026-07-08T13:02:11","date_gmt":"2026-07-08T13:02:11","guid":{"rendered":"https:\/\/www.europesays.com\/it\/575342\/"},"modified":"2026-07-08T13:02:11","modified_gmt":"2026-07-08T13:02:11","slug":"viola-valentino-attacca-riccardo-fogli-sui-social-neanche-gli-auguri-di-buon-compleanno-omino-ometto-e-quaquaraqua","status":"publish","type":"post","link":"https:\/\/www.europesays.com\/it\/575342\/","title":{"rendered":"Viola Valentino attacca Riccardo Fogli sui social: \u00abNeanche gli auguri di buon compleanno. Omino, ometto e quaquaraqu\u00e0\u00bb"},"content":{"rendered":"<p>    di<br \/>\n    Simona Marchetti<\/p>\n<p class=\"summary-art is-line-h-12\">La cantante ha postato uno sfogo  contro l&#8217;ex marito, che si \u00e8 scordato la ricorrenza.  Follower divisi tra chi esprime vicinanza e chi la invita a lasciarsi il passato alle spalle<\/p>\n<p class=\"chapter-paragraph\">Quella fra <b>Viola Valentino (Virginia Maria Minnetti all\u2019anagrafe) e Riccardo Fogli<\/b> \u00e8 stata una delle storie d\u2019amore pi\u00f9 celebri della musica italiana degli anni Settanta e, fra alti \u00e8 bassi (compresa una momentanea rottura nel 1973, appena due anni dopo le nozze, complice la relazione dell\u2019allora bassista dei Pooh con Patty Pravo, per cui lasci\u00f2 non solo la moglie ma anche la band) \u00e8 durata fino al 1992, quando si sono lasciati definitivamente. <b>Una separazione sofferta e tormentata<\/b> e che, a distanza di tanti anni, resta ancora una ferita non del tutto rimarginata per la cantante, come conferma il livore del <b>suo ultimo post su Instagram, dedicato proprio all\u2019ex marito<\/b>.\u00a0<\/p>\n<p class=\"chapter-paragraph\">\u00abSono Viola. <b>Neanche gli auguri di buon compleanno<\/b>, e quando stavo male ancora peggio (il riferimento \u00e8 alla battaglia contro un carcinoma, affrontata e resa pubblica nel 2019, ndr) nessuna chiamata, per\u00f2 in televisione parli sempre di me! <b>Omino, ometto e quaquaraqu\u00e0, vergognati almeno!<\/b>\u00bb, <a href=\"https:\/\/www.instagram.com\/viola.valentino\/p\/DagATDrNQ86\/\" rel=\"nofollow noreferrer noopener\" target=\"_blank\">ha scritto<\/a>\u00a0infatti l\u2019interprete di\u00a0Comprami\u00a0a corredo di una foto d\u2019epoca di lei e Fogli, taggando direttamente quest\u2019ultimo che, a quanto pare, si sarebbe dimenticato del suo 77\u00b0 compleanno, festeggiato lo scorso 1 luglio.\u00a0    &#13;<br \/>\n&#13;<br \/>\n&#13;<br \/>\n&#13;<br \/>\n&#13;<br \/>\n&#13;<br \/>\n&#13;<br \/>\n&#13;<br \/>\n&#13;<br \/>\n&#13;<br \/>\n&#13;<br \/>\n&#13;<br \/>\n&#13;<br \/>\n&#13;<br \/>\n&#13;<br \/>\n&#13;<br \/>\n&#13;<br \/>\n&#13;<br \/>\n&#13;<br \/>\n&#13;<br \/>\n&#13;<br \/>\n&#13;<br \/>\n&#13;<br \/>\n&#13;<br \/>\n&#13;<br \/>\n&#13;<br \/>\n&#13;<br \/>\n&#13;<br \/>\n&#13;<br \/>\n&#13;<br \/>\n&#13;<br \/>\n&#13;<br \/>\n&#13;<br \/>\n&#13;<br \/>\n&#13;<br \/>\n&#13;<br \/>\n&#13;<br \/>\n&#13;<br \/>\n&#13;<br \/>\n&#13;<br \/>\n&#13;<br \/>\n&#13;<br \/>\n&#13;<br \/>\n&#13;<br \/>\n&#13;<br \/>\n&#13;<br \/>\n&#13;<br \/>\n&#13;<br \/>\n&#13;<br \/>\n&#13;<br \/>\n&#13;<br \/>\n&#13;<br \/>\n&#13;\n<\/p>\n<p class=\"chapter-paragraph\">Al contrario, <b>il 21 ottobre del 2025 Valentino <a href=\"https:\/\/www.instagram.com\/p\/DQDMaxSClvA\/\" rel=\"nofollow noreferrer noopener\" target=\"_blank\">aveva invece celebrato sui social<\/a> la ricorrenza di lui<\/b> con un altro scatto degli anni Settanta, accompagnato dalla dedica \u00abtanti auguri di buon compleanno. Belli ieri 1975. Belli oggi 2025\u00bb. Ovviamente lo sfogo della cantante<b> non \u00e8 passato inosservato e ha diviso i follower<\/b>: se alcuni le hanno infatti espresso vicinanza e affetto, rinnovandole gli auguri, molti le hanno per\u00f2 fatto notare come sia tempo di lasciarsi il passato alle spalle e c\u2019\u00e8 pure chi l\u2019ha criticata per la scelta di lavare i panni sporchi via social.\u00a0<\/p>\n<p class=\"chapter-paragraph\"><b>\u00abSono passati 50 anni\u00bb, commenta non a caso un fan<\/b>. \u00abOra hai un altro marito, goditi quello in carica e non pensare al passato\u00bb, gli fa eco un secondo. \u00abSe c \u00e8 qualcosa di irrisolto esistono i telefoni e si chiarisce in privato\u00bb, osserva un terzo utente.<b> Nel 2022 Valentino ha sposato in seconde nozze Francesco Mango<\/b>, con cui stava dal 2013 e che ha 35 anni meno di lei, mentre Fogli \u00e8 legato alla modella romana Karin Trentini, con cui \u00e8 convolato a nozze nel 2010 e che lo ha reso nuovamente padre (il primo figlio del cantante \u00e8 nato dalla relazione con l\u2019attrice Stefania Brassi, conosciuta nel 1992 sul set di\u00a0Dov&#8217;era lei a quell&#8217;ora?\u00a0e motivo della rottura definitiva con la cantante).<\/p>\n<p class=\"is-last-update\" datetime=\"2026-07-08T13:40:12+02:00\">8 luglio 2026<\/p>\n<p class=\"is-copyright\">\n            \u00a9 RIPRODUZIONE RISERVATA\n        <\/p>\n<p>                                                                                                             <script async src=\"\/\/www.instagram.com\/embed.js\"><\/script><\/p>\n","protected":false},"excerpt":{"rendered":"di Simona Marchetti La cantante ha postato uno sfogo contro l&#8217;ex marito, che si \u00e8 scordato la ricorrenza.&hellip;\n","protected":false},"author":3,"featured_media":575343,"comment_status":"","ping_status":"","sticky":false,"template":"","format":"standard","meta":{"footnotes":"","_share_on_mastodon":"0"},"categories":[174],"tags":[9522,316987,316988,25909,1034,83381,2942,5163,203,19594,1685,204,1537,90,89,29760,316989,316990,7242,14344,316991,316992,15384,316993,316994,297574,316995,316996,489,316997,1686,566,7004],"class_list":["post-575342","post","type-post","status-publish","format-standard","has-post-thumbnail","category-intrattenimento","tag-auguri","tag-auguri-buon","tag-auguri-buon-compleanno","tag-belli","tag-buon","tag-buon-compleanno","tag-cantante","tag-compleanno","tag-entertainment","tag-fogli","tag-follower","tag-intrattenimento","tag-it","tag-italia","tag-italy","tag-lasciarsi","tag-lasciarsi-passato","tag-lasciarsi-passato-spalle","tag-marito","tag-neanche","tag-neanche-auguri","tag-neanche-auguri-buon","tag-nozze","tag-ometto","tag-ometto-quaquaraqua","tag-omino","tag-omino-ometto","tag-omino-ometto-quaquaraqua","tag-passato","tag-passato-spalle","tag-social","tag-valentino","tag-viola"],"share_on_mastodon":{"url":"","error":"Validation failed: Text character limit of 500 exceeded"},"_links":{"self":[{"href":"https:\/\/www.europesays.com\/it\/wp-json\/wp\/v2\/posts\/575342","targetHints":{"allow":["GET"]}}],"collection":[{"href":"https:\/\/www.europesays.com\/it\/wp-json\/wp\/v2\/posts"}],"about":[{"href":"https:\/\/www.europesays.com\/it\/wp-json\/wp\/v2\/types\/post"}],"author":[{"embeddable":true,"href":"https:\/\/www.europesays.com\/it\/wp-json\/wp\/v2\/users\/3"}],"replies":[{"embeddable":true,"href":"https:\/\/www.europesays.com\/it\/wp-json\/wp\/v2\/comments?post=575342"}],"version-history":[{"count":0,"href":"https:\/\/www.europesays.com\/it\/wp-json\/wp\/v2\/posts\/575342\/revisions"}],"wp:featuredmedia":[{"embeddable":true,"href":"https:\/\/www.europesays.com\/it\/wp-json\/wp\/v2\/media\/575343"}],"wp:attachment":[{"href":"https:\/\/www.europesays.com\/it\/wp-json\/wp\/v2\/media?parent=575342"}],"wp:term":[{"taxonomy":"category","embeddable":true,"href":"https:\/\/www.europesays.com\/it\/wp-json\/wp\/v2\/categories?post=575342"},{"taxonomy":"post_tag","embeddable":true,"href":"https:\/\/www.europesays.com\/it\/wp-json\/wp\/v2\/tags?post=575342"}],"curies":[{"name":"wp","href":"https:\/\/api.w.org\/{rel}","templated":true}]}}