{"id":575511,"date":"2026-07-08T15:27:13","date_gmt":"2026-07-08T15:27:13","guid":{"rendered":"https:\/\/www.europesays.com\/it\/575511\/"},"modified":"2026-07-08T15:27:13","modified_gmt":"2026-07-08T15:27:13","slug":"manfred-weber-inaccettabili-gli-insulti-per-uneuropa-sovrana-serve-la-difesa-comune","status":"publish","type":"post","link":"https:\/\/www.europesays.com\/it\/575511\/","title":{"rendered":"Manfred Weber: \u00abInaccettabili gli insulti. Per un\u2019Europa sovrana serve la difesa comune\u00bb"},"content":{"rendered":"<p>Gli attacchi di <strong><a href=\"https:\/\/www.ilmessaggero.it\/t\/donald-trump\" rel=\"nofollow noopener\" target=\"_blank\">Donald Trump<\/a><\/strong> ai leader europei? Per Manfred Weber, presidente del Partito Popolare Europeo, sono <strong>\u00abinaccettabili\u00bb<\/strong>. Cos\u00ec come \u00e8 inaccettabile che le sorti di un giocatore espulso dall\u2019arbitro ai Mondiali vengano ribaltate dalla Casa Bianca. \u00abLe partite di calcio si decidono sul campo, non nello Studio Ovale\u00bb.<\/p>\n<p><strong>Presidente Weber, alla luce delle ultime dichiarazioni di Trump su Giorgia Meloni, i governi europei come dovrebbero gestire i rapporti col presidente Usa?<\/strong><\/p>\n<p>\u00abNoi europei dobbiamo restare uniti. <strong>Dobbiamo avere fiducia in noi stessi e difendere i nostri interessi<\/strong>. Ma allo stesso tempo dobbiamo chiarire che continuiamo a credere fermamente nella collaborazione transatlantica\u00bb.<\/p>\n<p><strong>Questi continui attacchi del presidente degli Stati Uniti ai leader europei \u2014 non solo Meloni, ma anche Merz, Macron e Starmer \u2014 non rischiano di distruggere la fiducia e minare i rapporti tra Europa e Usa?<\/strong><\/p>\n<p>\u00ab<strong>Gli attacchi personali di Donald Trump ai leader europei sono inaccettabili<\/strong>. Le relazioni transatlantiche dovrebbero fondarsi sul rispetto. Nei miei rapporti con i nostri interlocutori statunitensi riscontro questo rispetto, che \u00e8 molto importante e si basa su una lunga amicizia e su valori condivisi. <strong>Il rapporto transatlantico \u00e8 solido, indipendentemente dai commenti che arrivano dalla Casa Bianca<\/strong>\u00bb.<\/p>\n<p><strong>Come dovrebbe rispondere l&#8217;Europa? Far finta di nulla non finir\u00e0 per far apparire deboli i Paesi Ue?<\/strong><\/p>\n<p>\u00abDobbiamo distinguere due aspetti: gli attacchi di Trump e una nuova consapevolezza americana del rapporto transatlantico. Dobbiamo essere chiari con i nostri amici su ci\u00f2 che \u00e8 accettabile e ci\u00f2 che non lo \u00e8. <strong>Allo stesso tempo, non dobbiamo dipingere l&#8217;Europa pi\u00f9 debole di quanto sia<\/strong>. Il nostro mercato unico rappresenta una grande forza e la possibilit\u00e0 di accedervi \u00e8 preziosa per le aziende americane. <strong>La crisi della Groenlandia ha dimostrato che l&#8217;Europa non si lascer\u00e0 intimidire<\/strong>. I diversi leader dell&#8217;Ue possono scegliere approcci differenti nel rapportarsi con Trump, ed \u00e8 un loro diritto. Ma alla fine un obiettivo dovrebbe unirci tutti: rafforzarci e realizzare ci\u00f2 che De Gasperi ha sempre voluto, cio\u00e8 <strong>creare un esercito europeo<\/strong>\u00bb.<\/p>\n<p><strong>Trump chiede agli alleati europei della Nato di fare di pi\u00f9. L&#8217;obiettivo del 5% del Pil in Difesa \u00e8 sostenibile per Paesi che gi\u00e0 devono fare i conti con i costi della crisi energetica?<\/strong><\/p>\n<p>\u00ab<strong>La Nato resta il fondamento della nostra difesa collettiva<\/strong>. Ma l&#8217;Europa deve rafforzare il proprio pilastro all&#8217;interno dell&#8217;Alleanza. <strong>Stiamo investendo nella nostra difesa non per compiacere gli americani, ma per poter contare sulle nostre forze<\/strong>. Dobbiamo essere in grado di difendere i nostri interessi e rendere l&#8217;Europa veramente sovrana, cos\u00ec da poter rispondere alle minacce alla nostra sicurezza. Dobbiamo iniziare a costruire questa difesa europea attraverso progetti concreti: rafforzare la cybersicurezza, sviluppare uno scudo missilistico europeo e creare un esercito di droni\u00bb.<\/p>\n<p><strong>Serve una strategia di difesa europea autonoma dagli Stati Uniti? \u00c8 realistico che l&#8217;Europa si doti in tempi brevi degli asset difensivi per cui oggi dipendiamo dagli Usa?<\/strong><\/p>\n<p>\u00abNoi europei possiamo muoverci molto rapidamente. Prendiamo ad esempio un sistema europeo comune di sorveglianza satellitare. <strong>Disponiamo gi\u00e0 delle capacit\u00e0 tecniche e delle strutture istituzionali necessarie<\/strong>. Abbiamo un&#8217;agenzia dell&#8217;Ue. L&#8217;unica cosa che ancora manca \u00e8 <strong>la volont\u00e0 politica<\/strong>. Cominciamo subito\u00bb.<\/p>\n<p><strong>Secondo il Pd e il gruppo dei socialisti Ue l\u2019asse politico dell\u2019Europa si sta sbilanciando verso destra, con un ricorso sempre pi\u00f9 frequente alla cosiddetta &#8220;maggioranza Venezuela&#8221; fatta da Popolari, Conservatori, Patrioti e Sovranisti. \u00c8 cos\u00ec?<\/strong><\/p>\n<p>\u00abRicordiamoci innanzitutto cosa sia stata davvero la cosiddetta &#8220;maggioranza Venezuela&#8221;. Abbiamo votato a favore della definizione di Maduro come dittatore e siamo stati criticati per questo. Per noi del Ppe <strong>la politica significa dare risposte concrete ai cittadini, ed \u00e8 esattamente ci\u00f2 che stiamo facendo<\/strong>: sull&#8217;immigrazione, sul rafforzamento della competitivit\u00e0 europea e sul commercio. Mi dispiace che i Socialisti italiani abbiano votato contro il Patto sulla migrazione e il regolamento sui rimpatri. <strong>Sto lavorando molto strettamente con Antonio Tajani e Giorgia Meloni per contrastare l&#8217;immigrazione illegale<\/strong>. Non devono essere i trafficanti, ma l&#8217;autorit\u00e0 dello Stato a decidere chi entra in Europa\u00bb.<\/p>\n<p><strong>Dal suo punto di vista, per rispondere alle sfide in modo pi\u00f9 rapido ed efficace l&#8217;Unione europea dovrebbe superare il requisito dell&#8217;unanimit\u00e0 ?<\/strong><\/p>\n<p>\u00abL&#8217;Europa deve essere in grado di parlare con una sola voce. <strong>Non possiamo permetterci di essere rallentati dallo Stato membro pi\u00f9 lento<\/strong>. Il principio dell&#8217;unanimit\u00e0 sta rallentando l&#8217;Europa. Se l&#8217;Europa vuole diventare davvero forte e sovrana, <strong>dobbiamo andare oltre l&#8217;unanimit\u00e0<\/strong>. Sostengo con convinzione l&#8217;iniziativa di Antonio Tajani su questo tema. Rafforzerebbe l&#8217;Europa in un mondo sempre pi\u00f9 instabile\u00bb.<\/p>\n<p><strong>Torniamo all&#8217;Italia. La preoccupa il successo nei sondaggi del nuovo partito di Roberto Vannacci, sul modello dell&#8217;AfD tedesca?<\/strong><\/p>\n<p>\u00abI populisti denunciano i problemi, ma non li risolvono. <strong>Siamo noi, i partiti di centrodestra, a costruire il futuro<\/strong>. Prendiamo il commercio come esempio: se seguissimo le politiche dell&#8217;estrema destra contrarie al libero scambio, non solo l&#8217;economia tedesca, ma anche quella italiana, crollerebbero\u00bb.<\/p>\n<p><strong>Ha visto Usa-Belgio ai Mondiali? \u00c8 stato contento di vedere una squadra europea vincere nonostante l&#8217;intervento di Trump con la Fifa per togliere il cartellino rosso a Balogun?<\/strong><\/p>\n<p>\u00abLe partite di calcio si decidono sul campo, non nello Studio Ovale. <strong>Sto gi\u00e0 aspettando con entusiasmo la finale dei Mondiali del 2030: spero Italia contro Germania<\/strong>\u00bb.<\/p>\n<p>&#13;<br \/>\n                                \u00a9 RIPRODUZIONE RISERVATA&#13;<\/p>\n<p>&#13;<\/p>\n<p>\n                            Commenti e retroscena del panorama politico<br \/>\n                            <b>Iscriviti<\/b> e ricevi le notizie via email\n                        <\/p>\n","protected":false},"excerpt":{"rendered":"Gli attacchi di Donald Trump ai leader europei? Per Manfred Weber, presidente del Partito Popolare Europeo, sono \u00abinaccettabili\u00bb.&hellip;\n","protected":false},"author":3,"featured_media":575512,"comment_status":"","ping_status":"","sticky":false,"template":"","format":"standard","meta":{"footnotes":"","_share_on_mastodon":"0"},"categories":[160],"tags":[14,164,165,195295,166,2737,7,15,53982,379,997,11,167,12,168,161,162,163],"class_list":["post-575511","post","type-post","status-publish","format-standard","has-post-thumbnail","category-mondo","tag-cronaca","tag-dal-mondo","tag-dalmondo","tag-manfred-weber","tag-mondo","tag-nato","tag-news","tag-notizie","tag-ppe","tag-trump","tag-ue","tag-ultime-notizie","tag-ultime-notizie-di-mondo","tag-ultimenotizie","tag-ultimenotiziedimondo","tag-world","tag-world-news","tag-worldnews"],"share_on_mastodon":{"url":"https:\/\/pubeurope.com\/@it\/116885064707792024","error":""},"_links":{"self":[{"href":"https:\/\/www.europesays.com\/it\/wp-json\/wp\/v2\/posts\/575511","targetHints":{"allow":["GET"]}}],"collection":[{"href":"https:\/\/www.europesays.com\/it\/wp-json\/wp\/v2\/posts"}],"about":[{"href":"https:\/\/www.europesays.com\/it\/wp-json\/wp\/v2\/types\/post"}],"author":[{"embeddable":true,"href":"https:\/\/www.europesays.com\/it\/wp-json\/wp\/v2\/users\/3"}],"replies":[{"embeddable":true,"href":"https:\/\/www.europesays.com\/it\/wp-json\/wp\/v2\/comments?post=575511"}],"version-history":[{"count":0,"href":"https:\/\/www.europesays.com\/it\/wp-json\/wp\/v2\/posts\/575511\/revisions"}],"wp:featuredmedia":[{"embeddable":true,"href":"https:\/\/www.europesays.com\/it\/wp-json\/wp\/v2\/media\/575512"}],"wp:attachment":[{"href":"https:\/\/www.europesays.com\/it\/wp-json\/wp\/v2\/media?parent=575511"}],"wp:term":[{"taxonomy":"category","embeddable":true,"href":"https:\/\/www.europesays.com\/it\/wp-json\/wp\/v2\/categories?post=575511"},{"taxonomy":"post_tag","embeddable":true,"href":"https:\/\/www.europesays.com\/it\/wp-json\/wp\/v2\/tags?post=575511"}],"curies":[{"name":"wp","href":"https:\/\/api.w.org\/{rel}","templated":true}]}}