{"id":575553,"date":"2026-07-08T16:10:20","date_gmt":"2026-07-08T16:10:20","guid":{"rendered":"https:\/\/www.europesays.com\/it\/575553\/"},"modified":"2026-07-08T16:10:20","modified_gmt":"2026-07-08T16:10:20","slug":"chalobah-tra-inter-e-como-lincastro-di-mercato-con-il-chelsea","status":"publish","type":"post","link":"https:\/\/www.europesays.com\/it\/575553\/","title":{"rendered":"Chalobah tra Inter e Como: l&#8217;incastro di mercato con il Chelsea"},"content":{"rendered":"<p>                                Tramite una telefonata, i presidenti dei due club hanno chiarito le rispettive intenzioni che hanno sul mercato. E se dopo Khalaili la dirigenza nerazzurra decider\u00e0 di affondare per l&#8217;inglese, il Como se ne tirer\u00e0 fuori<\/p>\n<p class=\"paragraph\" spellcheck=\"true\">Quella tra Inter e Como sul mercato si \u00e8 trasformata in una sorta di guerra&#8230; tra alleati. Perch\u00e9 svariati obiettivi sono comuni ad entrambe le societ\u00e0 ma allo stesso tempo, negli ultimi giorni, si \u00e8 rafforzato un &#8220;patto di non belligeranza&#8221; che ha il chiaro obiettivo di non andare ad alimentare inutili aste, derby a colpi di rilanci, inserimenti e scippi vari come gi\u00e0 accaduto ai nerazzurri con Palestra qualche settimana fa (anche se ovviamente il Como non c&#8217;entrava nulla). Ecco perch\u00e9 proprio nella giornata di ieri Beppe Marotta e Mirwan Suwarso &#8211; ufficialmente i due presidenti, ma delegati pure ad essere operativi sul mercato &#8211; hanno avuto un piacevole e proficuo colloquio telefonico, al termine del quale \u00e8 emersa la chiara volont\u00e0 da una parte e dall&#8217;altra di evitare tensioni anche nel caso in cui la ricerca delle due squadre mercato corrisponda allo stesso profilo.\u00a0<\/p>\n<p>        derby? no, grazie\u2014 \u00a0<\/p>\n<p class=\"paragraph\" spellcheck=\"true\">\u00c8 il caso di Trevoh Chalobah, centralone del Chelsea per cui qualche settimana fa il Como ha spedito ai Blues un&#8217;offerta intorno ai 25 milioni di euro (rispedita al mittente). Ma l&#8217;inglese \u00e8 monitorato anche dall&#8217;Inter, e allora Suwarso ha comunicato a Marotta che il Como non ha alcuna intenzione di infilarsi in un&#8217;asta, ha chiesto al presidente nerazzurro che intenzione abbia la dirigenza nerazzurra per Chalobah e aggiunto pure che se l&#8217;Inter decider\u00e0 di inserirsi con forza, lui si tirer\u00e0 indietro virando su profili diversi. Rapporti ottimi, quindi, che per il futuro del difensore del Chelsea lasciano aperto ogni scenario. Perch\u00e9 l&#8217;Inter ad oggi \u00e8 totalmente concentrata sull&#8217;affare Khalaili e torner\u00e0 ad occuparsi del reparto arretrato solo nel momento in cui la fascia destra rimasta &#8220;azzoppata&#8221; sar\u00e0 sistemata. Una trattativa, quella per Chalobah, non tramontata, quindi, ma solo messa in standby. E che potrebbe riprendere quota nei prossimi giorni, considerando che la dirigenza nerazzurra sta costantemente lavorando con l&#8217;entourage dell&#8217;inglese per trovare prima una quadra con il giocatore e poi spedire una prima offerta anche al Chelsea. C&#8217;\u00e8 un altro dettaglio, poi, che potrebbe spingere Chalobah a Milano prossimamente. Ovvero l&#8217;intenzione del Chelsea di affidare la retroguardia a Maxence Lacroix del Crystal Palace, con cui per\u00f2 resiste una certa distanza. Lavori in corso, incastri a cui trovare la giusta collocazione, tessere del puzzle da sistemare. Intanto, di certo, c&#8217;\u00e8 che Inter e Como non si rilanceranno contro a vicenda. Un buon punto di partenza.\u00a0\u00a0<\/p>\n","protected":false},"excerpt":{"rendered":"Tramite una telefonata, i presidenti dei due club hanno chiarito le rispettive intenzioni che hanno sul mercato. E&hellip;\n","protected":false},"author":3,"featured_media":575554,"comment_status":"","ping_status":"","sticky":false,"template":"","format":"standard","meta":{"footnotes":"","_share_on_mastodon":"0"},"categories":[1452],"tags":[500,317061,14819,721,36045,5368,3705,80710,5187,5524,154282,1740,1570,7292,350,145186,1537,90,89,192610,5266,1412,24737,1413,7987,10522,989,1739,245,244,54138,249490,5186],"class_list":["post-575553","post","type-post","status-publish","format-standard","has-post-thumbnail","category-calcio","tag-accaduto","tag-accaduto-nerazzurri","tag-aste","tag-calcio","tag-chalobah","tag-chelsea","tag-como","tag-decidera","tag-derby","tag-dirigenza","tag-dirigenza-nerazzurra","tag-football","tag-inglese","tag-intenzione","tag-inter","tag-inter-como","tag-it","tag-italia","tag-italy","tag-khalaili","tag-marotta","tag-mercato","tag-nerazzurra","tag-offerta","tag-patto","tag-presidenti","tag-settimana","tag-soccer","tag-sport","tag-sports","tag-suwarso","tag-tirera","tag-trovare"],"share_on_mastodon":{"url":"https:\/\/pubeurope.com\/@it\/116885233853433855","error":""},"_links":{"self":[{"href":"https:\/\/www.europesays.com\/it\/wp-json\/wp\/v2\/posts\/575553","targetHints":{"allow":["GET"]}}],"collection":[{"href":"https:\/\/www.europesays.com\/it\/wp-json\/wp\/v2\/posts"}],"about":[{"href":"https:\/\/www.europesays.com\/it\/wp-json\/wp\/v2\/types\/post"}],"author":[{"embeddable":true,"href":"https:\/\/www.europesays.com\/it\/wp-json\/wp\/v2\/users\/3"}],"replies":[{"embeddable":true,"href":"https:\/\/www.europesays.com\/it\/wp-json\/wp\/v2\/comments?post=575553"}],"version-history":[{"count":0,"href":"https:\/\/www.europesays.com\/it\/wp-json\/wp\/v2\/posts\/575553\/revisions"}],"wp:featuredmedia":[{"embeddable":true,"href":"https:\/\/www.europesays.com\/it\/wp-json\/wp\/v2\/media\/575554"}],"wp:attachment":[{"href":"https:\/\/www.europesays.com\/it\/wp-json\/wp\/v2\/media?parent=575553"}],"wp:term":[{"taxonomy":"category","embeddable":true,"href":"https:\/\/www.europesays.com\/it\/wp-json\/wp\/v2\/categories?post=575553"},{"taxonomy":"post_tag","embeddable":true,"href":"https:\/\/www.europesays.com\/it\/wp-json\/wp\/v2\/tags?post=575553"}],"curies":[{"name":"wp","href":"https:\/\/api.w.org\/{rel}","templated":true}]}}