{"id":575590,"date":"2026-07-08T16:41:15","date_gmt":"2026-07-08T16:41:15","guid":{"rendered":"https:\/\/www.europesays.com\/it\/575590\/"},"modified":"2026-07-08T16:41:15","modified_gmt":"2026-07-08T16:41:15","slug":"corsini-rai-su-lavitola-ranucci-dovra-chiarire-vicenda-inquietante-se-avessero-usato-il-metodo-report-sarebbero-gia-al-gabbio","status":"publish","type":"post","link":"https:\/\/www.europesays.com\/it\/575590\/","title":{"rendered":"Corsini (Rai): \u00abSu Lavitola Ranucci dovr\u00e0 chiarire. Vicenda inquietante, se avessero usato il metodo Report sarebbero gi\u00e0 al gabbio\u00bb"},"content":{"rendered":"<p>Il direttore degli Approfondimenti: \u00abQuando \u00e8 uscito il nome di Lavitola ho subito pensato che ci fosse qualcosa di strano dietro\u00bb<\/p>\n<p class=\"chapter-paragraph\">\u00abAspettiamo la magistratura, ma poi chiamer\u00f2 <a href=\"https:\/\/roma.corriere.it\/notizie\/cronaca\/26_luglio_07\/attentato-a-ranucci-il-giornalista-lavitola-e-un-amico-non-avrebbe-mai-fatto-male-a-me-e-alla-mia-famiglia-ho-il-sospetto-di-un-f48d1c0a-797f-47aa-943e-a19908c49xlk.shtml\" rel=\"nofollow noopener\" target=\"_blank\">Ranucci<\/a> perch\u00e9 deve chiarire questa vicenda inquietante nella quale lui per il momento \u00e8 parte lesa. La bomba era per lui, vera o farlocca che fosse\u00bb. Paolo Corsini, intercettato davanti a Montecitorio, \u00e8 il direttore degli Approfondimenti Rai e quindi ha anche la responsabilit\u00e0 su Report.\u00a0<\/p>\n<p class=\"chapter-paragraph\"><b>Direttore Corsini, cosa pensa di questa vicenda?<\/b><br \/>\u00abSe avessero usato il metodo Report per questa storia, Ranucci sarebbe gi\u00e0 al gabbio. Se fosse capitato a me ora sarei gi\u00e0 crocifisso\u00bb.\u00a0    &#13;<br \/>\n&#13;<br \/>\n&#13;<br \/>\n&#13;<br \/>\n&#13;<br \/>\n&#13;<br \/>\n&#13;<br \/>\n&#13;<br \/>\n&#13;<br \/>\n&#13;<br \/>\n&#13;<br \/>\n&#13;<br \/>\n&#13;<br \/>\n&#13;<br \/>\n&#13;<br \/>\n&#13;<br \/>\n&#13;<br \/>\n&#13;<br \/>\n&#13;<br \/>\n&#13;<br \/>\n&#13;<br \/>\n&#13;<br \/>\n&#13;<br \/>\n&#13;<br \/>\n&#13;<br \/>\n&#13;<br \/>\n&#13;<br \/>\n&#13;<br \/>\n&#13;<br \/>\n&#13;<br \/>\n&#13;<br \/>\n&#13;<br \/>\n&#13;<br \/>\n&#13;<br \/>\n&#13;<br \/>\n&#13;<br \/>\n&#13;<br \/>\n&#13;<br \/>\n&#13;<br \/>\n&#13;<br \/>\n&#13;<br \/>\n&#13;<br \/>\n&#13;<br \/>\n&#13;<br \/>\n&#13;<br \/>\n&#13;<br \/>\n&#13;<br \/>\n&#13;<br \/>\n&#13;<br \/>\n&#13;<br \/>\n&#13;<br \/>\n&#13;<br \/>\n&#13;\n<\/p>\n<p class=\"chapter-paragraph\"><b>Report rischia qualcosa?<\/b><br \/>\u00abNo, \u00e8 in una trasmissione di cui la Rai ha il marchio. Nel prossimo palinsesto c\u2019\u00e8 e andr\u00e0 avanti comunque, poi magari pu\u00f2 condurla Giorgio Mottola o un altro\u00bb.\u00a0<\/p>\n<p class=\"chapter-paragraph\"><b>Dice che Ranucci \u00e8 fuori?<\/b><br \/>\u00abAffatto, io sono garantista e per il momento resta parte lesa in questa vicenda, come sapete con lui ho un rapporto vivace e franco: abbiamo discusso molte volte\u00bb.\u00a0<\/p>\n<p class=\"chapter-paragraph\"><b>Dove a pranzo da Lavitola?<\/b>\u00a0<br \/>\u00abMai stato, e mi permetto di aggiungere che deve esistere un confine anche tra fonte e giornalista. Ma so che chi aveva un problema con Report spesso andava da Lavitola\u00bb.\u00a0<\/p>\n<p class=\"chapter-paragraph\"><b>Cosa vuole dire?<\/b>\u00a0<br \/>\u00abQuando \u00e8 uscito il nome di Lavitola ho subito pensato che ci fosse qualcosa di strano dietro\u00bb.<\/p>\n<p class=\"is-last-update\" datetime=\"2026-07-08T18:25:15+02:00\">8 luglio 2026 ( modifica il 8 luglio 2026 | 18:25)<\/p>\n<p class=\"is-copyright\">\n            \u00a9 RIPRODUZIONE RISERVATA\n        <\/p>\n","protected":false},"excerpt":{"rendered":"Il direttore degli Approfondimenti: \u00abQuando \u00e8 uscito il nome di Lavitola ho subito pensato che ci fosse qualcosa&hellip;\n","protected":false},"author":3,"featured_media":575591,"comment_status":"","ping_status":"","sticky":false,"template":"","format":"standard","meta":{"footnotes":"","_share_on_mastodon":"0"},"categories":[1444],"tags":[4438,11442,317078,317079,1245,1109,317080,203,317081,29731,204,1537,90,89,315631,2848,30051,4910,253,2786],"class_list":["post-575590","post","type-post","status-publish","format-standard","has-post-thumbnail","category-tv","tag-approfondimenti","tag-chiarire","tag-chiarire-vicenda","tag-chiarire-vicenda-inquietante","tag-corsini","tag-direttore","tag-direttore-approfondimenti","tag-entertainment","tag-gabbio","tag-inquietante","tag-intrattenimento","tag-it","tag-italia","tag-italy","tag-lavitola","tag-rai","tag-ranucci","tag-report","tag-tv","tag-vicenda"],"share_on_mastodon":{"url":"https:\/\/pubeurope.com\/@it\/116885355738038218","error":""},"_links":{"self":[{"href":"https:\/\/www.europesays.com\/it\/wp-json\/wp\/v2\/posts\/575590","targetHints":{"allow":["GET"]}}],"collection":[{"href":"https:\/\/www.europesays.com\/it\/wp-json\/wp\/v2\/posts"}],"about":[{"href":"https:\/\/www.europesays.com\/it\/wp-json\/wp\/v2\/types\/post"}],"author":[{"embeddable":true,"href":"https:\/\/www.europesays.com\/it\/wp-json\/wp\/v2\/users\/3"}],"replies":[{"embeddable":true,"href":"https:\/\/www.europesays.com\/it\/wp-json\/wp\/v2\/comments?post=575590"}],"version-history":[{"count":0,"href":"https:\/\/www.europesays.com\/it\/wp-json\/wp\/v2\/posts\/575590\/revisions"}],"wp:featuredmedia":[{"embeddable":true,"href":"https:\/\/www.europesays.com\/it\/wp-json\/wp\/v2\/media\/575591"}],"wp:attachment":[{"href":"https:\/\/www.europesays.com\/it\/wp-json\/wp\/v2\/media?parent=575590"}],"wp:term":[{"taxonomy":"category","embeddable":true,"href":"https:\/\/www.europesays.com\/it\/wp-json\/wp\/v2\/categories?post=575590"},{"taxonomy":"post_tag","embeddable":true,"href":"https:\/\/www.europesays.com\/it\/wp-json\/wp\/v2\/tags?post=575590"}],"curies":[{"name":"wp","href":"https:\/\/api.w.org\/{rel}","templated":true}]}}