{"id":575733,"date":"2026-07-08T18:32:17","date_gmt":"2026-07-08T18:32:17","guid":{"rendered":"https:\/\/www.europesays.com\/it\/575733\/"},"modified":"2026-07-08T18:32:17","modified_gmt":"2026-07-08T18:32:17","slug":"morto-tj-lanning-ex-sciatore-usa-aveva-41-anni","status":"publish","type":"post","link":"https:\/\/www.europesays.com\/it\/575733\/","title":{"rendered":"Morto TJ Lanning, ex sciatore Usa: aveva 41 anni"},"content":{"rendered":"<p>                                L&#8217;annuncio \u00e8 arrivato dalla federazione sci degli Stati Uniti. Aveva partecipato ai Mondiali 2007, nel 2009 il ritiro dopo un grave infortunio<\/p>\n<p class=\"paragraph\" spellcheck=\"true\">\u00c8 morto a 41 anni TJ Lanning, ex sciatore statunitense. Lo ha annunciato la federsci Usa con un post sui social. &#8220;I nostri pensieri vanno alla sua famiglia, ai suoi amici e ai suoi figli in questo momento difficile&#8221; si legge nel comunicato. Non sono state rese note le cause del decesso.<\/p>\n<p>    la carriera\u2014 \u00a0<\/p>\n<p class=\"paragraph is-inline\" spellcheck=\"true\">Tomas TJ Lanning era nato il 27 agosto 1983 a Helena, nel Montana, e si era poi trasferito con la famiglia a Park City. Aveva cominciato la carriera internazionale ai Mondiali juniores del 2001 e 2002. Ha partecipato ai Mondiali del 2007 a Are, in Svezia, e ha vinto il titolo nazionale di discesa l&#8217;anno dopo.<\/p>\n<p class=\"paragraph\" spellcheck=\"true\">In carriera aveva raccolto tre piazzamenti nella top 10 in coppa del Mondo, dove aveva collezionato 42 presenze. La sua carriera \u00e8 terminata a Lake Louise, dove nel novembre 2009 \u00e8 caduto procurandosi una grave lesione al ginocchio sinistro e una frattura al collo.  Dopo il ritiro dallo sport, \u00e8 stato allenatore dei velocisti statunitensi.\u00a0<\/p>\n","protected":false},"excerpt":{"rendered":"L&#8217;annuncio \u00e8 arrivato dalla federazione sci degli Stati Uniti. Aveva partecipato ai Mondiali 2007, nel 2009 il ritiro&hellip;\n","protected":false},"author":3,"featured_media":575734,"comment_status":"","ping_status":"","sticky":false,"template":"","format":"standard","meta":{"footnotes":"","_share_on_mastodon":"0"},"categories":[176],"tags":[1902,1909,830,1537,90,89,317158,4422,300,2378,317160,1738,245,244,131583,317159],"class_list":["post-575733","post","type-post","status-publish","format-standard","has-post-thumbnail","category-sport","tag-carriera","tag-famiglia","tag-grave","tag-it","tag-italia","tag-italy","tag-lanning","tag-mondiali","tag-morto","tag-partecipato","tag-partecipato-mondiali","tag-ritiro","tag-sport","tag-sports","tag-tj","tag-tj-lanning"],"share_on_mastodon":{"url":"https:\/\/pubeurope.com\/@it\/116885792208649398","error":""},"_links":{"self":[{"href":"https:\/\/www.europesays.com\/it\/wp-json\/wp\/v2\/posts\/575733","targetHints":{"allow":["GET"]}}],"collection":[{"href":"https:\/\/www.europesays.com\/it\/wp-json\/wp\/v2\/posts"}],"about":[{"href":"https:\/\/www.europesays.com\/it\/wp-json\/wp\/v2\/types\/post"}],"author":[{"embeddable":true,"href":"https:\/\/www.europesays.com\/it\/wp-json\/wp\/v2\/users\/3"}],"replies":[{"embeddable":true,"href":"https:\/\/www.europesays.com\/it\/wp-json\/wp\/v2\/comments?post=575733"}],"version-history":[{"count":0,"href":"https:\/\/www.europesays.com\/it\/wp-json\/wp\/v2\/posts\/575733\/revisions"}],"wp:featuredmedia":[{"embeddable":true,"href":"https:\/\/www.europesays.com\/it\/wp-json\/wp\/v2\/media\/575734"}],"wp:attachment":[{"href":"https:\/\/www.europesays.com\/it\/wp-json\/wp\/v2\/media?parent=575733"}],"wp:term":[{"taxonomy":"category","embeddable":true,"href":"https:\/\/www.europesays.com\/it\/wp-json\/wp\/v2\/categories?post=575733"},{"taxonomy":"post_tag","embeddable":true,"href":"https:\/\/www.europesays.com\/it\/wp-json\/wp\/v2\/tags?post=575733"}],"curies":[{"name":"wp","href":"https:\/\/api.w.org\/{rel}","templated":true}]}}