{"id":575866,"date":"2026-07-08T20:17:20","date_gmt":"2026-07-08T20:17:20","guid":{"rendered":"https:\/\/www.europesays.com\/it\/575866\/"},"modified":"2026-07-08T20:17:20","modified_gmt":"2026-07-08T20:17:20","slug":"palinsesti-sky-non-solo-masterchef-arriva-taste-of-italy-con-cannavacciuolo-pavan-e-zhang-borghese-fa-cucinare-le-nonne","status":"publish","type":"post","link":"https:\/\/www.europesays.com\/it\/575866\/","title":{"rendered":"Palinsesti Sky, non solo Masterchef: arriva \u00abTaste of Italy\u00bb con Cannavacciuolo, Pavan e Zhang. Borghese fa cucinare le nonne"},"content":{"rendered":"<p>Svelati i palinsesti autunnali Sky e Now: si intensifica il settore food con due nuove programmi, \u00abTaste of Italy\u00bb che entra nelle case degli italiani e \u00abCooking Grandmas\u00bb che mette in scena la cucina delle nonne<\/p>\n<p class=\"chapter-paragraph\">Novit\u00e0, ritorni e sorprese. I <b>palinsesti autunnali di Sky e Now<\/b> intensificano il settore food con due nuovi programmi di intrattenimento a tema. Segno che la cucina in tv non \u00e8 finita e non \u00e8 solo MasterChef. Anzi, proprio da MasterChef arrivano i volti che condurranno il <b>nuovo talent\u00a0\u00abTaste of Italy\u00bb<\/b>, sorta di spin off in cui <b>Antonino Cannavacciuolo, Chiara Pavan<\/b> e la vincitrice della 14esima edizione <b>Anna Zhang<\/b> girano nelle case degli italiani a caccia di ottime materie prime e ricette deliziose. Una sorta di competizione in tre atti, con ciascuno dei tre protagonisti a giudicare una fase: Anna Zhang valuter\u00e0 le materie prime e la dispensa dei concorrenti, Chiara Pavan assagger\u00e0 i loro piatti e sceglier\u00e0 chi mandare al\u00a0\u00abmostro finale\u00bb Antonino Cannavacciuolo. L&#8217;ingrediente pi\u00f9 interessante scoperto durante il viaggio?\u00a0\u00abLa trippa di tonno in Sicilia\u00bb, risponde a colpo sicuro Pavan.\u00a0\u00abIl pomodoro in tutte le sue versioni, sono una pomodorista\u00bb, dice Zhang, entrambe sul palco dei palinsesti.<\/p>\n<p><b>MasterChef<\/b>\u00a0continuer\u00e0 dopo una <b>stagione da record <\/b>&#8211; picchi di ascolto mai raggiunti, fino a 2.2 milioni di spettatori nei sette giorni, il 70% in pi\u00f9 dell&#8217;anno precedente &#8211; cos\u00ec come continuer\u00e0 <b>Foodish <\/b>con <b>Joe Bastianich<\/b>. Sul fronte <b>Alessandro Borghese<\/b>, oltre agli ormai rodati<b> Celebrity Chef<\/b> e <b>4 Ristoranti<\/b> (giunto alla 12esime edizione), partir\u00e0 in autunno una novit\u00e0,\u00a0<b>\u00abCooking Grandmas\u00bb<\/b>:\u00a0\u00abIl pi\u00f9 grande patrimonio italiano sono le nonne e le loro ricette &#8211; racconta lo chef sul palco -. In questo programma le mettiamo non solo a cucinare, ma anche a chiacchierare davanti ai biscotti con il t\u00e8 e a fare riscaldamento muscolare al mattino. Sar\u00e0 un format completamente nuovo, vi divertirete\u00bb.\u00a0<br \/>&#13;<br \/>\n&#13;<br \/>\n&#13;<br \/>\n&#13;<br \/>\n&#13;<br \/>\n&#13;<br \/>\n&#13;<br \/>\n&#13;<br \/>\n&#13;<br \/>\n&#13;<br \/>\n&#13;<br \/>\n&#13;<br \/>\n&#13;<br \/>\n&#13;<br \/>\n&#13;<br \/>\n&#13;<br \/>\n&#13;<br \/>\n&#13;<br \/>\n&#13;<br \/>\n&#13;<br \/>\n&#13;<br \/>\n&#13;<br \/>\n&#13;<br \/>\n&#13;<br \/>\n&#13;<br \/>\n&#13;<br \/>\n&#13;<br \/>\n&#13;<br \/>\n&#13;<br \/>\n&#13;<br \/>\n&#13;<br \/>\n&#13;<br \/>\n&#13;<br \/>\n&#13;<br \/>\n&#13;<br \/>\n&#13;<br \/>\n&#13;<br \/>\n&#13;<br \/>\n&#13;<br \/>\n&#13;<br \/>\n&#13;<br \/>\n&#13;<br \/>\n&#13;<br \/>\n&#13;<br \/>\n&#13;<br \/>\n&#13;<br \/>\n&#13;<br \/>\n&#13;<br \/>\n&#13;<br \/>\n&#13;<br \/>\n&#13;<br \/>\n&#13;<br \/>\n&#13;\n<\/p>\n<p class=\"is-last-update\" datetime=\"2026-07-08T15:06:19+02:00\">8 luglio 2026 ( modifica il 8 luglio 2026 | 15:06)<\/p>\n<p class=\"is-copyright\">\n            \u00a9 RIPRODUZIONE RISERVATA\n        <\/p>\n","protected":false},"excerpt":{"rendered":"Svelati i palinsesti autunnali Sky e Now: si intensifica il settore food con due nuove programmi, \u00abTaste of&hellip;\n","protected":false},"author":3,"featured_media":575867,"comment_status":"","ping_status":"","sticky":false,"template":"","format":"standard","meta":{"footnotes":"","_share_on_mastodon":"0"},"categories":[1444],"tags":[6050,157086,18874,87113,96163,317209,317210,24077,123206,727,297466,203,204,1537,90,89,63500,105961,633,317205,53628,100898,270,317206,317207,317208,253,19991],"class_list":["post-575866","post","type-post","status-publish","format-standard","has-post-thumbnail","category-tv","tag-anna","tag-anna-zhang","tag-antonino","tag-antonino-cannavacciuolo","tag-autunnali","tag-autunnali-sky","tag-autunnali-sky-now","tag-borghese","tag-cannavacciuolo","tag-case","tag-case-italiani","tag-entertainment","tag-intrattenimento","tag-it","tag-italia","tag-italy","tag-masterchef","tag-nonne","tag-of","tag-of-italy","tag-palinsesti","tag-pavan","tag-sky","tag-taste","tag-taste-of","tag-taste-of-italy","tag-tv","tag-zhang"],"share_on_mastodon":{"url":"https:\/\/pubeurope.com\/@it\/116886205219805762","error":""},"_links":{"self":[{"href":"https:\/\/www.europesays.com\/it\/wp-json\/wp\/v2\/posts\/575866","targetHints":{"allow":["GET"]}}],"collection":[{"href":"https:\/\/www.europesays.com\/it\/wp-json\/wp\/v2\/posts"}],"about":[{"href":"https:\/\/www.europesays.com\/it\/wp-json\/wp\/v2\/types\/post"}],"author":[{"embeddable":true,"href":"https:\/\/www.europesays.com\/it\/wp-json\/wp\/v2\/users\/3"}],"replies":[{"embeddable":true,"href":"https:\/\/www.europesays.com\/it\/wp-json\/wp\/v2\/comments?post=575866"}],"version-history":[{"count":0,"href":"https:\/\/www.europesays.com\/it\/wp-json\/wp\/v2\/posts\/575866\/revisions"}],"wp:featuredmedia":[{"embeddable":true,"href":"https:\/\/www.europesays.com\/it\/wp-json\/wp\/v2\/media\/575867"}],"wp:attachment":[{"href":"https:\/\/www.europesays.com\/it\/wp-json\/wp\/v2\/media?parent=575866"}],"wp:term":[{"taxonomy":"category","embeddable":true,"href":"https:\/\/www.europesays.com\/it\/wp-json\/wp\/v2\/categories?post=575866"},{"taxonomy":"post_tag","embeddable":true,"href":"https:\/\/www.europesays.com\/it\/wp-json\/wp\/v2\/tags?post=575866"}],"curies":[{"name":"wp","href":"https:\/\/api.w.org\/{rel}","templated":true}]}}