{"id":575917,"date":"2026-07-08T20:54:14","date_gmt":"2026-07-08T20:54:14","guid":{"rendered":"https:\/\/www.europesays.com\/it\/575917\/"},"modified":"2026-07-08T20:54:14","modified_gmt":"2026-07-08T20:54:14","slug":"milan-la-classifica-dei-difensori-piu-pagati-nella-storia","status":"publish","type":"post","link":"https:\/\/www.europesays.com\/it\/575917\/","title":{"rendered":"Milan, la classifica dei difensori pi\u00f9 pagati nella storia"},"content":{"rendered":"<p class=\"paragraph\" spellcheck=\"true\">Mario Gila sta per diventare ufficialmente un nuovo giocatore del Milan. Non appena firmer\u00e0, entrer\u00e0 anche in una classifica decisamente prestigiosa, e non proprio leggera da sostenere: quella dei difensori pi\u00f9 pagati nella storia del Diavolo. Con un&#8217;operazione da 30 milioni di euro (bonus compresi), pi\u00f9 il cartellino di Lorenzo Calvani, terzino sinistro della Primavera della Lazio, lo spagnolo si piazzer\u00e0 al quarto posto di questa speciale graduatoria. Una top 5 che racconta una storia curiosa: quasi tutti i difensori costati cos\u00ec tanto hanno deluso le aspettative. Quasi, perch\u00e9 c&#8217;\u00e8 un&#8217;eccezione. E che eccezione: una leggenda che ha scritto un decennio di storia rossonera. Vediamo chi sono.<\/p>\n","protected":false},"excerpt":{"rendered":"Mario Gila sta per diventare ufficialmente un nuovo giocatore del Milan. Non appena firmer\u00e0, entrer\u00e0 anche in una&hellip;\n","protected":false},"author":3,"featured_media":575918,"comment_status":"","ping_status":"","sticky":false,"template":"","format":"standard","meta":{"footnotes":"","_share_on_mastodon":"0"},"categories":[6],"tags":[3467,317221,317222,3076,2201,94704,109172,8230,2859,571,317214,14,8001,4973,317215,317216,767,61640,1533,724,3028,8,1537,90,89,565,5188,2219,553,21094,7,15,82,9,83,10,811,317217,43022,317218,4283,317219,8559,3673,21100,3665,577,1567,13,3413,3803,317220,11,80,84,12,81,85],"class_list":["post-575917","post","type-post","status-publish","format-standard","has-post-thumbnail","category-ultime-notizie","tag-accoppiata","tag-accoppiata-fassone","tag-accoppiata-fassone-mirabelli","tag-allegri","tag-appena","tag-bonucci","tag-caldara","tag-capitano","tag-cartellino","tag-cessione","tag-cragnotti","tag-cronaca","tag-diavolo","tag-difensori","tag-difensori-pagati","tag-difensori-pagati-storia","tag-difesa","tag-eccezione","tag-estate","tag-euro","tag-gila","tag-headlines","tag-it","tag-italia","tag-italy","tag-juve","tag-lazio","tag-maglia","tag-milan","tag-nesta","tag-news","tag-notizie","tag-notizie-di-cronaca","tag-notizie-principali","tag-notiziedicronaca","tag-notizieprincipali","tag-operazione","tag-operazione-euro","tag-pagati","tag-pagati-storia","tag-partite","tag-partite-maglia","tag-preso","tag-quarto","tag-rossonera","tag-spagnolo","tag-stagione","tag-storia","tag-titoli","tag-top","tag-totale","tag-totale-partite","tag-ultime-notizie","tag-ultime-notizie-di-cronaca","tag-ultime-notizie-e-news-di-oggi","tag-ultimenotizie","tag-ultimenotiziedicronaca","tag-ultimenotizieenewsdioggi"],"share_on_mastodon":{"url":"","error":"Validation failed: Text character limit of 500 exceeded"},"_links":{"self":[{"href":"https:\/\/www.europesays.com\/it\/wp-json\/wp\/v2\/posts\/575917","targetHints":{"allow":["GET"]}}],"collection":[{"href":"https:\/\/www.europesays.com\/it\/wp-json\/wp\/v2\/posts"}],"about":[{"href":"https:\/\/www.europesays.com\/it\/wp-json\/wp\/v2\/types\/post"}],"author":[{"embeddable":true,"href":"https:\/\/www.europesays.com\/it\/wp-json\/wp\/v2\/users\/3"}],"replies":[{"embeddable":true,"href":"https:\/\/www.europesays.com\/it\/wp-json\/wp\/v2\/comments?post=575917"}],"version-history":[{"count":0,"href":"https:\/\/www.europesays.com\/it\/wp-json\/wp\/v2\/posts\/575917\/revisions"}],"wp:featuredmedia":[{"embeddable":true,"href":"https:\/\/www.europesays.com\/it\/wp-json\/wp\/v2\/media\/575918"}],"wp:attachment":[{"href":"https:\/\/www.europesays.com\/it\/wp-json\/wp\/v2\/media?parent=575917"}],"wp:term":[{"taxonomy":"category","embeddable":true,"href":"https:\/\/www.europesays.com\/it\/wp-json\/wp\/v2\/categories?post=575917"},{"taxonomy":"post_tag","embeddable":true,"href":"https:\/\/www.europesays.com\/it\/wp-json\/wp\/v2\/tags?post=575917"}],"curies":[{"name":"wp","href":"https:\/\/api.w.org\/{rel}","templated":true}]}}