{"id":575996,"date":"2026-07-08T22:02:15","date_gmt":"2026-07-08T22:02:15","guid":{"rendered":"https:\/\/www.europesays.com\/it\/575996\/"},"modified":"2026-07-08T22:02:15","modified_gmt":"2026-07-08T22:02:15","slug":"ardon-jashari-stagione-no-il-mondiale-con-la-svizzera-dopo-il-milan","status":"publish","type":"post","link":"https:\/\/www.europesays.com\/it\/575996\/","title":{"rendered":"Ardon Jashari, stagione no: il Mondiale con la Svizzera dopo il Milan"},"content":{"rendered":"<p>                                Reduce da una stagione deludente con in rossonero dopo essere stato l&#8217;acquisto pi\u00f9 caro della scorsa estate, il centrocampista non ha sfruttato l&#8217;infortunio di Manzambi: sostituito dopo 45&#8242; contro la Colombia<\/p>\n<p>                    8 luglio &#8211; 17:55  &#8211; DALLAS (USA)<\/p>\n<p class=\"paragraph\" spellcheck=\"true\">Non ci sono facce tristi nella Svizzera che \u00e8 stata promossa ai quarti del Mondiale dopo aver battuto ai rigori la Colombia. Ma nel giudicare Ardon Jashari resta la sensazione che il centrocampista abbia mancato un\u2019altra occasione per imporsi.  Nell\u2019ottavo di Vancouver, il milanista \u00e8 partito per la prima volta da titolare. Il suo apporto finora era stato molto pi\u00f9 che marginale: soltanto i minuti di recupero contro il Qatar, nella gara d\u2019esordio, quando era stato mandato in campo all\u201989\u2019. Poi tanta panchina, interrotta dalla presenza dal via contro i colombiani: l\u2019infortunio di Johan Manzambi gli ha aperto la strada, il tecnico Murat Yakin lo ha schierato in un doppio ruolo, tra centrocampo in sostegno a Xhaka e Freuler, e la trequarti dietro a Embolo, con ai lati Rieder e Ndoye. Il risultato \u00e8 che Jashari non \u00e8 riuscito a brillare in entrambe le posizioni, soltanto 23 tocchi, anche un paio di filtranti per le punte non lo hanno salvato. All\u2019intervallo, la fine della corsa: Yakin lo ha sostituito con Sow, mandando al centro Rieder.\u00a0<\/p>\n<p>        DELUSIONE\u2014 \u00a0<\/p>\n<p class=\"paragraph\" spellcheck=\"true\">Jashari puntava sul Mondiale per cancellare la tribolata stagione con il Milan. Ma la sua situazione non \u00e8 migliorata e prima della partita con la Colombia non aveva nascosto la sua amarezza &#8220;Sono deluso. \u00c8 il mio terzo torneo con la Nazionale e continuo a trovare poco spazio. Noi calciatori abbiamo sempre l&#8217;aspettativa di giocare, \u00e8 il nostro lavoro. Ho detto a Yakin che sarei arrivato in ritiro con una buona energia e con il giusto atteggiamento, pronto a mettermi al servizio della squadra e ad aiutare ma alla fine \u00e8 sempre l&#8217;allenatore a decidere chi va in campo. E la cosa pi\u00f9 importante resta sempre la squadra&#8221;.\u00a0<\/p>\n<p><a class=\"is-partner-link\" href=\"https:\/\/abbonamenti.gazzetta.it\/de-promo-mondiali\/?pwcmp=cta&amp;forceBrowser=true\" rel=\"nofollow noopener\" target=\"_blank\">Gazzetta Mondiale: ogni notte un\u2019edizione straordinaria esclusiva. Non perdertela, abbonati a 1\u20ac\/mese!<\/a><\/p>\n<p>        RISCATTO\u2014 \u00a0<\/p>\n<p class=\"paragraph\" spellcheck=\"true\">Arrivato l\u2019estate scorsa dal Bruges per 34 milioni, l\u2019acquisto pi\u00f9 costoso dello scorso mercato, lo svizzero nel Milan si \u00e8 trovato davanti Luka Modric e Max Allegri vedeva Jashari come riserva del croato, quindi ha avuto pochissimo spazio. Inoltre la frattura del perone in uno scontro in allenamento con Santi Gimenez lo ha messo fuori causa per due mesi. Da aggiungere anche tutte le difficolt\u00e0 della squadra nel finale di campionato, ma anche quando Modric era infortunato, Jashari pure in questo caso non ha sfruttato la chance. Morale: soltanto 700 minuti in campo, 7 presenze da titolare in campionato, zero gol e un assist. Con la Svizzera non gli sta andando meglio, ma il Mondiale pu\u00f2 ancora sorprendere. Adesso vedr\u00e0 Messi e se non lo affronter\u00e0 sul campo cercher\u00e0 di chiedergli un souvenir: &#8220;Sono un fan di Leo e sarebbe un sogno giocare contro di lui. \u00c8 il mio idolo fin da quando ero bambino&#8221;, diceva prima della Colombia. Il sogno ora si avverer\u00e0: &#8220;Di solito non chiedo la maglia agli avversari, ma con Messi sarebbe un caso speciale. Ci prover\u00f2&#8221;.<\/p>\n<p class=\"is-copyright\">\u00a9 RIPRODUZIONE RISERVATA<\/p>\n","protected":false},"excerpt":{"rendered":"Reduce da una stagione deludente con in rossonero dopo essere stato l&#8217;acquisto pi\u00f9 caro della scorsa estate, il&hellip;\n","protected":false},"author":3,"featured_media":575997,"comment_status":"","ping_status":"","sticky":false,"template":"","format":"standard","meta":{"footnotes":"","_share_on_mastodon":"0"},"categories":[1452],"tags":[2842,5400,3077,721,1856,921,3153,24927,1533,1740,1889,2885,1537,90,89,601,90485,59,553,3479,5904,1353,1434,202646,4519,276180,1739,2526,57557,8041,245,244,1857,577,8093,26462,317232],"class_list":["post-575996","post","type-post","status-publish","format-standard","has-post-thumbnail","category-calcio","tag-acquisto","tag-acquisto-caro","tag-arrivato","tag-calcio","tag-campionato","tag-campo","tag-centrocampista","tag-colombia","tag-estate","tag-football","tag-giocare","tag-infortunio","tag-it","tag-italia","tag-italy","tag-jashari","tag-manzambi","tag-messi","tag-milan","tag-minuti","tag-modric","tag-mondiale","tag-resta","tag-rieder","tag-scorsa","tag-sfruttato","tag-soccer","tag-sogno","tag-sostituito","tag-spazio","tag-sport","tag-sports","tag-squadra","tag-stagione","tag-svizzera","tag-titolare","tag-yakin"],"share_on_mastodon":{"url":"https:\/\/pubeurope.com\/@it\/116886617941811890","error":""},"_links":{"self":[{"href":"https:\/\/www.europesays.com\/it\/wp-json\/wp\/v2\/posts\/575996","targetHints":{"allow":["GET"]}}],"collection":[{"href":"https:\/\/www.europesays.com\/it\/wp-json\/wp\/v2\/posts"}],"about":[{"href":"https:\/\/www.europesays.com\/it\/wp-json\/wp\/v2\/types\/post"}],"author":[{"embeddable":true,"href":"https:\/\/www.europesays.com\/it\/wp-json\/wp\/v2\/users\/3"}],"replies":[{"embeddable":true,"href":"https:\/\/www.europesays.com\/it\/wp-json\/wp\/v2\/comments?post=575996"}],"version-history":[{"count":0,"href":"https:\/\/www.europesays.com\/it\/wp-json\/wp\/v2\/posts\/575996\/revisions"}],"wp:featuredmedia":[{"embeddable":true,"href":"https:\/\/www.europesays.com\/it\/wp-json\/wp\/v2\/media\/575997"}],"wp:attachment":[{"href":"https:\/\/www.europesays.com\/it\/wp-json\/wp\/v2\/media?parent=575996"}],"wp:term":[{"taxonomy":"category","embeddable":true,"href":"https:\/\/www.europesays.com\/it\/wp-json\/wp\/v2\/categories?post=575996"},{"taxonomy":"post_tag","embeddable":true,"href":"https:\/\/www.europesays.com\/it\/wp-json\/wp\/v2\/tags?post=575996"}],"curies":[{"name":"wp","href":"https:\/\/api.w.org\/{rel}","templated":true}]}}