{"id":576072,"date":"2026-07-08T23:04:25","date_gmt":"2026-07-08T23:04:25","guid":{"rendered":"https:\/\/www.europesays.com\/it\/576072\/"},"modified":"2026-07-08T23:04:25","modified_gmt":"2026-07-08T23:04:25","slug":"polmoniti-da-sigaretta-elettronica-sempre-piu-casi-anche-tra-i-giovani-e-si-puo-finire-in-terapia-intensiva","status":"publish","type":"post","link":"https:\/\/www.europesays.com\/it\/576072\/","title":{"rendered":"Polmoniti da sigaretta elettronica:\u00a0\u201cSempre pi\u00f9 casi anche tra i giovani.\u00a0E si pu\u00f2 finire in Terapia intensiva\u201d"},"content":{"rendered":"<p>Ravenna, 8 luglio 2026 \u2013 Ammalarsi<strong> <\/strong>di<strong> polmonite interstiziale a causa delle \u2018svapo\u2019.<\/strong> Ovvero le nuove<strong> sigarette elettroniche<\/strong>, lanciate sul mercato qualche anno fa come alternativa al fumo della sigaretta e oggi molto utilizzate anche dai giovani. Alla patologia \u00e8 stato dato un nome specifico: <strong>Evali.<\/strong><\/p>\n<p>Danesi: \u201cSui giovani\u00a0il fumo elettronico ha cominciato a fare danni\u201d <\/p>\n<p>\u201cProprio sui giovani abbiamo visto che il fumo elettronico ha cominciato a fare danni \u2013 spiega <strong>Gianluca Danesi<\/strong>, che dirige l\u2019unit\u00e0 operativa per il Governo dei percorsi di cronicit\u00e0 a vocazione pneumologica \u2013. Spesso i sintomi non sono acuti: si manifestano in modo \u2018strisciante\u2019, ma non passano. Inizialmente non si capiva come mai. Col tempo abbiamo iniziato a vedere sempre pi\u00f9 <strong>casi di polmoniti chimiche,<\/strong> dovute alle sostanze contenute nelle sigarette elettroniche, come quelle utilizzate per il sapore. Penso ad esempio al<strong> diacetile<\/strong>, spesso usato per creare un odore dolce, tipo vaniglia o crema. Non a caso l\u2019inalazione del diacetile era gi\u00e0 nota per provocare il \u2019polmone da popcorn\u2019 nei lavoratori del settore: \u00e8 la stessa sostanza usata per dare il sapore del burro ai popcorn\u201d.<\/p>\n<p>Cosa \u00e8 la polmonite interstiziale <\/p>\n<p>Ma andiamo con ordine. La<strong> polmonite interstiziale<\/strong>, di cui si \u00e8 iniziato a parlare durante la pandemia da covid, a differenza della \u2019normale\u2019 polmonite non colpisce gli alveoli, m<strong>a l\u2019interstizio tra alveoli e vasi sanguigni nel polmone<\/strong>. \u201cI sintomi a volte iniziano in maniera molto lieve \u2013 dice Danesi \u2013: <strong>stanchezza, tosse secca, difficolt\u00e0 a respirare<\/strong>. Spesso inizialmente le lastre al torace dei pazienti sono negative,<strong> occorre una tac<\/strong>. Prima del covid era una patologia poco frequente, legata ad alcune patologie autoimmuni e presente in chi inalava fumi chimici sul lavoro. Nell\u2019ultimo periodo, oltre al covid, \u00e8 comparsa anche per le <strong>infezioni da virus respiratorio sinciziale<\/strong> e nei <strong>pazienti affetti da pneumocistosi<\/strong>, che hanno un sistema immunitario compromesso da patologie tumorali o Aids\u201d.<\/p>\n<p> <img alt=\"Un giovane mentre fuma una sigaretta elettronica\" loading=\"lazy\" width=\"1600\" height=\"1066\" decoding=\"async\" data-nimg=\"1\" style=\"color:transparent;max-width:100%;height:auto\"   src=\"https:\/\/www.europesays.com\/it\/wp-content\/uploads\/2026\/07\/un-giovane-mentre-fuma-una-sigaretta-elettronica.webp\"\/><\/p>\n<p>Un giovane mentre fuma una sigaretta elettronica<\/p>\n<p>&#8220;La patologia \u00e8 rischiosa, anche quando \u00e8 causata dalle sigarette elettroniche pu\u00f2 portare il paziente in Terapia intensiva\u201d <\/p>\n<p>Le polmoniti interstiziali un tempo erano considerate rare. \u201cTuttora la diagnosi non \u00e8 ovvia: prima di dire che la causa sono le sigarette elettroniche occorre escludere la presenza di virus o infezioni. <strong>Ma la patologia \u00e8 rischiosa, anche quando \u00e8 causata dalle sigarette elettroniche pu\u00f2 portare il paziente in Terapia intensiva o semintensiva<\/strong>, con la necessit\u00e0 di alti flussi di ossigeno fino alla ventilazione\u201d. Anche a Ravenna ci sono stati casi di pazienti finiti in Terapia intensiva per una polmonite interstiziale da \u2019svaping\u2019.<\/p>\n<p>&#8220;Il contenitore della svapo contiene molti pi\u00f9 tiri e senza accorgersene \u00e8 possibile fumare molto\u201d <\/p>\n<p><strong>Danesi <\/strong>mette in guardia i giovani: \u201cUn pacchetto ha 20 sigarette: un fumatore incallito ne fuma al massimo due e in pochissimi casi tre al giorno, \u00e8 una spesa. <strong>Il contenitore della svapo contiene molti pi\u00f9 tiri e senza accorgersene \u00e8 possibile fumare molto<\/strong>: e nel frattempo si sta assumendo un prodotto la cui composizione spesso non \u00e8 cos\u00ec chiara.<strong> Ho visto pazienti di 20, 25 o 30 anni con la polmonite interstiziale,<\/strong> e c\u2019\u00e8 chi inizia a fumare perfino alle medie\u201d. Inoltre \u201cchi ha fumato sia le sigarette normali che le elettroniche \u2013 conclude Danesi \u2013 ha un rischio maggiore di tumore\u201d.<\/p>\n","protected":false},"excerpt":{"rendered":"Ravenna, 8 luglio 2026 \u2013 Ammalarsi di polmonite interstiziale a causa delle \u2018svapo\u2019. Ovvero le nuove sigarette elettroniche,&hellip;\n","protected":false},"author":3,"featured_media":576073,"comment_status":"","ping_status":"","sticky":false,"template":"","format":"standard","meta":{"footnotes":"","_share_on_mastodon":"0"},"categories":[175],"tags":[1045,6777,4959,1598,239,18842,1537,90,89,159868,240,52765,610],"class_list":["post-576072","post","type-post","status-publish","format-standard","has-post-thumbnail","category-salute","tag-casi","tag-elettronica","tag-finire","tag-giovani","tag-health","tag-intensiva","tag-it","tag-italia","tag-italy","tag-polmoniti","tag-salute","tag-sigaretta","tag-terapia"],"share_on_mastodon":{"url":"https:\/\/pubeurope.com\/@it\/116886862068530079","error":""},"_links":{"self":[{"href":"https:\/\/www.europesays.com\/it\/wp-json\/wp\/v2\/posts\/576072","targetHints":{"allow":["GET"]}}],"collection":[{"href":"https:\/\/www.europesays.com\/it\/wp-json\/wp\/v2\/posts"}],"about":[{"href":"https:\/\/www.europesays.com\/it\/wp-json\/wp\/v2\/types\/post"}],"author":[{"embeddable":true,"href":"https:\/\/www.europesays.com\/it\/wp-json\/wp\/v2\/users\/3"}],"replies":[{"embeddable":true,"href":"https:\/\/www.europesays.com\/it\/wp-json\/wp\/v2\/comments?post=576072"}],"version-history":[{"count":0,"href":"https:\/\/www.europesays.com\/it\/wp-json\/wp\/v2\/posts\/576072\/revisions"}],"wp:featuredmedia":[{"embeddable":true,"href":"https:\/\/www.europesays.com\/it\/wp-json\/wp\/v2\/media\/576073"}],"wp:attachment":[{"href":"https:\/\/www.europesays.com\/it\/wp-json\/wp\/v2\/media?parent=576072"}],"wp:term":[{"taxonomy":"category","embeddable":true,"href":"https:\/\/www.europesays.com\/it\/wp-json\/wp\/v2\/categories?post=576072"},{"taxonomy":"post_tag","embeddable":true,"href":"https:\/\/www.europesays.com\/it\/wp-json\/wp\/v2\/tags?post=576072"}],"curies":[{"name":"wp","href":"https:\/\/api.w.org\/{rel}","templated":true}]}}