{"id":576088,"date":"2026-07-08T23:24:26","date_gmt":"2026-07-08T23:24:26","guid":{"rendered":"https:\/\/www.europesays.com\/it\/576088\/"},"modified":"2026-07-08T23:24:26","modified_gmt":"2026-07-08T23:24:26","slug":"da-cate-blanchett-con-il-figlio-ignatius-martin-ad-anna-ferzetti-gli-ospiti-parigini-di-giorgio-armani-prive","status":"publish","type":"post","link":"https:\/\/www.europesays.com\/it\/576088\/","title":{"rendered":"Da Cate Blanchett (con il figlio Ignatius Martin) ad Anna Ferzetti, gli ospiti parigini di Giorgio Armani Priv\u00e8"},"content":{"rendered":"<p>Il front row ha riunito alcune delle personalit\u00e0 pi\u00f9 eleganti del panorama internazionale. Mettendo in risalto il legame tra alta moda, cinema e musica in uno degli appuntamenti pi\u00f9 esclusivi della stagione<\/p>\n<p class=\"chapter-paragraph\">L&#8217;eleganza senza tempo di Giorgio Armani Priv\u00e9 ha conquistato ancora una volta Parigi. Alla sfilata Haute Couture Autunno\/Inverno 2026-2027 della maison, il front row si \u00e8 trasformato in una passerella di grandi protagonisti del cinema, della musica e della cultura internazionale.  Tra gli ospiti pi\u00f9 fotografati spiccava Cate Blanchett, ambasciatrice di lungo corso dello stile Armani, arrivata insieme al figlio Ignatius Martin Upton. La loro presenza ha catturato l&#8217;attenzione dei fotografi, regalando uno dei momenti pi\u00f9 raffinati dell&#8217;evento. L&#8217;attrice australiana ha confermato ancora una volta il suo legame con la maison, scegliendo un look dall&#8217;eleganza essenziale, mentre Ignatius ha sfoggiato uno stile sobrio e contemporaneo, perfettamente in sintonia con l&#8217;atmosfera della couture.  A rappresentare l&#8217;Italia c&#8217;era anche Anna Ferzetti, interprete da sempre apprezzata per il suo gusto sofisticato. L&#8217;attrice ha preso posto nel parterre degli ospiti internazionali, confermandosi una delle presenze italiane pi\u00f9 eleganti della settimana dell&#8217;alta moda parigina.  Tra gli invitati anche il compositore e pianista Ludovico Einaudi, volto ormai familiare negli appuntamenti della maison Armani. La sua presenza ha aggiunto un tocco di cultura e sensibilit\u00e0 musicale a uno degli eventi pi\u00f9 attesi della Paris Haute Couture Week, sottolineando ancora una volta il dialogo tra moda e arte che caratterizza l&#8217;universo creativo di Armani.  Accanto a loro hanno sfilato numerosi volti del panorama internazionale, confermando il prestigio dello show Armani Priv\u00e9, da sempre appuntamento imprescindibile del calendario dell&#8217;alta moda.    &#13;<br \/>\n&#13;<br \/>\n&#13;<br \/>\n&#13;<br \/>\n&#13;<br \/>\n&#13;<br \/>\n&#13;<br \/>\n&#13;<br \/>\n&#13;<br \/>\n&#13;<br \/>\n&#13;<br \/>\n&#13;<br \/>\n&#13;<br \/>\n&#13;<br \/>\n&#13;<br \/>\n&#13;<br \/>\n&#13;<br \/>\n&#13;<br \/>\n&#13;<br \/>\n&#13;<br \/>\n&#13;<br \/>\n&#13;<br \/>\n&#13;<br \/>\n&#13;<br \/>\n&#13;<br \/>\n&#13;<br \/>\n&#13;<br \/>\n&#13;<br \/>\n&#13;<br \/>\n&#13;<br \/>\n&#13;<br \/>\n&#13;<br \/>\n&#13;<br \/>\n&#13;<br \/>\n&#13;<br \/>\n&#13;<br \/>\n&#13;<br \/>\n&#13;<br \/>\n&#13;<br \/>\n&#13;<br \/>\n&#13;<br \/>\n&#13;<br \/>\n&#13;<br \/>\n&#13;<br \/>\n&#13;<br \/>\n&#13;<br \/>\n&#13;<br \/>\n&#13;<br \/>\n&#13;<br \/>\n&#13;<br \/>\n&#13;<br \/>\n&#13;<br \/>\n&#13;\n<\/p>\n<p class=\"is-last-update\" datetime=\"2026-07-08T11:31:05+02:00\">8 luglio 2026 ( modifica il 8 luglio 2026 | 11:31)<\/p>\n<p class=\"is-copyright\">\n            \u00a9 RIPRODUZIONE RISERVATA\n        <\/p>\n","protected":false},"excerpt":{"rendered":"Il front row ha riunito alcune delle personalit\u00e0 pi\u00f9 eleganti del panorama internazionale. Mettendo in risalto il legame&hellip;\n","protected":false},"author":3,"featured_media":576089,"comment_status":"","ping_status":"","sticky":false,"template":"","format":"standard","meta":{"footnotes":"","_share_on_mastodon":"0"},"categories":[1451],"tags":[7554,65359,6050,51148,16855,23422,54946,7738,53374,53375,42521,1621,1620,640,317286,105205,203,149987,832,204,1537,90,89,35573,3112,9424],"class_list":["post-576088","post","type-post","status-publish","format-standard","has-post-thumbnail","category-celebrita","tag-alta","tag-alta-moda","tag-anna","tag-anna-ferzetti","tag-appuntamenti","tag-armani","tag-armani-prive","tag-attrice","tag-blanchett","tag-cate","tag-cate-blanchett","tag-celebrita","tag-celebrities","tag-cinema","tag-cinema-musica","tag-couture","tag-entertainment","tag-ignatius","tag-internazionale","tag-intrattenimento","tag-it","tag-italia","tag-italy","tag-maison","tag-moda","tag-ospiti"],"share_on_mastodon":{"url":"https:\/\/pubeurope.com\/@it\/116886940451486286","error":""},"_links":{"self":[{"href":"https:\/\/www.europesays.com\/it\/wp-json\/wp\/v2\/posts\/576088","targetHints":{"allow":["GET"]}}],"collection":[{"href":"https:\/\/www.europesays.com\/it\/wp-json\/wp\/v2\/posts"}],"about":[{"href":"https:\/\/www.europesays.com\/it\/wp-json\/wp\/v2\/types\/post"}],"author":[{"embeddable":true,"href":"https:\/\/www.europesays.com\/it\/wp-json\/wp\/v2\/users\/3"}],"replies":[{"embeddable":true,"href":"https:\/\/www.europesays.com\/it\/wp-json\/wp\/v2\/comments?post=576088"}],"version-history":[{"count":0,"href":"https:\/\/www.europesays.com\/it\/wp-json\/wp\/v2\/posts\/576088\/revisions"}],"wp:featuredmedia":[{"embeddable":true,"href":"https:\/\/www.europesays.com\/it\/wp-json\/wp\/v2\/media\/576089"}],"wp:attachment":[{"href":"https:\/\/www.europesays.com\/it\/wp-json\/wp\/v2\/media?parent=576088"}],"wp:term":[{"taxonomy":"category","embeddable":true,"href":"https:\/\/www.europesays.com\/it\/wp-json\/wp\/v2\/categories?post=576088"},{"taxonomy":"post_tag","embeddable":true,"href":"https:\/\/www.europesays.com\/it\/wp-json\/wp\/v2\/tags?post=576088"}],"curies":[{"name":"wp","href":"https:\/\/api.w.org\/{rel}","templated":true}]}}