{"id":576151,"date":"2026-07-09T00:22:51","date_gmt":"2026-07-09T00:22:51","guid":{"rendered":"https:\/\/www.europesays.com\/it\/576151\/"},"modified":"2026-07-09T00:22:51","modified_gmt":"2026-07-09T00:22:51","slug":"brugnato-i-ricchi-e-poveri-aprono-la-rassegna-summer-nights","status":"publish","type":"post","link":"https:\/\/www.europesays.com\/it\/576151\/","title":{"rendered":"Brugnato, i Ricchi e Poveri aprono la rassegna Summer Nights"},"content":{"rendered":"<p>Brugnato (La Spezia), 7 luglio 2026 \u2013\u00a0Tutto pronto a <strong>Brugnato 5Terre Outlet Village <\/strong>per il primo dei sei appuntamenti delle <strong>Summer Nights<\/strong>\u00a0Radio Subasio Music Club 2026, la <strong>rassegna musicale <\/strong>che da oltre dieci anni rappresenta uno degli eventi pi\u00f9 attesi dell&#8217;estate e che torna anche quest&#8217;anno in collaborazione con Radio Subasio, radio ufficiale della manifestazione. Ad inaugurare la tredicesima edizione, sabato <strong>11 luglio<\/strong>, a partire dalle 21, saranno i <strong>Ricchi e Poveri, <\/strong>una delle formazioni pi\u00f9 amate e iconiche della musica italiana.<\/p>\n<p>Con oltre cinquant&#8217;anni di carriera e un repertorio che ha attraversato intere generazioni, il gruppo regaler\u00e0 al pubblico una serata all&#8217;insegna dei grandi successi, da Sar\u00e0 perch\u00e9 ti amo a Mamma Maria, da Se m&#8217;innamoro a Voulez Vous Danser, fino al recente Ma non tutta la vita. Il celebre duo alterner\u00e0 l&#8217;esecuzione dei suoi pi\u00f9 grandi successi a un&#8217;intervista esclusiva condotta da Gianluca Giurato di Radio Subasio, tra musica, ricordi e aneddoti di una carriera lunga oltre cinquant&#8217;anni. La registrazione dell&#8217;evento sar\u00e0 trasmessa sulle frequenze di Radio Subasio domenica 19 luglio. Come sempre, ingresso libero e negozi aperti fino a mezzanotte, per vivere una serata speciale che unisce shopping serale, musica dal vivo e intrattenimento.<\/p>\n","protected":false},"excerpt":{"rendered":"Brugnato (La Spezia), 7 luglio 2026 \u2013\u00a0Tutto pronto a Brugnato 5Terre Outlet Village per il primo dei sei&hellip;\n","protected":false},"author":3,"featured_media":576152,"comment_status":"","ping_status":"","sticky":false,"template":"","format":"standard","meta":{"footnotes":"","_share_on_mastodon":"0"},"categories":[1443],"tags":[11276,317324,203,204,1537,90,89,1538,1539,317325,24923,7682,26548,5245],"class_list":["post-576151","post","type-post","status-publish","format-standard","has-post-thumbnail","category-musica","tag-aprono","tag-brugnato","tag-entertainment","tag-intrattenimento","tag-it","tag-italia","tag-italy","tag-music","tag-musica","tag-nights","tag-poveri","tag-rassegna","tag-ricchi","tag-summer"],"share_on_mastodon":{"url":"https:\/\/pubeurope.com\/@it\/116887172403611881","error":""},"_links":{"self":[{"href":"https:\/\/www.europesays.com\/it\/wp-json\/wp\/v2\/posts\/576151","targetHints":{"allow":["GET"]}}],"collection":[{"href":"https:\/\/www.europesays.com\/it\/wp-json\/wp\/v2\/posts"}],"about":[{"href":"https:\/\/www.europesays.com\/it\/wp-json\/wp\/v2\/types\/post"}],"author":[{"embeddable":true,"href":"https:\/\/www.europesays.com\/it\/wp-json\/wp\/v2\/users\/3"}],"replies":[{"embeddable":true,"href":"https:\/\/www.europesays.com\/it\/wp-json\/wp\/v2\/comments?post=576151"}],"version-history":[{"count":0,"href":"https:\/\/www.europesays.com\/it\/wp-json\/wp\/v2\/posts\/576151\/revisions"}],"wp:featuredmedia":[{"embeddable":true,"href":"https:\/\/www.europesays.com\/it\/wp-json\/wp\/v2\/media\/576152"}],"wp:attachment":[{"href":"https:\/\/www.europesays.com\/it\/wp-json\/wp\/v2\/media?parent=576151"}],"wp:term":[{"taxonomy":"category","embeddable":true,"href":"https:\/\/www.europesays.com\/it\/wp-json\/wp\/v2\/categories?post=576151"},{"taxonomy":"post_tag","embeddable":true,"href":"https:\/\/www.europesays.com\/it\/wp-json\/wp\/v2\/tags?post=576151"}],"curies":[{"name":"wp","href":"https:\/\/api.w.org\/{rel}","templated":true}]}}