{"id":576165,"date":"2026-07-09T00:29:17","date_gmt":"2026-07-09T00:29:17","guid":{"rendered":"https:\/\/www.europesays.com\/it\/576165\/"},"modified":"2026-07-09T00:29:17","modified_gmt":"2026-07-09T00:29:17","slug":"leone-tagliando-allesortazione-sui-divorziati-spinte-sulla-stretta","status":"publish","type":"post","link":"https:\/\/www.europesays.com\/it\/576165\/","title":{"rendered":"Leone, tagliando all&#8217;esortazione sui divorziati. Spinte sulla stretta"},"content":{"rendered":"<p>Il ruolo delle famiglie nella societ\u00e0 di oggi, i giovani e il matrimonio, l&#8217;ascolto e l&#8217;accompagnamento degli sposi nei primi anni di nozze, ma soprattutto il cammino con le famiglie in situazioni complesse, ovvero i casi dei separati e riaccompagnati e l&#8217;accesso alla comunione.<\/p>\n<p>Papa Leone fa il tagliando della Amoris laetitia, l&#8217;esortazione apostolica firmata da Papa Francesco esattamente 10 anni fa e che suscit\u00f2 ampio dibattito nella chiesa per aver aperto uno spiraglio alla possibilit\u00e0 per i divorziati risposati di accedere all&#8217;Eucaristia. Ora Prevost vuole capire cosa \u00e8 stato fatto in questo decennio, e cosa c&#8217;\u00e8 ancora da fare. Lo fa come \u00e8 oramai sua prassi, in uno \u00abstile sinodale\u00bb, convocando un summit con i capi delle Chiese cattoliche orientali sui iuris e i presidenti delle Conferenze episcopali, dal 7 al 14 ottobre prossimi. Il Vaticano ha infatti diffuso il percorso tematico che guider\u00e0 i lavori, preparato dalla Segreteria generale del Sinodo e dal Dicastero per i Laici, la Famiglia e la Vita.<\/p>\n<p>Giovani e matrimonio saranno tra i temi centrali dell&#8217;incontro. Il documento, infatti, prevede cinque ambiti di discussione: le famiglie oggi con le loro sfide, i giovani e la scoperta della vocazione matrimoniale, la vita matrimoniale nei primi anni di nozze, il cammino con le famiglie in situazioni complesse; infine, le famiglie cristiane, soggetti della missione della Chiesa.<\/p>\n<p>I presidenti dei vescovi di tutto il mondo faranno il punto su quanto fatto in questi dieci anni. Tra le questioni pi\u00f9 spinose figura senz&#8217;altro la possibilit\u00e0 di concedere o meno la comunione ai divorziati riaccompagnati. E su questo il Papa dovr\u00e0 mettere insieme la fronda pi\u00f9 progressista, sulla scia di quanto concesso da Papa Bergoglio (ovvero concedere l&#8217;Eucaristia ai divorziati dopo un percorso di accompagnamento), e la spinta dei tradizionalisti e di alcuni vescovi locali di tornare a quanto stabilito dal magistero prima della Amoris laetitia, cio\u00e8 il divieto della comunione ai separati riaccompagnati. Tante le domande su cui si dovranno confrontare: i passi compiuti in questi 10 anni, le resistenze emerse, l&#8217;accoglienza e l&#8217;ascolto ai divorziati, il ruolo della Chiesa e la sua capacit\u00e0 di accompagnamento. \u00abLa mens del Papa \u00e8 di comprendere come Amoris laetitia si stia applicando nelle chiese locali\u00bb riferiscono al Giornale fonti dal Vaticano. \u00abLeone vuole ascoltare i presidenti delle Conferenze episcopali<\/p>\n<p>per comprendere la realt\u00e0 delle situazioni in ogni angolo della terra\u00bb.<\/p>\n<p>Altri punti di discussione sono i giovani e il matrimonio. Nel documento preparatorio, infatti, si evidenzia come, in molte parti del mondo, le nuove generazioni fatichino a credere nella possibilit\u00e0 di costruire un progetto familiare stabile a causa di difficolt\u00e0 economiche, sociali e culturali. Ampio spazio sar\u00e0 dedicato anche all&#8217;accompagnamento delle coppie nei primi anni di matrimonio, considerati decisivi per consolidare il legame familiare.<\/p>\n<p>L&#8217;Amoris laetitia aveva suscitato ampio dibattito e da alcuni cardinali e vescovi era stata interpretata come un cambiamento radicale della dottrina sul matrimonio. L&#8217;idea centrale era invece passare da una logica prevalentemente normativa a una pastorale dell&#8217;accompagnamento, del discernimento e della misericordia. Proprio da qui, Leone intende ripartire.\n<\/p>\n<p> Se, dunque, per molti vescovi locali sar\u00e0 difficile \u00abtornare indietro\u00bb e riaprire il dibattito sulla comunione ai divorziati risposati, ormai entrato nella prassi di numerose Chiese locali, il summit di Leone amplier\u00e0 lo sguardo verso le sfide per le famiglie di oggi.<\/p>\n","protected":false},"excerpt":{"rendered":"Il ruolo delle famiglie nella societ\u00e0 di oggi, i giovani e il matrimonio, l&#8217;ascolto e l&#8217;accompagnamento degli sposi&hellip;\n","protected":false},"author":3,"featured_media":576166,"comment_status":"","ping_status":"","sticky":false,"template":"","format":"standard","meta":{"footnotes":"","_share_on_mastodon":"0"},"categories":[160],"tags":[14,164,165,3099,8866,166,7,15,1358,11,167,12,168,161,162,163],"class_list":["post-576165","post","type-post","status-publish","format-standard","has-post-thumbnail","category-mondo","tag-cronaca","tag-dal-mondo","tag-dalmondo","tag-divorzio","tag-matrimonio","tag-mondo","tag-news","tag-notizie","tag-papa-leone-xiv","tag-ultime-notizie","tag-ultime-notizie-di-mondo","tag-ultimenotizie","tag-ultimenotiziedimondo","tag-world","tag-world-news","tag-worldnews"],"share_on_mastodon":{"url":"https:\/\/pubeurope.com\/@it\/116887195816148675","error":""},"_links":{"self":[{"href":"https:\/\/www.europesays.com\/it\/wp-json\/wp\/v2\/posts\/576165","targetHints":{"allow":["GET"]}}],"collection":[{"href":"https:\/\/www.europesays.com\/it\/wp-json\/wp\/v2\/posts"}],"about":[{"href":"https:\/\/www.europesays.com\/it\/wp-json\/wp\/v2\/types\/post"}],"author":[{"embeddable":true,"href":"https:\/\/www.europesays.com\/it\/wp-json\/wp\/v2\/users\/3"}],"replies":[{"embeddable":true,"href":"https:\/\/www.europesays.com\/it\/wp-json\/wp\/v2\/comments?post=576165"}],"version-history":[{"count":0,"href":"https:\/\/www.europesays.com\/it\/wp-json\/wp\/v2\/posts\/576165\/revisions"}],"wp:featuredmedia":[{"embeddable":true,"href":"https:\/\/www.europesays.com\/it\/wp-json\/wp\/v2\/media\/576166"}],"wp:attachment":[{"href":"https:\/\/www.europesays.com\/it\/wp-json\/wp\/v2\/media?parent=576165"}],"wp:term":[{"taxonomy":"category","embeddable":true,"href":"https:\/\/www.europesays.com\/it\/wp-json\/wp\/v2\/categories?post=576165"},{"taxonomy":"post_tag","embeddable":true,"href":"https:\/\/www.europesays.com\/it\/wp-json\/wp\/v2\/tags?post=576165"}],"curies":[{"name":"wp","href":"https:\/\/api.w.org\/{rel}","templated":true}]}}