{"id":576176,"date":"2026-07-09T00:46:45","date_gmt":"2026-07-09T00:46:45","guid":{"rendered":"https:\/\/www.europesays.com\/it\/576176\/"},"modified":"2026-07-09T00:46:45","modified_gmt":"2026-07-09T00:46:45","slug":"claudio-ridolfi-una-mostra-diventa-un-laboratorio-di-ricerca","status":"publish","type":"post","link":"https:\/\/www.europesays.com\/it\/576176\/","title":{"rendered":"Claudio Ridolfi, una mostra diventa un laboratorio di ricerca"},"content":{"rendered":"<p>        di <a href=\"https:\/\/www.finestresullarte.info\/2947p_andrea-bruciati.php\" rel=\"nofollow noopener\" target=\"_blank\">Andrea Bruciati<\/a>, pubblicato il 07\/07\/2026        <br \/>Categorie:<\/p>\n<p>        <a href=\"https:\/\/www.finestresullarte.info\/1c_news-focus.php\" rel=\"nofollow noopener\" target=\"_blank\"><br \/>\n            News Focus        <\/a><\/p>\n<p>         \/ Argomenti: <a href=\"https:\/\/www.finestresullarte.info\/tag\/arte-antica.php\" rel=\"nofollow noopener\" target=\"_blank\">Arte antica<\/a> &#8211; <a href=\"https:\/\/www.finestresullarte.info\/tag\/marche.php\" rel=\"nofollow noopener\" target=\"_blank\">Marche<\/a> &#8211; <a href=\"https:\/\/www.finestresullarte.info\/tag\/seicento.php\" rel=\"nofollow noopener\" target=\"_blank\">Seicento<\/a> <\/p>\n<p>A Corinaldo una mostra propone una revisione del corpus di Claudio Ridolfi tra nuove attribuzioni e rilettura del contesto corinaldese. Il racconto del suo curatore, Andrea Bruciati.<\/p>\n<p>Per oltre trent\u2019anni il catalogo delle opere di Claudio Ridolfi nelle Marche \u00e8 rimasto sostanzialmente invariato. Oggi una mostra allestita a Corinaldo costringe invece a rivedere attribuzioni, contesti e persino il ruolo che il pittore veronese ebbe nella cultura artistica marchigiana del Seicento. Quattro nuove attribuzioni, quattro opere di bottega individuate e il recupero di un complesso apparato ligneo del Seicento: sono questi i risultati pi\u00f9 significativi emersi dalla mostra Mirabilia Marche: capolavori, innesti, ibridazioni fra pubblico e privato nell\u2019et\u00e0 di Claudio Ridolfi, allestita presso la Raccolta d\u2019arte dedicata al pittore a Corinaldo. Risultati che consentono oggi di rileggere il ruolo di Claudio Ridolfi (Verona, 1570 circa \u2013 Corinaldo, 1644) nelle Marche attraverso nuove acquisizioni documentarie e attributive.<\/p>\n<p>A oltre trent\u2019anni dall\u2019ultimo censimento organico dedicato all\u2019artista, pubblicato nel 1994, numerose opere conservate nel territorio corinaldese attendevano ancora una verifica sistematica. Da questa esigenza \u00e8 nato il progetto che ha accompagnato la mostra, avviando una revisione complessiva del corpus ridolfiano locale. La mostra si \u00e8 trasformata cos\u00ec in un vero laboratorio di ricerca, capace di mettere in dialogo opere, fonti d\u2019archivio e indagini sul campo. Ne emerge l\u2019immagine di un contesto artistico particolarmente vitale e di un rapporto profondo tra il pittore e la committenza locale durante il lungo periodo trascorso nelle Marche, dal 1615 fino alla morte. Il metodo di lavoro ha integrato ricerca archivistica, ricognizione diretta delle opere e studio dello stato di conservazione, dimostrando come l\u2019attivit\u00e0 espositiva possa produrre risultati concreti anche sul piano della tutela e della valorizzazione del patrimonio.<\/p>\n<p><img loading=\"lazy\" decoding=\"async\" alt=\"Allestimenti della mostra Mirabilia Marche. Capolavori, innesti e ibridazioni, fra pubblico e privato nell\u2019et\u00e0 di Claudio Ridolfi\" title=\"Allestimenti della mostra Mirabilia Marche. Capolavori, innesti e ibridazioni, fra pubblico e privato nell\u2019et\u00e0 di Claudio Ridolfi\" src=\"https:\/\/www.europesays.com\/it\/wp-content\/uploads\/2026\/07\/mirabilia-marche-allestimenti-1.jpeg\" width=\"750\" height=\"563\" class=\"lazy\"\/>&#13;<br \/>\nAllestimenti della mostra Mirabilia Marche. Capolavori, innesti e ibridazioni, fra pubblico e privato nell\u2019et\u00e0 di Claudio Ridolfi&#13;<\/p>\n<p><img loading=\"lazy\" decoding=\"async\" alt=\"Allestimenti della mostra Mirabilia Marche. Capolavori, innesti e ibridazioni, fra pubblico e privato nell\u2019et\u00e0 di Claudio Ridolfi\" title=\"Allestimenti della mostra Mirabilia Marche. Capolavori, innesti e ibridazioni, fra pubblico e privato nell\u2019et\u00e0 di Claudio Ridolfi\" src=\"https:\/\/www.europesays.com\/it\/wp-content\/uploads\/2026\/07\/mirabilia-marche-allestimenti-2.jpeg\" width=\"750\" height=\"563\" class=\"lazy\"\/>&#13;<br \/>\nAllestimenti della mostra Mirabilia Marche. Capolavori, innesti e ibridazioni, fra pubblico e privato nell\u2019et\u00e0 di Claudio Ridolfi&#13;<\/p>\n<p><img loading=\"lazy\" decoding=\"async\" alt=\"Allestimenti della mostra Mirabilia Marche. Capolavori, innesti e ibridazioni, fra pubblico e privato nell\u2019et\u00e0 di Claudio Ridolfi\" title=\"Allestimenti della mostra Mirabilia Marche. Capolavori, innesti e ibridazioni, fra pubblico e privato nell\u2019et\u00e0 di Claudio Ridolfi\" src=\"https:\/\/www.europesays.com\/it\/wp-content\/uploads\/2026\/07\/mirabilia-marche-allestimenti-3.jpeg\" width=\"750\" height=\"1000\" class=\"lazy\"\/>&#13;<br \/>\nAllestimenti della mostra Mirabilia Marche. Capolavori, innesti e ibridazioni, fra pubblico e privato nell\u2019et\u00e0 di Claudio Ridolfi&#13;<\/p>\n<p><strong>Le fonti e la dispersione del patrimonio<\/strong><\/p>\n<p>A delineare la presenza di Ridolfi nel territorio contribuiscono importanti testimonianze documentarie, tra cui un regesto napoleonico del 1813 e la Nota dei quadri e dipinti notabili redatta dal Governo di Corinaldo il 1\u00b0 luglio 1851. Queste fonti attestano l\u2019esistenza storica di almeno undici dipinti riferibili con certezza all\u2019artista o alla sua cerchia, restituendo l\u2019immagine di una presenza diffusa nel tessuto religioso e civile della citt\u00e0.<\/p>\n<p>La ricognizione ha dovuto confrontarsi anche con le assenze. Alcune opere registrate nelle fonti ottocentesche non sono infatti pi\u00f9 rintracciabili, come la Sant\u2019Anna gi\u00e0 nella chiesa di San Francesco o il gonfalone bifacciale di San Pietro. La loro scomparsa restituisce la misura delle dispersioni che hanno interessato il patrimonio cittadino nel corso dei secoli e ha reso necessario un lavoro di ricostruzione documentaria per reinserirle nella storia artistica locale.<\/p>\n<p><strong>L\u2019apparato di Santa Maria del Piano<\/strong><\/p>\n<p>Tra i recuperi pi\u00f9 importanti figura la macchina lignea proveniente dalla chiesa di Santa Maria del Piano, databile intorno al 1629. Originariamente collocata nell\u2019area absidale, la struttura ospitava una venerata Madonna con Bambino del Trecento, oggi conservata presso la Galleria Nazionale delle Marche. L\u2019apparato costituisce un significativo esempio di integrazione tra architettura, scultura e pittura. Non a caso pu\u00f2 essere accostato a quei \u201cvaghi apparati e pregiate pitture\u201d con cui Vincenzo Maria Cimarelli celebrava l\u2019attivit\u00e0 di Claudio Ridolfi nel 1642.<\/p>\n<p>Dal punto di vista formale, la struttura \u00e8 organizzata secondo una precisa gerarchia decorativa. La parte inferiore mantiene una funzione prevalentemente architettonica, mentre il fastigio superiore accoglie una pittura pi\u00f9 libera e raffinata. In questo settore emergono soprattutto i due angeli collocati alla sommit\u00e0, caratterizzati da cromie morbide e luminose. Proprio questi angeli offrono alcuni degli elementi pi\u00f9 interessanti per l\u2019attribuzione. Le loro caratteristiche trovano infatti confronti convincenti con l\u2019Angelo annunciante del Museo di Castelvecchio e con l\u2019Incoronazione della Vergine di Morro d\u2019Alba, opere che confermano il legame con il linguaggio figurativo di Ridolfi.<\/p>\n<p>Anche il programma iconografico continua a suscitare interesse tra gli studiosi. Gabriele Barucca ha proposto di identificare le figure come allegorie della Fede e della Carit\u00e0, interpretandole quindi nel quadro delle virt\u00f9 teologali. Pi\u00f9 recentemente, Dario Cingolani ha suggerito invece una lettura legata al culto mariano, riconoscendovi una supplice e un\u2019allegoria della fertilit\u00e0. La commissione dell\u2019opera sembra collocarsi durante il rettorato di Andrea Veronica, figura centrale nella vita religiosa e culturale della Corinaldo seicentesca.<\/p>\n<p><img loading=\"lazy\" decoding=\"async\" alt=\"Claudio Ridolfi, Madonna con bambino e i santi Giovanni Battista e Giuseppe (terzo decennio del XVII secolo; olio su tela, 128 x 85 cm; Tivoli, Collezione privata)\" title=\"Claudio Ridolfi, Madonna con bambino e i santi Giovanni Battista e Giuseppe (terzo decennio del XVII secolo; olio su tela, 128 x 85 cm; Tivoli, Collezione privata)\" src=\"https:\/\/www.europesays.com\/it\/wp-content\/uploads\/2026\/07\/claudio-ridolfi-madonna-bambino-santi.jpg\" width=\"750\" height=\"1015\" class=\"lazy\"\/>&#13;<br \/>\nClaudio Ridolfi, Madonna con bambino e i santi Giovanni Battista e Giuseppe (terzo decennio del XVII secolo; olio su tela, 128 x 85 cm; Tivoli, Collezione privata)&#13;<\/p>\n<p><img loading=\"lazy\" decoding=\"async\" alt=\"Claudio Ridolfi, Due angeli e due figure allegoriche, dettaglio (1629 circa; struttura lignea, 298 x 197 cm; Corinaldo, Santa Maria del Piano)\" title=\"Claudio Ridolfi, Due angeli e due figure allegoriche, dettaglio (1629 circa; struttura lignea, 298 x 197 cm; Corinaldo, Santa Maria del Piano)\" src=\"https:\/\/www.europesays.com\/it\/wp-content\/uploads\/2026\/07\/claudio-ridolfi-due-angeli.jpeg\" width=\"750\" height=\"691\" class=\"lazy\"\/>&#13;<br \/>\nClaudio Ridolfi, Due angeli e due figure allegoriche, dettaglio (1629 circa; struttura lignea, 298 x 197 cm; Corinaldo, Santa Maria del Piano)&#13;<\/p>\n<p><strong>Devozione e modelli figurativi<\/strong><\/p>\n<p>Un\u2019altra testimonianza significativa \u00e8 il frammento conservato nella sacrestia della chiesa di Sant\u2019Anna, residuo di una pi\u00f9 ampia Madonna del Rosario realizzata nel secondo decennio del Seicento. Nonostante il precario stato di conservazione, che ha reso necessario un intervento di restauro avviato grazie alla mostra, il dipinto conserva un notevole valore storico e documentario.<\/p>\n<p>Il confronto con le versioni eseguite ad Arcevia nel 1614 e a Candelara tra il 1627 e il 1628 dimostra come Ridolfi ricorresse a modelli consolidati senza mai limitarsi a una ripetizione meccanica. Ogni opera veniva infatti adattata alle esigenze della committenza e alle caratteristiche dello spazio destinato ad accoglierla, producendo esiti differenti pur all\u2019interno di uno stesso schema iconografico.<\/p>\n<p>Uno dei risultati pi\u00f9 significativi sul piano attributivo riguarda tuttavia il Crocefisso spirante della chiesa di San Francesco, databile intorno al 1615. Gi\u00e0 ricondotto all\u2019autografia di Ridolfi da Marisa Baldelli nel 1977, il dipinto assume oggi un ruolo centrale nella comprensione dell\u2019evoluzione stilistica dell\u2019artista.<\/p>\n<p>L\u2019opera rivela un confronto diretto con i modelli di Federico Barocci, in particolare con i crocifissi conservati al Museo del Prado e nella chiesa del Crocifisso di Urbania. Ridolfi semplifica per\u00f2 la composizione eliminando il paesaggio e isolando la figura di Cristo contro uno sfondo scuro, concentrando l\u2019attenzione sul valore emotivo e spirituale della scena. La resa luminosa della carne e la delicata modulazione cromatica testimoniano una piena assimilazione della lezione baroccesca.<\/p>\n<p><img loading=\"lazy\" decoding=\"async\" alt=\"Claudio Ridolfi, Crocefisso spirante, dettaglio (1615 circa; olio su tela, 178 x 135 cm; Corinaldo, San Francesco)\" title=\"Claudio Ridolfi, Crocefisso spirante, dettaglio (1615 circa; olio su tela, 178 x 135 cm; Corinaldo, San Francesco)\" src=\"https:\/\/www.europesays.com\/it\/wp-content\/uploads\/2026\/07\/claudio-ridolfi-crocifisso-spirante.jpg\" width=\"750\" height=\"1000\" class=\"lazy\"\/>&#13;<br \/>\nClaudio Ridolfi, Crocefisso spirante, dettaglio (1615 circa; olio su tela, 178 x 135 cm; Corinaldo, San Francesco)&#13;<\/p>\n<p><strong>Nuove attribuzioni e prospettive museali<\/strong><\/p>\n<p>Proprio durante il lavoro di confronto avviato per la mostra \u00e8 emersa la possibilit\u00e0 di rileggere un piccolo Cristo crocifisso spirante conservato nella Pinacoteca Civica di Corinaldo. L\u2019analisi ravvicinata dell\u2019opera, messa a confronto con il ben pi\u00f9 monumentale Crocefisso spirante di San Francesco, ha evidenziato una serie di affinit\u00e0 stilistiche e tecniche tali da consentirne l\u2019attribuzione a Ridolfi. Databile al secondo decennio del Seicento, l\u2019opera si distingue per la qualit\u00e0 esecutiva e per la raffinata definizione del paesaggio.<\/p>\n<p>Accanto a questo nucleo di opere autografe, la ricerca ha inoltre individuato quattro dipinti riferibili alla bottega, contributi preziosi per comprendere le modalit\u00e0 organizzative dell\u2019officina ridolfiana e la diffusione dei suoi modelli figurativi nel territorio marchigiano.<\/p>\n<p>Uno degli effetti pi\u00f9 concreti della mostra riguarda inoltre il destino della Madonna con Bambino e i santi Giovanni Battista e Giuseppe (terzo decennio del XVII secolo). L\u2019opera, esposta come fulcro del percorso espositivo, \u00e8 oggi al centro di un percorso finalizzato alla sua acquisizione pubblica. Il suo ingresso nella raccolta civica contribuirebbe a rafforzare il percorso permanente dedicato alla pittura del Seicento, offrendo un nuovo punto di riferimento per la lettura dell\u2019attivit\u00e0 di Ridolfi a Corinaldo.<\/p>\n<p><strong>Un cantiere ancora aperto<\/strong><\/p>\n<p>L\u2019esperienza della mostra dimostra come il corpus ridolfiano non possa essere considerato un insieme definitivamente chiuso. Al contrario, le nuove attribuzioni, le opere recuperate e le questioni ancora aperte confermano l\u2019importanza della ricerca sul territorio come strumento essenziale per la conoscenza storico-artistica.<\/p>\n<p>In questa prospettiva Claudio Ridolfi emerge come una figura di raccordo tra tradizione veneta, cultura urbinate e devozione marchigiana. Allo stesso tempo, Corinaldo non appare pi\u00f9 soltanto come il luogo che conserva queste opere, ma come il contesto che ne ha favorito la nascita, la diffusione e, oggi, la loro nuova interpretazione. \u00c8 in questa relazione tra patrimonio, ricerca e territorio che il progetto corinaldese trova il suo significato pi\u00f9 ampio.<\/p>\n<p><a href=\"https:\/\/www.mostralesignoredellarte.it\/\" target=\"_blank\" data-etichetta=\"Banner 3 - Palazzo Cucchiari - Signore\" onclick=\"ga(&#039;send&#039;, &#039;event&#039;, &#039;Click&#039;, &#039;Banner 3 - Palazzo Cucchiari - Signore&#039;, 1);\" rel=\"nofollow noopener\"><br \/>\n\t\t\t<img decoding=\"async\" src=\"https:\/\/www.europesays.com\/it\/wp-content\/uploads\/2026\/07\/1783558004_564_banner finestre sull arte2.jpg\" alt=\"Le Signore dell'Arte - Palazzo Cucchiari, Carrara - dal 27 giugno al 25 ottobre 2026\" onmouseover=\"ga('send', 'event', 'Dwell', 'Banner 3 - Palazzo Cucchiari - Signore', 1);\" title=\"Le Signore dell'Arte - Palazzo Cucchiari, Carrara - dal 27 giugno al 25 ottobre 2026\" class=\"banner_fsa\" fetchpriority=\"high\" id=\"banner_3\" width=\"728\" height=\"90\" style=\"width:728px\"\/><br \/>\n\t\t\t<\/a>\t<\/p>\n<p>\t\t\t\t<img decoding=\"async\" class=\"immagineautoreimg\" src=\"https:\/\/www.europesays.com\/it\/wp-content\/uploads\/2026\/07\/andrea-bruciati.jpg\" title=\"Andrea Bruciati\" alt=\"Andrea Bruciati\"\/><\/p>\n<p style=\"font-size:16px\">L&#8217;autore di questo articolo: <strong>Andrea Bruciati<\/strong><\/p>\n<p>Andrea Bruciati (Corinaldo, 1968), storico dell&#8217;arte, critico d&#8217;arte e curatore, si \u00e8 laureato in conservazione dei beni culturali presso l&#8217;Universit\u00e0 degli studi di Udine con una tesi su Lucio Fontana e Piero Manzoni e da allora ha indirizzato le sue ricerche sull&#8217;arte del Novecento e sull&#8217;arte contemporanea. Nel 2002 \u00e8 stato nominato direttore della galleria comunale d&#8217;arte contemporanea di Monfalcone[1] e dal 2009 al 2012 \u00e8 stato ideatore del format On Stage all&#8217;interno della rassegna scaligera ArtVerona di cui diviene direttore artistico dal gennaio 2013 al febbraio 2017. Dal marzo 2017 al maggio 2025 \u00e8 stato alla guida dell&#8217;istituto autonomo del Ministero della Cultura &#8220;Vill\u00e6&#8221; (nome che lui stesso ha dato all&#8217;ente nel 2018), e che include, tra gli altri siti, Villa Adriana e Villa d&#8217;Este a Tivoli. A Tivoli ha organizzato convegni su Leonardo da Vinci, Adriano, Nerone, la natura antiquaria del giardino storico, ha ideato il Villae Film Festival, Extravillae. \t\t<\/p>\n<p>Se ti \u00e8 piaciuto questo articolo abbonati a Finestre sull&#8217;Arte.<br \/>\n\t\t\t\t\t\tal prezzo di 12,00 euro all&#8217;anno avrai accesso illimitato agli articoli pubblicati sul sito di Finestre sull&#8217;Arte e ci aiuterai a crescere e<br \/>\n\t\t\t\t\t\ta<br \/>\n\t\t\t\t\t\tmantenere la nostra informazione libera e indipendente.<br \/>\n\t\t\t\t\t\t<a href=\"https:\/\/shop.finestresullarte.info\/carrello\/?add-to-cart=8971\" rel=\"nofollow noopener\" target=\"_blank\">ABBONATI&#13;<br \/>\n\t\t\t\t\t\tA <br \/>FINESTRE SULL&#8217;ARTE<\/a><br \/>\n    <\/p>\n","protected":false},"excerpt":{"rendered":"di Andrea Bruciati, pubblicato il 07\/07\/2026 Categorie: News Focus \/ Argomenti: Arte antica &#8211; Marche &#8211; Seicento A&hellip;\n","protected":false},"author":3,"featured_media":576177,"comment_status":"","ping_status":"","sticky":false,"template":"","format":"standard","meta":{"footnotes":"","_share_on_mastodon":"0"},"categories":[1446],"tags":[1615,1657,1613,1614,1611,1610,1612,203,204,1537,90,89,2993,6052],"class_list":["post-576176","post","type-post","status-publish","format-standard","has-post-thumbnail","category-arte-e-design","tag-arte","tag-arte-antica","tag-arte-e-design","tag-arteedesign","tag-arts","tag-arts-and-design","tag-design","tag-entertainment","tag-intrattenimento","tag-it","tag-italia","tag-italy","tag-marche","tag-seicento"],"share_on_mastodon":{"url":"https:\/\/pubeurope.com\/@it\/116887263764242655","error":""},"_links":{"self":[{"href":"https:\/\/www.europesays.com\/it\/wp-json\/wp\/v2\/posts\/576176","targetHints":{"allow":["GET"]}}],"collection":[{"href":"https:\/\/www.europesays.com\/it\/wp-json\/wp\/v2\/posts"}],"about":[{"href":"https:\/\/www.europesays.com\/it\/wp-json\/wp\/v2\/types\/post"}],"author":[{"embeddable":true,"href":"https:\/\/www.europesays.com\/it\/wp-json\/wp\/v2\/users\/3"}],"replies":[{"embeddable":true,"href":"https:\/\/www.europesays.com\/it\/wp-json\/wp\/v2\/comments?post=576176"}],"version-history":[{"count":0,"href":"https:\/\/www.europesays.com\/it\/wp-json\/wp\/v2\/posts\/576176\/revisions"}],"wp:featuredmedia":[{"embeddable":true,"href":"https:\/\/www.europesays.com\/it\/wp-json\/wp\/v2\/media\/576177"}],"wp:attachment":[{"href":"https:\/\/www.europesays.com\/it\/wp-json\/wp\/v2\/media?parent=576176"}],"wp:term":[{"taxonomy":"category","embeddable":true,"href":"https:\/\/www.europesays.com\/it\/wp-json\/wp\/v2\/categories?post=576176"},{"taxonomy":"post_tag","embeddable":true,"href":"https:\/\/www.europesays.com\/it\/wp-json\/wp\/v2\/tags?post=576176"}],"curies":[{"name":"wp","href":"https:\/\/api.w.org\/{rel}","templated":true}]}}