{"id":576381,"date":"2026-07-09T04:56:27","date_gmt":"2026-07-09T04:56:27","guid":{"rendered":"https:\/\/www.europesays.com\/it\/576381\/"},"modified":"2026-07-09T04:56:27","modified_gmt":"2026-07-09T04:56:27","slug":"x-factor-tutte-le-novita-della-nuova-edizione-irama-new-entry-quando-inizia-e-dove-sara-la-finale-non-piu-a-napoli","status":"publish","type":"post","link":"https:\/\/www.europesays.com\/it\/576381\/","title":{"rendered":"X Factor, tutte le novit\u00e0 della nuova edizione: Irama new entry, quando inizia e dove sar\u00e0 la finale (non pi\u00f9 a Napoli)"},"content":{"rendered":"<p>&#13;<br \/>\n                               &#13;<br \/>\n                                                &#13;<br \/>\n                &#13;<\/p>\n<p><a href=\"https:\/\/www.leggo.it\/t\/x-factor\" rel=\"nofollow noopener\" target=\"_blank\">X Factor<\/a> \u00e8 pronto a tornare, con lo stesso format di sempre ma anche con alcune novit\u00e0 rilevanti. I quattro giudici hanno gi\u00e0 iniziato a selezionare i talenti che formeranno le loro squadre e, poche ore fa, hanno svelato la data della messa in onda della prima puntata.\u00a0<\/p>\n<p>&#13;<br \/>\n&#13;<br \/>\nI giudici di X Factor&#13;<br \/>\n&#13;<\/p>\n<p>Tra le novit\u00e0 pi\u00f9 importanti dell&#8217;edizione 2026\/2027 c&#8217;\u00e8 sicuramente un cambio al banco dei giudici. Dopo due stagioni di successo, Achille Lauro ha lasciato il posto a <strong><a href=\"https:\/\/www.leggo.it\/t\/irama\" rel=\"nofollow noopener\" target=\"_blank\">Irama<\/a><\/strong>, accolto con grande entusiasmo dal pubblico. Il cantante classe 1995 sar\u00e0 affiancato da <a href=\"https:\/\/www.leggo.it\/t\/francesco-gabbani\" rel=\"nofollow noopener\" target=\"_blank\">Francesco Gabbani<\/a>, <a href=\"https:\/\/www.leggo.it\/t\/paola-iezzi\" rel=\"nofollow noopener\" target=\"_blank\">Paola Iezzi<\/a> e <a href=\"https:\/\/www.leggo.it\/t\/jake-la-furia\" rel=\"nofollow noopener\" target=\"_blank\">Jake La Furia<\/a>. Alla conduzione \u00e8 stata confermata <a href=\"https:\/\/www.leggo.it\/t\/giorgia\" rel=\"nofollow noopener\" target=\"_blank\">Giorgia<\/a>,\u00a0approdata a X Factor nel 2024 e arrivata ora alla terza\u00a0edizione consecutiva.<\/p>\n<p>&#13;<br \/>\n&#13;<br \/>\nQuando inizia il talent&#13;<br \/>\n&#13;<\/p>\n<p>Con un simpatico video pubblicato sui canali social ufficiali di X Factor, i giudici e la conduttrice hanno svelato ai telespettatori quando andr\u00e0 in onda la prima puntata del talent. La data scelta \u00e8 quella di gioved\u00ec\u00a0<strong>10 settembre 2026<\/strong>, quando il pubblico potr\u00e0 emozionarsi e divertirsi con i provini dei cantanti. Sar\u00e0 possibile vedere lo show su Sky e in streaming su Now.\u00a0<\/p>\n<p>&#13;<br \/>\n&#13;<br \/>\n&#13;<br \/>\n&#13;<br \/>\nDove si svolger\u00e0 la finale&#13;<br \/>\n&#13;<\/p>\n<p>Un&#8217;importante novit\u00e0 riguarder\u00e0 anche <strong>la finale di X Factor<\/strong>. Dopo due anni in cui il talent si \u00e8 spostato a Napoli, in piazza del Plebiscito, per l&#8217;ultima sfida, la produzione ha deciso di riportare lo show a casa. La finale, che decreter\u00e0 il vincitore, si svolger\u00e0 al <strong>Forum di Assago<\/strong>, alle porte di Milano, gi\u00e0 sede di molte altre edizioni.\u00a0<\/p>\n<p>                                &#13;<br \/>\n                &#13;<br \/>\n&#13;<br \/>\n                Ultimo aggiornamento: mercoled\u00ec 8 luglio 2026, 12:44&#13;<br \/>\n                <br \/>&#13;<br \/>\n                &#13;<br \/>\n                  &#13;<br \/>\n                    &#13;<br \/>\n                        \u00a9 RIPRODUZIONE RISERVATA&#13;<\/p>\n<p>&#13;<\/p>\n<p>                    &#13;<\/p>\n","protected":false},"excerpt":{"rendered":"&#13; &#13; &#13; &#13; X Factor \u00e8 pronto a tornare, con lo stesso format di sempre ma anche&hellip;\n","protected":false},"author":3,"featured_media":576382,"comment_status":"","ping_status":"","sticky":false,"template":"","format":"standard","meta":{"footnotes":"","_share_on_mastodon":"0"},"categories":[1444],"tags":[203,24359,125,204,55270,1537,90,89,54488,41572,253,48718],"class_list":["post-576381","post","type-post","status-publish","format-standard","has-post-thumbnail","category-tv","tag-entertainment","tag-francesco-gabbani","tag-giorgia","tag-intrattenimento","tag-irama","tag-it","tag-italia","tag-italy","tag-jake-la-furia","tag-paola-iezzi","tag-tv","tag-x-factor"],"share_on_mastodon":{"url":"https:\/\/pubeurope.com\/@it\/116888245846358610","error":""},"_links":{"self":[{"href":"https:\/\/www.europesays.com\/it\/wp-json\/wp\/v2\/posts\/576381","targetHints":{"allow":["GET"]}}],"collection":[{"href":"https:\/\/www.europesays.com\/it\/wp-json\/wp\/v2\/posts"}],"about":[{"href":"https:\/\/www.europesays.com\/it\/wp-json\/wp\/v2\/types\/post"}],"author":[{"embeddable":true,"href":"https:\/\/www.europesays.com\/it\/wp-json\/wp\/v2\/users\/3"}],"replies":[{"embeddable":true,"href":"https:\/\/www.europesays.com\/it\/wp-json\/wp\/v2\/comments?post=576381"}],"version-history":[{"count":0,"href":"https:\/\/www.europesays.com\/it\/wp-json\/wp\/v2\/posts\/576381\/revisions"}],"wp:featuredmedia":[{"embeddable":true,"href":"https:\/\/www.europesays.com\/it\/wp-json\/wp\/v2\/media\/576382"}],"wp:attachment":[{"href":"https:\/\/www.europesays.com\/it\/wp-json\/wp\/v2\/media?parent=576381"}],"wp:term":[{"taxonomy":"category","embeddable":true,"href":"https:\/\/www.europesays.com\/it\/wp-json\/wp\/v2\/categories?post=576381"},{"taxonomy":"post_tag","embeddable":true,"href":"https:\/\/www.europesays.com\/it\/wp-json\/wp\/v2\/tags?post=576381"}],"curies":[{"name":"wp","href":"https:\/\/api.w.org\/{rel}","templated":true}]}}