{"id":576385,"date":"2026-07-09T04:59:15","date_gmt":"2026-07-09T04:59:15","guid":{"rendered":"https:\/\/www.europesays.com\/it\/576385\/"},"modified":"2026-07-09T04:59:15","modified_gmt":"2026-07-09T04:59:15","slug":"mondiali-dominio-europeo-ma-quarti-per-la-prima-volta-senza-tre-big","status":"publish","type":"post","link":"https:\/\/www.europesays.com\/it\/576385\/","title":{"rendered":"Mondiali: dominio Europeo ma quarti per la prima volta senza tre big"},"content":{"rendered":"<p>                                Dopo quasi un mese e 96 partite giocate restano otto nazionali: sei di queste provenienti dal Vecchio Continente, con 22 dei 26 giocatori della Seleccion tesserati in club europei e 19 dei 26 nordafricani nati in Europa<\/p>\n<p class=\"paragraph\" spellcheck=\"true\">Primo giorno senza partite mondiali dal 10 giugno scorso, quasi un mese fa. Abbiamo consumato 96 dei 104 incontri di questa Coppa del Mondo extralarge, ed eccoci ai quarti di finale. Respiriamo e diamo un\u2019occhiata a ci\u00f2 che resta, e ci\u00f2 che ci aspetta.<\/p>\n<p>        storia eliminata\u2014 \u00a0<\/p>\n<p class=\"paragraph\" spellcheck=\"true\">Prima considerazione, tristemente storica: \u00e8 la prima volta che tra le migliori 8 del torneo non ci sono n\u00e9 Brasile, n\u00e9 Italia n\u00e9 Germania, ovvero le nazionali con pi\u00f9 titoli, 13 in tutto su un totale di 22, il 59%. I quarti nella formula attuale sono stati introdotti nel 1986, ma comunque anche prima, a parte l\u2019edizione inaugurale del 1930, una delle 3 nazioni citate era sempre arrivata non solo nelle prime 8 ma addirittura nelle prime 4, partecipando alle finali 10 volte su 11, unica eccezione Argentina 78 con Italia e Brasile che giocarono la finalina di consolazione. Il problema \u00e8 che Italia e Germania ultimamente hanno lasciato solo il Brasile: noi non andiamo ai quarti dalla vittoria nel 2006 e dal 2014 non andiamo proprio ai Mondiali, la Germania dopo il titolo del 2014 ha rimediato due eliminazioni al primo turno e qui \u00e8 caduta nei sedicesimi. Il Brasile \u00e8 caracollato fino agli ottavi, dove ha perso con la Norvegia.<\/p>\n<p>        grande qualit\u00e0\u2014 \u00a0<\/p>\n<p class=\"paragraph\" spellcheck=\"true\">Seconda considerazione: se non sono quarti di nobilt\u00e0 in termini di titoli (anche se l\u2019Argentina ha vinto 3 volte, la Francia 2 e l\u2019Inghilterra 1, mica poco) s\u00ec che sono quarti di qualit\u00e0 considerato il panorama calcistico degli ultimi anni. Sono rimasti gli ultimi due campioni, Francia e Argentina, i campioni in carica d\u2019Europa, la Spagna, del Sudamerica, l\u2019Argentina, e d\u2019Africa (pur sub iudice), il Marocco. E l\u2019Inghilterra ha perso le ultime due finali degli Europei. Le novit\u00e0 sono solo 3: la Svizzera che non arrivava tra le prime 8 dal 1954 (quando perse 7-5 con l\u2019Austria, senza supplementari\u2026), la Norvegia che non si qualificava dal 1998 e non aveva mai vinto una gara ad eliminazione diretta, e il Belgio, che comunque era nei quarti anche nel 2014 e nel 2018.<\/p>\n<p>        europa dominante\u2014 \u00a0<\/p>\n<p class=\"paragraph\" spellcheck=\"true\">Tra le 8 squadre rimaste 6 vengono dal nostro continente, una in pi\u00f9 rispetto alle ultime due edizioni. Poi ci sono Argentina e Marocco. Ricordiamo che siamo partiti con 16 squadre, ovvero il 29,6% delle 54 federazioni Uefa. Il Sudamerica poteva portare tra il 60 e il 70% delle sue nazionali (alla fine sono state 6 su 10), l\u2019Africa tra il 16,6 e il 18,5 (sono state 10 su 54 dopo i playoff intercontinentali). \u00c8 evidente che l\u2019Europa debba avere molto pi\u00f9 spazio nella mappa delle squadre partecipanti. Anche perch\u00e9 va aggiunto che 22 dei 26 giocatori dell\u2019Argentina \u00e8 tesserato in club europei, e che 19 dei 26 marocchini in Europa sono direttamente nati, e 18 su 26 giocano nei campionati Uefa.<\/p>\n<p>        THOMAS E RUDI\u2014 \u00a0<\/p>\n<p class=\"paragraph\" spellcheck=\"true\">Il Mondiale non \u00e8 mai stato vinto da nazionali guidate da allenatori stranieri, e a cercare di compiere questa impossibile missione  sono rimasti in due: il tedesco Thomas Tuchel sulla panchina dell&#8217;Inghilterra e il francese Rudi Garcia su quella del Belgio. Noi italiani eravamo partiti con 3 tecnici, ma Montella e Cannavaro sono usciti subito, Ancelotti troppo presto.<\/p>\n<p><a class=\"is-partner-link\" href=\"https:\/\/abbonamenti.gazzetta.it\/de-promo-mondiali\/?pwcmp=cta&amp;forceBrowser=true\" rel=\"nofollow noopener\" target=\"_blank\">Gazzetta Mondiale: ogni notte un\u2019edizione straordinaria esclusiva. Non perdertela, abbonati a 1\u20ac\/mese!<\/a><\/p>\n<p>        nel nome del padre\u2014 \u00a0<\/p>\n<p class=\"paragraph\" spellcheck=\"true\">Nell\u2019edizione attuale della Coppa del Mondo c\u2019erano addirittura 18 figli di padri che avevano gi\u00e0 disputato il Mondiale. Hanno giocato in 15, ma ce n\u2019\u00e8 uno che pu\u00f2 diventare l\u2019unico ad alzare il titolo come il pap\u00e0: \u00e8 Marcus Thuram, che gi\u00e0 4 anni fa ha sfiorato l\u2019impresa familiare (Zizou vinse nel 1998) perdendo in finale. Per l\u2019interista sinora tanti acciacchi e appena un minuto di gioco, ma ancora la possibilit\u00e0 di fare storia.<\/p>\n<p class=\"is-copyright\">\u00a9 RIPRODUZIONE RISERVATA<\/p>\n","protected":false},"excerpt":{"rendered":"Dopo quasi un mese e 96 partite giocate restano otto nazionali: sei di queste provenienti dal Vecchio Continente,&hellip;\n","protected":false},"author":3,"featured_media":576386,"comment_status":"","ping_status":"","sticky":false,"template":"","format":"standard","meta":{"footnotes":"","_share_on_mastodon":"0"},"categories":[176],"tags":[3811,3623,8912,2648,317468,1963,291,3734,2037,483,554,31879,23442,18429,4297,2239,3085,1727,1426,27587,4300,3044,3412,2013,1537,90,89,7157,3783,1353,4422,4660,1654,1354,4425,4426,245,244,10976,1567,2200],"class_list":["post-576385","post","type-post","status-publish","format-standard","has-post-thumbnail","category-sport","tag-addirittura","tag-africa","tag-andiamo","tag-argentina","tag-argentina-marocco","tag-attuale","tag-belgio","tag-brasile","tag-campioni","tag-cio","tag-club","tag-club-europei","tag-considerazione","tag-continente","tag-coppa","tag-edizione","tag-europa","tag-europei","tag-finale","tag-finali","tag-francia","tag-germania","tag-giocatori","tag-inghilterra","tag-it","tag-italia","tag-italy","tag-marocco","tag-mese","tag-mondiale","tag-mondiali","tag-nati","tag-nazionali","tag-ne","tag-prime","tag-quarti","tag-sport","tag-sports","tag-squadre","tag-storia","tag-vinto"],"share_on_mastodon":{"url":"https:\/\/pubeurope.com\/@it\/116888257450738706","error":""},"_links":{"self":[{"href":"https:\/\/www.europesays.com\/it\/wp-json\/wp\/v2\/posts\/576385","targetHints":{"allow":["GET"]}}],"collection":[{"href":"https:\/\/www.europesays.com\/it\/wp-json\/wp\/v2\/posts"}],"about":[{"href":"https:\/\/www.europesays.com\/it\/wp-json\/wp\/v2\/types\/post"}],"author":[{"embeddable":true,"href":"https:\/\/www.europesays.com\/it\/wp-json\/wp\/v2\/users\/3"}],"replies":[{"embeddable":true,"href":"https:\/\/www.europesays.com\/it\/wp-json\/wp\/v2\/comments?post=576385"}],"version-history":[{"count":0,"href":"https:\/\/www.europesays.com\/it\/wp-json\/wp\/v2\/posts\/576385\/revisions"}],"wp:featuredmedia":[{"embeddable":true,"href":"https:\/\/www.europesays.com\/it\/wp-json\/wp\/v2\/media\/576386"}],"wp:attachment":[{"href":"https:\/\/www.europesays.com\/it\/wp-json\/wp\/v2\/media?parent=576385"}],"wp:term":[{"taxonomy":"category","embeddable":true,"href":"https:\/\/www.europesays.com\/it\/wp-json\/wp\/v2\/categories?post=576385"},{"taxonomy":"post_tag","embeddable":true,"href":"https:\/\/www.europesays.com\/it\/wp-json\/wp\/v2\/tags?post=576385"}],"curies":[{"name":"wp","href":"https:\/\/api.w.org\/{rel}","templated":true}]}}