{"id":576409,"date":"2026-07-09T05:24:12","date_gmt":"2026-07-09T05:24:12","guid":{"rendered":"https:\/\/www.europesays.com\/it\/576409\/"},"modified":"2026-07-09T05:24:12","modified_gmt":"2026-07-09T05:24:12","slug":"al-bano-qui-cantavo-per-10mila-lire-a-sera","status":"publish","type":"post","link":"https:\/\/www.europesays.com\/it\/576409\/","title":{"rendered":"Al Bano: &#8220;Qui cantavo per 10mila lire a sera&#8221;"},"content":{"rendered":"<p>Rimini non dimentica le canzoni dell\u2019estate, ma soprattutto custodisce le promesse fatte sulle sue spiagge. C\u2019\u00e8 un filo invisibile che lega la <strong>Riviera<\/strong> ad <strong>Al Bano Carrisi<\/strong>, un legame che comincia nel 1966 tra i tavoli della Locanda del lupo e si riavvolge oggi sul palco del <strong>Palacongressi<\/strong>. Con l\u2019immancabile cappello bianco che \u00e8 ormai un suo marchio di fabbrica e un\u2019eleganza piacevolmente informale, l\u2019artista sale sul palco al centro della convention di <strong>Confartigianato Emilia-Romagna<\/strong>. Intervistato dal vice direttore de il Resto del Carlino, Valerio Baroncini, il leone di Cellino San Marco apre il libro dei ricordi, mentre in platea uno striscione riassume la sua parabola: &#8220;Al Bano, la tua voce \u00e8 un capolavoro di artigianato&#8221;. \u00c8 l\u2019elogio del saper fare in un\u2019epoca dominata dal digitale: un timbro e un\u2019anima che nessun robot pu\u00f2 clonare. &#8220;Da ragazzino rubacchiavo da tanti cantanti \u2013 ammette \u2013, ma ci voleva una diversit\u00e0, una rivoluzione per farsi riconoscere. La personalit\u00e0 va oltre la voce. E poi serve la passione: se non hai quella benzina nel serbatoio non fai strada. A me quella benzina salva sempre la vita&#8221;. Il talento, nella sua visione, non \u00e8 una dote immobile, ma &#8220;il motore di un viaggio che ha sempre bisogno di revisioni&#8221;. Una corsa alimentata da una libert\u00e0 che \u00e8 costata anche fatica. &#8220;Quando usc\u00ec Nel sole non ci credeva nessuno. Poi cantai a Un disco per l\u2019estate condotto da Enzo Tortora e fu un successo. Da quel giorno del 1966, ogni volta che canto la situazione cambia&#8221;. Il punto di svolta geografico \u00e8 proprio Rimini. &#8220;La prima volta qui presi 10mila lire a sera. Firmai anche per il 1967 con la famiglia Mulazzani, ma ero gi\u00e0 diventato molto pi\u00f9 famoso l\u2019anno dopo. Tutto arriv\u00f2 nello stesso momento. Ecco perch\u00e9 ogni volta che arrivo a Rimini sento qualcosa di speciale nell\u2019aria&#8221;. <\/p>\n<p>La bussola della memoria si sposta verso Sud, verso una Puglia che allora offriva solo affetto e nessuna opportunit\u00e0. &#8220;Me ne andai contro il parere dei miei genitori. Mio padre mi voleva contadino, mia madre insegnante. Non avevano capito il mio orizzonte&#8221;. La spinta decisiva arriva dal ricordo di una ferita domestica. &#8220;Vivevamo in due stanze, con cortile e stalla. Dalla mia stanza sentii il dialogo dei miei: avevano incassato 800mila lire, praticamente niente. Pensai di dovercela fare, come ci era riuscito Domenico Modugno. Quel discorso dei miei non mi abbandona mai&#8221;. Il destino chiude poi il cerchio, trasformando il ragazzo in un imprenditore che fa fruttare la propria terra. &#8220;Non pensavo di tornare in Puglia, per\u00f2 il destino rimescol\u00f2 le carte: mi chiamarono per fare un film e l\u00ec conobbi Romina Power&#8221;. Da l\u00ec nasce l\u2019attivit\u00e0 legata al vino e all\u2019accoglienza, radicata nello stesso suolo da cui scappa. &#8220;In fondo \u2013 conclude mentre l\u2019auditorium si scioglie in un applauso \u2013 sono un buon artigiano della mia esistenza&#8221;. Il finale, per\u00f2, non poteva che essere scritto in musica. Un\u2019esibizione che accende l\u2019entusiasmo della platea e trasforma l\u2019applauso finale in una memorabile standing ovation.<\/p>\n<p>Donatella Filippi<\/p>\n","protected":false},"excerpt":{"rendered":"Rimini non dimentica le canzoni dell\u2019estate, ma soprattutto custodisce le promesse fatte sulle sue spiagge. C\u2019\u00e8 un filo&hellip;\n","protected":false},"author":3,"featured_media":576410,"comment_status":"","ping_status":"","sticky":false,"template":"","format":"standard","meta":{"footnotes":"","_share_on_mastodon":"0"},"categories":[1443],"tags":[44095,8814,203,204,1537,90,89,23055,1538,1539,13287],"class_list":["post-576409","post","type-post","status-publish","format-standard","has-post-thumbnail","category-musica","tag-bano","tag-cantavo","tag-entertainment","tag-intrattenimento","tag-it","tag-italia","tag-italy","tag-lire","tag-music","tag-musica","tag-sera"],"share_on_mastodon":{"url":"https:\/\/pubeurope.com\/@it\/116888356239478267","error":""},"_links":{"self":[{"href":"https:\/\/www.europesays.com\/it\/wp-json\/wp\/v2\/posts\/576409","targetHints":{"allow":["GET"]}}],"collection":[{"href":"https:\/\/www.europesays.com\/it\/wp-json\/wp\/v2\/posts"}],"about":[{"href":"https:\/\/www.europesays.com\/it\/wp-json\/wp\/v2\/types\/post"}],"author":[{"embeddable":true,"href":"https:\/\/www.europesays.com\/it\/wp-json\/wp\/v2\/users\/3"}],"replies":[{"embeddable":true,"href":"https:\/\/www.europesays.com\/it\/wp-json\/wp\/v2\/comments?post=576409"}],"version-history":[{"count":0,"href":"https:\/\/www.europesays.com\/it\/wp-json\/wp\/v2\/posts\/576409\/revisions"}],"wp:featuredmedia":[{"embeddable":true,"href":"https:\/\/www.europesays.com\/it\/wp-json\/wp\/v2\/media\/576410"}],"wp:attachment":[{"href":"https:\/\/www.europesays.com\/it\/wp-json\/wp\/v2\/media?parent=576409"}],"wp:term":[{"taxonomy":"category","embeddable":true,"href":"https:\/\/www.europesays.com\/it\/wp-json\/wp\/v2\/categories?post=576409"},{"taxonomy":"post_tag","embeddable":true,"href":"https:\/\/www.europesays.com\/it\/wp-json\/wp\/v2\/tags?post=576409"}],"curies":[{"name":"wp","href":"https:\/\/api.w.org\/{rel}","templated":true}]}}