{"id":576549,"date":"2026-07-09T08:07:18","date_gmt":"2026-07-09T08:07:18","guid":{"rendered":"https:\/\/www.europesays.com\/it\/576549\/"},"modified":"2026-07-09T08:07:18","modified_gmt":"2026-07-09T08:07:18","slug":"sfera-ebbasta-in-concerto-a-milano-san-siro-festa-per-i-10-anni-di-carriera-annunciato-album","status":"publish","type":"post","link":"https:\/\/www.europesays.com\/it\/576549\/","title":{"rendered":"Sfera Ebbasta in concerto a Milano\u00a0San\u00a0Siro, festa per i 10 anni di carriera. Annunciato album"},"content":{"rendered":"<p>Sfera Ebbasta ha ripercorso dieci anni di carriera. Quaranta ballerine e fuochi d\u2019artificio per una ricca scaletta.\u00a0Il Duomo, simbolo per eccellenza del capoluogo meneghino, al centro della scenografia. Ospiti Tedua, Pyrex, Drefgold, Feid, Marracash, Gu\u00e8, Anna, Lazza e Shiva. Annunciato il nuovo album. Aperto il preorder esclusivo di una versione limitata in vinile e cd per sole 48 ore<\/p>\n<p><strong>Sfera<\/strong> <strong>Ebbasta<\/strong> ha chiamato, Milano ha risposto. Mercoled\u00ec 8 luglio il trapper ha celebrato dieci anni di carriera con il primo dei due spettacoli in programma nella Scala del calcio. L\u2019artista ha ripercorso un decennio entrato nella storia della musica mondiale con 240 dischi di platino, 39 dischi d\u2019oro e pi\u00f9 di 7 miliardi di streaming. Negli anni Sfera Ebbasta ha conquistato un posto nella scena internazionale al fianco dei pi\u00f9 grandi artisti della trap mondiale. In chiusura, l\u2019artista ha mostrato una piccola anteprima di un inedito sorprendendo tutti con l\u2019annuncio del nuovo album. Aperto il preorder esclusivo di una versione limitata in vinile e cd per sole 48 ore. Bis allo <strong>stadio San Siro<\/strong> previsto per oggi, gioved\u00ec 9 luglio.<\/p>\n<p>\t\t \tsfera ebbasta SUL PALCO DI SAN SIRO: &#8220;bello essere a casa&#8221;<\/p>\n<p>\u00a0<\/p>\n<p><a data-intcmp=\"skytg24_foglia articolo_interlink_text\" href=\"https:\/\/tg24.sky.it\/spettacolo\/musica\/2025\/12\/03\/spotify-wrapped-2025-classifica\" rel=\"nofollow noopener\" target=\"_blank\">L\u2019artista<\/a> ha scelto di aprire la serata con Ciny ripercorrendo la sua strada proprio dalle origini: Cinisello Balsamo. <strong>Il Duomo<\/strong>, simbolo per eccellenza del capoluogo meneghino, ha svettato imponentemente sul palco. Il profilo dell\u2019iconica Cattedrale ha fatto da sfondo alle tante canzoni proposte. Quaranta ballerine hanno seguito l\u2019artista brano dopo brano per uno spettacolo destinato a fare la storia del live entertainment. Fiamme ed effetti speciali per il trapper che ha indelebilmente segnato il corso della musica.<\/p>\n<p>\u00a0<\/p>\n<p><strong>Tedua<\/strong>, reduce dal suo primo grande show allo stadio San Siro, \u00e8 stato il primo ospite della serata. <a data-intcmp=\"skytg24_foglia articolo_interlink_text\" href=\"https:\/\/tg24.sky.it\/spettacolo\/musica\/2026\/06\/25\/tedua-concerto-milano-san-siro\" rel=\"nofollow noopener\" target=\"_blank\">La voce di Chuniri<\/a> \u00e8 salita sul palco per Lingerie. Dopo aver congedato l\u2019amico fraterno, Sfera Ebbasta ha rivolto un saluto alle decine di migliaia di persone presenti: \u201cGrazie di cuore per essere qua, <strong>celebriamo dieci anni di carriera<\/strong>. Incredibile!\u201d. Grande entusiasmo per l\u2019ingresso di <strong>Pyrex<\/strong>. Sfera Ebbasta ha costruito una scaletta per raccontare <strong>la<\/strong> <strong>sua ascesa<\/strong>. Dopo Ricchi x Sempre, il cantante ha dichiarato: \u201cAbbiamo iniziato con i singoli pi\u00f9 street prendendoci il nostro quartiere, poi Milano, in seguito la Lombardia e poi \u00e8 uscito<strong> il disco che mi ha letteralmente cambiato la vita: <\/strong>Rockstar\u201d. I visual, proiettati su 600 metri quadri di schermo, hanno ripercorso le estetiche delle varie ere discografiche. Il pubblico, composto principalmente da giovani, ha seguito pedissequamente l\u2019artista intonando ogni singola sillaba. Dopo Pablo, Sfera Ebbasta ha accolto <strong>Drefgold<\/strong> per Sciroppo.<\/p>\n<p>\u00a0<\/p>\n<p>Negli anni Sfera Ebbasta \u00e8 rimasto sempre fedele a s\u00e9 stesso muovendosi per\u00f2 anche tra diversi generi fino a ottenere importanti attestati di stima. L&#8217;artista colombiano\u00a0<strong>Feid<\/strong>, accolto come \u2018una leggenda vivente\u2019, ha raggiunto Milano per proporre PIENXA EN MI. Spazio anche all\u2019esibizione di Luna.<\/p>\n<p>\t\t\t<a class=\"c-inline-card j-inline-card c-inline-card--with-image\" href=\"https:\/\/tg24.sky.it\/spettacolo\/musica\/2025\/09\/02\/sfera-ebbasta-drake-milano-concerto\" rel=\"follow nofollow noopener\" data-intcmp=\"skytg24_articolo_approfondimenti_inline\" target=\"_blank\"><\/p>\n<p>\t\t\t         <img decoding=\"async\" crossorigin=\"anonymous\" alt=\"\" src=\"https:\/\/www.europesays.com\/it\/wp-content\/uploads\/2026\/07\/sfera_ebbasta_concerto_drake__GettyImages-2230199390.jpg\"  loading=\"lazy\"  bad-src=\"https:\/\/www.europesays.com\/it\/wp-content\/uploads\/2026\/07\/sfera_ebbasta_concerto_drake__GettyImages-2230199390.jpg\"\/><\/p>\n<p>\n\t\t\t         Approfondimento<br \/>\n\t\t\t         Sfera Ebbasta sul palco con Drake a Milano\n\t\t\t      <\/p>\n<p>\t\t\t<\/a><\/p>\n<p>Una voce fuori campo ha presentato il secondo atto dello show: \u201cVincere non \u00e8 solo una ricompensa, ma una responsabilit\u00e0\u201d. Sotto <strong>una grande luna<\/strong> di quattro metri di diametro, Sfera Ebbasta ha illuminato lo stadio con Notti: \u201c\u00c8 sempre bello essere a casa\u201d. L\u2019artista ha proposto Bottiglie Priv\u00e8 tra le guglie del Duomo accogliendo il grande abbraccio del pubblico. Sfera Ebbasta ha introdotto 15 piani con <strong>Marracash<\/strong>: \u201d\u00c8 dedicato a tutti i ragazzi di quartiere che hanno un sogno. Non riponete i vostri sogni perch\u00e9 niente \u00e8 impossibile, questo \u00e8 per tutti i ragazzi cresciuti nei palazzi\u201d. <strong>Gu\u00e8<\/strong> si \u00e8 unito per Tik Tok. Dopo aver salutato il King del rap, i due artisti hanno infiammato con Cookies N&#8217; cream in compagnia di <strong>Anna<\/strong>.<\/p>\n<p>\u00a0<\/p>\n<p><a data-intcmp=\"skytg24_foglia articolo_interlink_text\" href=\"https:\/\/tg24.sky.it\/spettacolo\/musica\/2025\/06\/13\/sfera-ebbasta-shiva-neon\" rel=\"nofollow noopener\" target=\"_blank\">Il trapper<\/a> ha dedicato Giovani Re al pubblico: \u201c\u00c8 da un mese che penso a cosa poter dire in una situazione del genere, ma a volte le parole sono superflue, grazie a ogni singola persona che si trova qui questa sera. Alcune volte, ancora, non mi sembra vero, per me siete come una seconda famiglia, anche se non ci conosciamo\u201d. Magia sulle note di Piove con <strong>Lazza<\/strong>. <strong>Shiva<\/strong>, ultimo ospite della serata, \u00e8 salito sul palco per una tripletta: D&amp;G, Non metterci becco e Neon. In chiusura, Sfera Ebbasta ha svelato una piccola anteprima di un inedito sorprendendo tutti con l\u2019annuncio del nuovo album.<\/p>\n<p>\t\t\t<a class=\"c-inline-card j-inline-card c-inline-card--with-image\" href=\"https:\/\/tg24.sky.it\/spettacolo\/musica\/2025\/06\/13\/sfera-ebbasta-shiva-neon\" rel=\"follow nofollow noopener\" data-intcmp=\"skytg24_articolo_approfondimenti_inline\" target=\"_blank\"><\/p>\n<p>\t\t\t         <img decoding=\"async\" crossorigin=\"anonymous\" alt=\"\" src=\"https:\/\/www.europesays.com\/it\/wp-content\/uploads\/2026\/05\/53-sfera-ebbasta-shiva-ipa.jpg\"  loading=\"lazy\"  bad-src=\"https:\/\/www.europesays.com\/it\/wp-content\/uploads\/2026\/05\/53-sfera-ebbasta-shiva-ipa.jpg\"\/><\/p>\n<p>\n\t\t\t         Approfondimento<br \/>\n\t\t\t         Sfera Ebbasta e Shiva pubblicano il videoclip di Neon\n\t\t\t      <\/p>\n<p>\t\t\t<\/a><\/p>\n<p>Dopo il doppio appuntamento allo stadio San Siro di <strong>Milano<\/strong>, Sfera Ebbasta continuer\u00e0 la tourn\u00e9e estiva con i concerti in programma a <strong>Firenze<\/strong>, <strong>Villorba<\/strong>, <strong>Salerno<\/strong>, <strong>Palermo<\/strong> e <strong>Gallipoli<\/strong>. Questo il calendario con i dettagli degli appuntamenti live:<\/p>\n<ul>\n<li>12 luglio, Firenze &#8211; Visarno Arena<\/li>\n<li>16 luglio, Villorba (TV) &#8211; Arena della Marca<\/li>\n<li>25 luglio, Salerno &#8211; SalernoSounds<\/li>\n<li>1\u00b0 agosto, Palermo &#8211; Velodromo Borsellino<\/li>\n<li>14 agosto, Gallipoli (LE) &#8211; Oversound Music Festival<\/li>\n<\/ul>\n<p>\u00a0<\/p>\n<p>Questa <strong>la scaletta completa <\/strong>del concerto di mercoled\u00ec 8 luglio allo stadio San Siro di Milano:<\/p>\n<p>\u00a0<\/p>\n<p>1. INTRO<\/p>\n<p>2. CINY<\/p>\n<p>3. PANETTE<\/p>\n<p>4. CAVALLINI<\/p>\n<p>5. LINGERIE ft Tedua<\/p>\n<p>6. PARLATO<\/p>\n<p>7. XDVR<\/p>\n<p>8. FIORI DEL MALE + DARKMONEY ft Pyrex<\/p>\n<p>9. BRNBQ<\/p>\n<p>10. BANG BANG<\/p>\n<p>11. ACCENSIONE \u201cMONEY GANG\u201d<\/p>\n<p>12. 20 COLLANE<\/p>\n<p>13. SERPENTI A SONAGLI<\/p>\n<p>14. RICCHI PER SEMPRE<\/p>\n<p>15. ROCKSTAR<\/p>\n<p>16. PARLATO<\/p>\n<p>17. CUPIDO<\/p>\n<p>18. HAPPY BIRTHDAY<\/p>\n<p>19. PABLO<\/p>\n<p>20. SCIROPPO ft Drefgold<\/p>\n<p>21. TRAN TRAN<\/p>\n<p>22. PIENXA EN MI ft Feid<\/p>\n<p>23. LUNA (solo Feid)<\/p>\n<p>24. INTERMEZZO<\/p>\n<p>25. NOTTI<\/p>\n<p>26. BOTTIGLIE PRIV\u00c9<\/p>\n<p>27. 15 PIANI ft Marracash<\/p>\n<p>28. TIK TOK ft Marracash + Gu\u00e8<\/p>\n<p>29. COOKIES\u2019N CREAM ft Gu\u00e8 + Anna<\/p>\n<p>30. VDLC<\/p>\n<p>31. GIOVANI RE<\/p>\n<p>32. MOMENTO \u201cMONEY GANG\u201d<\/p>\n<p>33. CALCOLATICI + G63<\/p>\n<p>34. PIOVE ft Lazza<\/p>\n<p>35. D&amp;G ft Shiva<\/p>\n<p>36. NON METTERCI BECCO ft Shiva<\/p>\n<p>37. NEON ft Shiva<\/p>\n<p>38. AYAYAY<\/p>\n<p>39. BIS<\/p>\n<p>40. VISIERA A BECCO<\/p>\n<p>\t\t\t<a class=\"c-inline-card j-inline-card c-inline-card--with-image\" href=\"https:\/\/tg24.sky.it\/spettacolo\/musica\/2025\/04\/11\/album-sfera-ebbasta-shiva-santana-money-gang\" rel=\"follow nofollow noopener\" data-intcmp=\"skytg24_articolo_approfondimenti_inline\" target=\"_blank\"><\/p>\n<p>\t\t\t         <img decoding=\"async\" crossorigin=\"anonymous\" alt=\"\" src=\"https:\/\/www.europesays.com\/it\/wp-content\/uploads\/2026\/05\/sfera-ebbasta-shiva-ipa.jpg\"  loading=\"lazy\"  bad-src=\"https:\/\/www.europesays.com\/it\/wp-content\/uploads\/2026\/05\/sfera-ebbasta-shiva-ipa.jpg\"\/><\/p>\n<p>\n\t\t\t         Approfondimento<br \/>\n\t\t\t         Sfera Ebbasta e Shiva, \u00e8 uscito il joint album Santana Money Gang\n\t\t\t      <\/p>\n<p>\t\t\t<\/a><\/p>\n<p>\t            TAG:<\/p>\n","protected":false},"excerpt":{"rendered":"Sfera Ebbasta ha ripercorso dieci anni di carriera. Quaranta ballerine e fuochi d\u2019artificio per una ricca scaletta.\u00a0Il Duomo,&hellip;\n","protected":false},"author":3,"featured_media":576550,"comment_status":"","ping_status":"","sticky":false,"template":"","format":"standard","meta":{"footnotes":"","_share_on_mastodon":"0"},"categories":[1443],"tags":[2943,203,204,1537,90,89,1538,1539,7601],"class_list":["post-576549","post","type-post","status-publish","format-standard","has-post-thumbnail","category-musica","tag-concerti","tag-entertainment","tag-intrattenimento","tag-it","tag-italia","tag-italy","tag-music","tag-musica","tag-sfera-ebbasta"],"share_on_mastodon":{"url":"https:\/\/pubeurope.com\/@it\/116888997722649477","error":""},"_links":{"self":[{"href":"https:\/\/www.europesays.com\/it\/wp-json\/wp\/v2\/posts\/576549","targetHints":{"allow":["GET"]}}],"collection":[{"href":"https:\/\/www.europesays.com\/it\/wp-json\/wp\/v2\/posts"}],"about":[{"href":"https:\/\/www.europesays.com\/it\/wp-json\/wp\/v2\/types\/post"}],"author":[{"embeddable":true,"href":"https:\/\/www.europesays.com\/it\/wp-json\/wp\/v2\/users\/3"}],"replies":[{"embeddable":true,"href":"https:\/\/www.europesays.com\/it\/wp-json\/wp\/v2\/comments?post=576549"}],"version-history":[{"count":0,"href":"https:\/\/www.europesays.com\/it\/wp-json\/wp\/v2\/posts\/576549\/revisions"}],"wp:featuredmedia":[{"embeddable":true,"href":"https:\/\/www.europesays.com\/it\/wp-json\/wp\/v2\/media\/576550"}],"wp:attachment":[{"href":"https:\/\/www.europesays.com\/it\/wp-json\/wp\/v2\/media?parent=576549"}],"wp:term":[{"taxonomy":"category","embeddable":true,"href":"https:\/\/www.europesays.com\/it\/wp-json\/wp\/v2\/categories?post=576549"},{"taxonomy":"post_tag","embeddable":true,"href":"https:\/\/www.europesays.com\/it\/wp-json\/wp\/v2\/tags?post=576549"}],"curies":[{"name":"wp","href":"https:\/\/api.w.org\/{rel}","templated":true}]}}