{"id":576643,"date":"2026-07-09T09:27:15","date_gmt":"2026-07-09T09:27:15","guid":{"rendered":"https:\/\/www.europesays.com\/it\/576643\/"},"modified":"2026-07-09T09:27:15","modified_gmt":"2026-07-09T09:27:15","slug":"temptation-island-2026-cose-successo-nella-terza-puntata-l8-luglio","status":"publish","type":"post","link":"https:\/\/www.europesays.com\/it\/576643\/","title":{"rendered":"Temptation Island 2026, cos&#8217;\u00e8 successo nella terza puntata, l&#8217;8 luglio"},"content":{"rendered":"<p class=\"paragraph\" spellcheck=\"true\">Un&#8217;altra serata di passioni incandescenti e verdetti al vetriolo. Nella terza puntata di Temptation Island, andata in onda <a href=\"https:\/\/www.gazzetta.it\/spettacolo-tv-gossip\/08-07-2026\/temptation-island-2026-anticipazioni-puntata-mercoledi-8-luglio.shtml?intcmp=hyperlink-articolo-gazit\" title=\"Temptation Island 2026: le anticipazioni di mercoled\u00ec 8 luglio\" target=\"_blank\" rel=\"nofollow noopener\">mercoled\u00ec 8 luglio<\/a>, non sono mancate le sorprese. C&#8217;\u00e8 chi ha scelto di dire basta a una relazione che durava da sette anni, chi si \u00e8 lasciato andare alla complicit\u00e0 con un tentatore e chi, invece, ha dato vita a un confronto senza precedenti: <b>un fal\u00f2 a tre<\/b>. Dal canto suo, <b>Giovanni<\/b> appare sempre pi\u00f9 amareggiato per il rapporto tra <b>Sabrina e il single Lory<\/b>. Ecco cosa \u00e8 successo ieri.<\/p>\n","protected":false},"excerpt":{"rendered":"Un&#8217;altra serata di passioni incandescenti e verdetti al vetriolo. Nella terza puntata di Temptation Island, andata in onda&hellip;\n","protected":false},"author":3,"featured_media":576644,"comment_status":"","ping_status":"","sticky":false,"template":"","format":"standard","meta":{"footnotes":"","_share_on_mastodon":"0"},"categories":[1444],"tags":[3383,11747,1420,20330,2295,17278,2491,311724,16840,203,8208,8209,317634,10453,317694,9435,5849,44466,1482,24887,317695,2759,204,1537,90,89,8202,8205,290306,1886,18673,253],"class_list":["post-576643","post","type-post","status-publish","format-standard","has-post-thumbnail","category-tv","tag-alessandra","tag-anticipato","tag-appare","tag-bisciglia","tag-cambiato","tag-commentato","tag-confronto","tag-confronto-anticipato","tag-cristian","tag-entertainment","tag-falo","tag-falo-confronto","tag-falo-confronto-anticipato","tag-fidanzata","tag-fidanzata-tentatore","tag-filippo","tag-filippo-bisciglia","tag-filmati","tag-gabriele","tag-giada","tag-giada-alessandra","tag-giovanni","tag-intrattenimento","tag-it","tag-italia","tag-italy","tag-puntata","tag-single","tag-soraya","tag-successo","tag-tentatore","tag-tv"],"share_on_mastodon":{"url":"https:\/\/pubeurope.com\/@it\/116889311633032218","error":""},"_links":{"self":[{"href":"https:\/\/www.europesays.com\/it\/wp-json\/wp\/v2\/posts\/576643","targetHints":{"allow":["GET"]}}],"collection":[{"href":"https:\/\/www.europesays.com\/it\/wp-json\/wp\/v2\/posts"}],"about":[{"href":"https:\/\/www.europesays.com\/it\/wp-json\/wp\/v2\/types\/post"}],"author":[{"embeddable":true,"href":"https:\/\/www.europesays.com\/it\/wp-json\/wp\/v2\/users\/3"}],"replies":[{"embeddable":true,"href":"https:\/\/www.europesays.com\/it\/wp-json\/wp\/v2\/comments?post=576643"}],"version-history":[{"count":0,"href":"https:\/\/www.europesays.com\/it\/wp-json\/wp\/v2\/posts\/576643\/revisions"}],"wp:featuredmedia":[{"embeddable":true,"href":"https:\/\/www.europesays.com\/it\/wp-json\/wp\/v2\/media\/576644"}],"wp:attachment":[{"href":"https:\/\/www.europesays.com\/it\/wp-json\/wp\/v2\/media?parent=576643"}],"wp:term":[{"taxonomy":"category","embeddable":true,"href":"https:\/\/www.europesays.com\/it\/wp-json\/wp\/v2\/categories?post=576643"},{"taxonomy":"post_tag","embeddable":true,"href":"https:\/\/www.europesays.com\/it\/wp-json\/wp\/v2\/tags?post=576643"}],"curies":[{"name":"wp","href":"https:\/\/api.w.org\/{rel}","templated":true}]}}